{"id":283,"date":"2019-10-04T14:41:28","date_gmt":"2019-10-04T14:41:28","guid":{"rendered":"https:\/\/gruposae.online\/?p=283"},"modified":"2021-09-17T14:48:29","modified_gmt":"2021-09-17T14:48:29","slug":"grupo-sae-participa-en-la-jornada-autonomos-espejo-de-un-pais-organizada-por-facemap","status":"publish","type":"post","link":"https:\/\/gruposae.online\/index.php\/2019\/10\/04\/grupo-sae-participa-en-la-jornada-autonomos-espejo-de-un-pais-organizada-por-facemap\/","title":{"rendered":"GRUPO SAE PARTICIPA EN LA JORNADA \u201cAUT\u00d3NOMOS: ESPEJO DE UN PA\u00cdS\u201d ORGANIZADA POR FACEMAP"},"content":{"rendered":"<div>\n<p>El pasado d\u00eda 26 de septiembre, tuvo lugar la Jornada \u201cAut\u00f3nomos: Espejo de un Pa\u00eds\u201d organizada por la Federaci\u00f3n de Aut\u00f3nomos, Comerciantes y Empresarios de M\u00e1laga y Provincia (FACEMAP), celebrada en Sal\u00f3n de Plenos de la C\u00e1mara Oficial de Comercio, Industria, Navegaci\u00f3n y Servicios de la Provincia de M\u00e1laga.<\/p>\n<\/div>\n<div>\n<p>Grupo SAE, cont\u00f3 con la Ponencia dedicada a los Contratos de Formaci\u00f3n y Aprendizaje. En la misma estuvieron presentes El Presidente de FACEMAP, Concejalas del \u00c1rea de Econom\u00eda y Hacienda del Excmo. Ayuntamiento de M\u00e1laga, responsables del \u00c1rea de Empleo y Formaci\u00f3n de la Diputaci\u00f3n, as\u00ed como la Diputada en el Congreso por M\u00e1laga del partido Ciudadanos, D\u00aa Irene Rivera, y diferentes empresas asociadas a FACEMAP.<\/p>\n<p><img loading=\"lazy\" class=\"size-medium wp-image-285 aligncenter\" src=\"https:\/\/gruposae.online\/wp-content\/uploads\/2021\/09\/jornadaFacemap26sepAsistentes-300x187.jpg\" alt=\"\" width=\"300\" height=\"187\" srcset=\"https:\/\/gruposae.online\/wp-content\/uploads\/2021\/09\/jornadaFacemap26sepAsistentes-300x187.jpg 300w, https:\/\/gruposae.online\/wp-content\/uploads\/2021\/09\/jornadaFacemap26sepAsistentes-768x479.jpg 768w, https:\/\/gruposae.online\/wp-content\/uploads\/2021\/09\/jornadaFacemap26sepAsistentes-234x146.jpg 234w, https:\/\/gruposae.online\/wp-content\/uploads\/2021\/09\/jornadaFacemap26sepAsistentes-50x31.jpg 50w, https:\/\/gruposae.online\/wp-content\/uploads\/2021\/09\/jornadaFacemap26sepAsistentes-120x75.jpg 120w, https:\/\/gruposae.online\/wp-content\/uploads\/2021\/09\/jornadaFacemap26sepAsistentes.jpg 850w\" sizes=\"(max-width: 300px) 100vw, 300px\" \/><\/p>\n<\/div>\n","protected":false},"excerpt":{"rendered":"<p>El pasado d\u00eda 26 de septiembre, tuvo lugar la Jornada \u201cAut\u00f3nomos: Espejo de un Pa\u00eds\u201d organizada por la Federaci\u00f3n de Aut\u00f3nomos, Comerciantes y Empresarios de M\u00e1laga<span class=\"excerpt-hellip\"> [\u2026]<\/span><\/p>\n","protected":false},"author":1,"featured_media":284,"comment_status":"open","ping_status":"open","sticky":false,"template":"","format":"standard","meta":[],"categories":[1],"tags":[],"yoast_head":"<!-- This site is optimized with the Yoast SEO plugin v17.3 - https:\/\/yoast.com\/wordpress\/plugins\/seo\/ -->\n<title>GRUPO SAE PARTICIPA EN LA JORNADA \u201cAUT\u00d3NOMOS: ESPEJO DE UN PA\u00cdS\u201d ORGANIZADA POR FACEMAP - Grupo SAE<\/title>\n<meta name=\"robots\" content=\"index, follow, max-snippet:-1, max-image-preview:large, max-video-preview:-1\" \/>\n<link rel=\"canonical\" href=\"https:\/\/gruposae.online\/index.php\/2019\/10\/04\/grupo-sae-participa-en-la-jornada-autonomos-espejo-de-un-pais-organizada-por-facemap\/\" \/>\n<meta property=\"og:locale\" content=\"es_ES\" \/>\n<meta property=\"og:type\" content=\"article\" \/>\n<meta property=\"og:title\" content=\"GRUPO SAE PARTICIPA EN LA JORNADA \u201cAUT\u00d3NOMOS: ESPEJO DE UN PA\u00cdS\u201d ORGANIZADA POR FACEMAP - Grupo SAE\" \/>\n<meta property=\"og:description\" content=\"El pasado d\u00eda 26 de septiembre, tuvo lugar la Jornada \u201cAut\u00f3nomos: Espejo de un Pa\u00eds\u201d organizada por la Federaci\u00f3n de Aut\u00f3nomos, Comerciantes y Empresarios de M\u00e1laga [\u2026]\" \/>\n<meta property=\"og:url\" content=\"https:\/\/gruposae.online\/index.php\/2019\/10\/04\/grupo-sae-participa-en-la-jornada-autonomos-espejo-de-un-pais-organizada-por-facemap\/\" \/>\n<meta property=\"og:site_name\" content=\"Grupo SAE\" \/>\n<meta property=\"article:published_time\" content=\"2019-10-04T14:41:28+00:00\" \/>\n<meta property=\"article:modified_time\" content=\"2021-09-17T14:48:29+00:00\" \/>\n<meta property=\"og:image\" content=\"https:\/\/gruposae.online\/wp-content\/uploads\/2021\/09\/a63cd9e38964634741a5a3fe89055308_XL.jpg\" \/>\n\t<meta property=\"og:image:width\" content=\"1200\" \/>\n\t<meta property=\"og:image:height\" content=\"748\" \/>\n<meta name=\"twitter:card\" content=\"summary_large_image\" \/>\n<meta name=\"twitter:label1\" content=\"Escrito por\" \/>\n\t<meta name=\"twitter:data1\" content=\"admin\" \/>\n\t<meta name=\"twitter:label2\" content=\"Tiempo de lectura\" \/>\n\t<meta name=\"twitter:data2\" content=\"1 minuto\" \/>\n<script type=\"application\/ld+json\" class=\"yoast-schema-graph\">{\"@context\":\"https:\/\/schema.org\",\"@graph\":[{\"@type\":\"Organization\",\"@id\":\"https:\/\/gruposae.online\/#organization\",\"name\":\"Grupo SAE\",\"url\":\"https:\/\/gruposae.online\/\",\"sameAs\":[],\"logo\":{\"@type\":\"ImageObject\",\"@id\":\"https:\/\/gruposae.online\/#logo\",\"inLanguage\":\"es\",\"url\":\"https:\/\/gruposae.online\/wp-content\/uploads\/2021\/08\/logo-gruposae-header.png\",\"contentUrl\":\"https:\/\/gruposae.online\/wp-content\/uploads\/2021\/08\/logo-gruposae-header.png\",\"width\":335,\"height\":70,\"caption\":\"Grupo SAE\"},\"image\":{\"@id\":\"https:\/\/gruposae.online\/#logo\"}},{\"@type\":\"WebSite\",\"@id\":\"https:\/\/gruposae.online\/#website\",\"url\":\"https:\/\/gruposae.online\/\",\"name\":\"Grupo SAE\",\"description\":\"\",\"publisher\":{\"@id\":\"https:\/\/gruposae.online\/#organization\"},\"potentialAction\":[{\"@type\":\"SearchAction\",\"target\":{\"@type\":\"EntryPoint\",\"urlTemplate\":\"https:\/\/gruposae.online\/?s={search_term_string}\"},\"query-input\":\"required name=search_term_string\"}],\"inLanguage\":\"es\"},{\"@type\":\"ImageObject\",\"@id\":\"https:\/\/gruposae.online\/index.php\/2019\/10\/04\/grupo-sae-participa-en-la-jornada-autonomos-espejo-de-un-pais-organizada-por-facemap\/#primaryimage\",\"inLanguage\":\"es\",\"url\":\"https:\/\/gruposae.online\/wp-content\/uploads\/2021\/09\/a63cd9e38964634741a5a3fe89055308_XL.jpg\",\"contentUrl\":\"https:\/\/gruposae.online\/wp-content\/uploads\/2021\/09\/a63cd9e38964634741a5a3fe89055308_XL.jpg\",\"width\":1200,\"height\":748},{\"@type\":\"WebPage\",\"@id\":\"https:\/\/gruposae.online\/index.php\/2019\/10\/04\/grupo-sae-participa-en-la-jornada-autonomos-espejo-de-un-pais-organizada-por-facemap\/#webpage\",\"url\":\"https:\/\/gruposae.online\/index.php\/2019\/10\/04\/grupo-sae-participa-en-la-jornada-autonomos-espejo-de-un-pais-organizada-por-facemap\/\",\"name\":\"GRUPO SAE PARTICIPA EN LA JORNADA \\u201cAUT\\u00d3NOMOS: ESPEJO DE UN PA\\u00cdS\\u201d ORGANIZADA POR FACEMAP - Grupo SAE\",\"isPartOf\":{\"@id\":\"https:\/\/gruposae.online\/#website\"},\"primaryImageOfPage\":{\"@id\":\"https:\/\/gruposae.online\/index.php\/2019\/10\/04\/grupo-sae-participa-en-la-jornada-autonomos-espejo-de-un-pais-organizada-por-facemap\/#primaryimage\"},\"datePublished\":\"2019-10-04T14:41:28+00:00\",\"dateModified\":\"2021-09-17T14:48:29+00:00\",\"breadcrumb\":{\"@id\":\"https:\/\/gruposae.online\/index.php\/2019\/10\/04\/grupo-sae-participa-en-la-jornada-autonomos-espejo-de-un-pais-organizada-por-facemap\/#breadcrumb\"},\"inLanguage\":\"es\",\"potentialAction\":[{\"@type\":\"ReadAction\",\"target\":[\"https:\/\/gruposae.online\/index.php\/2019\/10\/04\/grupo-sae-participa-en-la-jornada-autonomos-espejo-de-un-pais-organizada-por-facemap\/\"]}]},{\"@type\":\"BreadcrumbList\",\"@id\":\"https:\/\/gruposae.online\/index.php\/2019\/10\/04\/grupo-sae-participa-en-la-jornada-autonomos-espejo-de-un-pais-organizada-por-facemap\/#breadcrumb\",\"itemListElement\":[{\"@type\":\"ListItem\",\"position\":1,\"name\":\"Portada\",\"item\":\"https:\/\/gruposae.online\/\"},{\"@type\":\"ListItem\",\"position\":2,\"name\":\"GRUPO SAE PARTICIPA EN LA JORNADA \\u201cAUT\\u00d3NOMOS: ESPEJO DE UN PA\\u00cdS\\u201d ORGANIZADA POR FACEMAP\"}]},{\"@type\":\"Article\",\"@id\":\"https:\/\/gruposae.online\/index.php\/2019\/10\/04\/grupo-sae-participa-en-la-jornada-autonomos-espejo-de-un-pais-organizada-por-facemap\/#article\",\"isPartOf\":{\"@id\":\"https:\/\/gruposae.online\/index.php\/2019\/10\/04\/grupo-sae-participa-en-la-jornada-autonomos-espejo-de-un-pais-organizada-por-facemap\/#webpage\"},\"author\":{\"@id\":\"https:\/\/gruposae.online\/#\/schema\/person\/d6fb6dc442a37fce8d62ef76e3d5066e\"},\"headline\":\"GRUPO SAE PARTICIPA EN LA JORNADA \\u201cAUT\\u00d3NOMOS: ESPEJO DE UN PA\\u00cdS\\u201d ORGANIZADA POR FACEMAP\",\"datePublished\":\"2019-10-04T14:41:28+00:00\",\"dateModified\":\"2021-09-17T14:48:29+00:00\",\"mainEntityOfPage\":{\"@id\":\"https:\/\/gruposae.online\/index.php\/2019\/10\/04\/grupo-sae-participa-en-la-jornada-autonomos-espejo-de-un-pais-organizada-por-facemap\/#webpage\"},\"wordCount\":146,\"commentCount\":0,\"publisher\":{\"@id\":\"https:\/\/gruposae.online\/#organization\"},\"image\":{\"@id\":\"https:\/\/gruposae.online\/index.php\/2019\/10\/04\/grupo-sae-participa-en-la-jornada-autonomos-espejo-de-un-pais-organizada-por-facemap\/#primaryimage\"},\"thumbnailUrl\":\"https:\/\/gruposae.online\/wp-content\/uploads\/2021\/09\/a63cd9e38964634741a5a3fe89055308_XL.jpg\",\"articleSection\":[\"Grupo SAE\"],\"inLanguage\":\"es\",\"potentialAction\":[{\"@type\":\"CommentAction\",\"name\":\"Comment\",\"target\":[\"https:\/\/gruposae.online\/index.php\/2019\/10\/04\/grupo-sae-participa-en-la-jornada-autonomos-espejo-de-un-pais-organizada-por-facemap\/#respond\"]}]},{\"@type\":\"Person\",\"@id\":\"https:\/\/gruposae.online\/#\/schema\/person\/d6fb6dc442a37fce8d62ef76e3d5066e\",\"name\":\"admin\",\"image\":{\"@type\":\"ImageObject\",\"@id\":\"https:\/\/gruposae.online\/#personlogo\",\"inLanguage\":\"es\",\"url\":\"https:\/\/secure.gravatar.com\/avatar\/c46f05e54262093a8296c238813957ed?s=96&d=mm&r=g\",\"contentUrl\":\"https:\/\/secure.gravatar.com\/avatar\/c46f05e54262093a8296c238813957ed?s=96&d=mm&r=g\",\"caption\":\"admin\"},\"sameAs\":[\"https:\/\/gruposae.online\"]}]}<\/script>\n<!-- \/ Yoast SEO plugin. -->","yoast_head_json":{"title":"GRUPO SAE PARTICIPA EN LA JORNADA \u201cAUT\u00d3NOMOS: ESPEJO DE UN PA\u00cdS\u201d ORGANIZADA POR FACEMAP - Grupo SAE","robots":{"index":"index","follow":"follow","max-snippet":"max-snippet:-1","max-image-preview":"max-image-preview:large","max-video-preview":"max-video-preview:-1"},"canonical":"https:\/\/gruposae.online\/index.php\/2019\/10\/04\/grupo-sae-participa-en-la-jornada-autonomos-espejo-de-un-pais-organizada-por-facemap\/","og_locale":"es_ES","og_type":"article","og_title":"GRUPO SAE PARTICIPA EN LA JORNADA \u201cAUT\u00d3NOMOS: ESPEJO DE UN PA\u00cdS\u201d ORGANIZADA POR FACEMAP - Grupo SAE","og_description":"El pasado d\u00eda 26 de septiembre, tuvo lugar la Jornada \u201cAut\u00f3nomos: Espejo de un Pa\u00eds\u201d organizada por la Federaci\u00f3n de Aut\u00f3nomos, Comerciantes y Empresarios de M\u00e1laga [\u2026]","og_url":"https:\/\/gruposae.online\/index.php\/2019\/10\/04\/grupo-sae-participa-en-la-jornada-autonomos-espejo-de-un-pais-organizada-por-facemap\/","og_site_name":"Grupo SAE","article_published_time":"2019-10-04T14:41:28+00:00","article_modified_time":"2021-09-17T14:48:29+00:00","og_image":[{"width":1200,"height":748,"url":"https:\/\/gruposae.online\/wp-content\/uploads\/2021\/09\/a63cd9e38964634741a5a3fe89055308_XL.jpg","type":"image\/jpeg"}],"twitter_card":"summary_large_image","twitter_misc":{"Escrito por":"admin","Tiempo de lectura":"1 minuto"},"schema":{"@context":"https:\/\/schema.org","@graph":[{"@type":"Organization","@id":"https:\/\/gruposae.online\/#organization","name":"Grupo SAE","url":"https:\/\/gruposae.online\/","sameAs":[],"logo":{"@type":"ImageObject","@id":"https:\/\/gruposae.online\/#logo","inLanguage":"es","url":"https:\/\/gruposae.online\/wp-content\/uploads\/2021\/08\/logo-gruposae-header.png","contentUrl":"https:\/\/gruposae.online\/wp-content\/uploads\/2021\/08\/logo-gruposae-header.png","width":335,"height":70,"caption":"Grupo SAE"},"image":{"@id":"https:\/\/gruposae.online\/#logo"}},{"@type":"WebSite","@id":"https:\/\/gruposae.online\/#website","url":"https:\/\/gruposae.online\/","name":"Grupo SAE","description":"","publisher":{"@id":"https:\/\/gruposae.online\/#organization"},"potentialAction":[{"@type":"SearchAction","target":{"@type":"EntryPoint","urlTemplate":"https:\/\/gruposae.online\/?s={search_term_string}"},"query-input":"required name=search_term_string"}],"inLanguage":"es"},{"@type":"ImageObject","@id":"https:\/\/gruposae.online\/index.php\/2019\/10\/04\/grupo-sae-participa-en-la-jornada-autonomos-espejo-de-un-pais-organizada-por-facemap\/#primaryimage","inLanguage":"es","url":"https:\/\/gruposae.online\/wp-content\/uploads\/2021\/09\/a63cd9e38964634741a5a3fe89055308_XL.jpg","contentUrl":"https:\/\/gruposae.online\/wp-content\/uploads\/2021\/09\/a63cd9e38964634741a5a3fe89055308_XL.jpg","width":1200,"height":748},{"@type":"WebPage","@id":"https:\/\/gruposae.online\/index.php\/2019\/10\/04\/grupo-sae-participa-en-la-jornada-autonomos-espejo-de-un-pais-organizada-por-facemap\/#webpage","url":"https:\/\/gruposae.online\/index.php\/2019\/10\/04\/grupo-sae-participa-en-la-jornada-autonomos-espejo-de-un-pais-organizada-por-facemap\/","name":"GRUPO SAE PARTICIPA EN LA JORNADA \u201cAUT\u00d3NOMOS: ESPEJO DE UN PA\u00cdS\u201d ORGANIZADA POR FACEMAP - Grupo SAE","isPartOf":{"@id":"https:\/\/gruposae.online\/#website"},"primaryImageOfPage":{"@id":"https:\/\/gruposae.online\/index.php\/2019\/10\/04\/grupo-sae-participa-en-la-jornada-autonomos-espejo-de-un-pais-organizada-por-facemap\/#primaryimage"},"datePublished":"2019-10-04T14:41:28+00:00","dateModified":"2021-09-17T14:48:29+00:00","breadcrumb":{"@id":"https:\/\/gruposae.online\/index.php\/2019\/10\/04\/grupo-sae-participa-en-la-jornada-autonomos-espejo-de-un-pais-organizada-por-facemap\/#breadcrumb"},"inLanguage":"es","potentialAction":[{"@type":"ReadAction","target":["https:\/\/gruposae.online\/index.php\/2019\/10\/04\/grupo-sae-participa-en-la-jornada-autonomos-espejo-de-un-pais-organizada-por-facemap\/"]}]},{"@type":"BreadcrumbList","@id":"https:\/\/gruposae.online\/index.php\/2019\/10\/04\/grupo-sae-participa-en-la-jornada-autonomos-espejo-de-un-pais-organizada-por-facemap\/#breadcrumb","itemListElement":[{"@type":"ListItem","position":1,"name":"Portada","item":"https:\/\/gruposae.online\/"},{"@type":"ListItem","position":2,"name":"GRUPO SAE PARTICIPA EN LA JORNADA \u201cAUT\u00d3NOMOS: ESPEJO DE UN PA\u00cdS\u201d ORGANIZADA POR FACEMAP"}]},{"@type":"Article","@id":"https:\/\/gruposae.online\/index.php\/2019\/10\/04\/grupo-sae-participa-en-la-jornada-autonomos-espejo-de-un-pais-organizada-por-facemap\/#article","isPartOf":{"@id":"https:\/\/gruposae.online\/index.php\/2019\/10\/04\/grupo-sae-participa-en-la-jornada-autonomos-espejo-de-un-pais-organizada-por-facemap\/#webpage"},"author":{"@id":"https:\/\/gruposae.online\/#\/schema\/person\/d6fb6dc442a37fce8d62ef76e3d5066e"},"headline":"GRUPO SAE PARTICIPA EN LA JORNADA \u201cAUT\u00d3NOMOS: ESPEJO DE UN PA\u00cdS\u201d ORGANIZADA POR FACEMAP","datePublished":"2019-10-04T14:41:28+00:00","dateModified":"2021-09-17T14:48:29+00:00","mainEntityOfPage":{"@id":"https:\/\/gruposae.online\/index.php\/2019\/10\/04\/grupo-sae-participa-en-la-jornada-autonomos-espejo-de-un-pais-organizada-por-facemap\/#webpage"},"wordCount":146,"commentCount":0,"publisher":{"@id":"https:\/\/gruposae.online\/#organization"},"image":{"@id":"https:\/\/gruposae.online\/index.php\/2019\/10\/04\/grupo-sae-participa-en-la-jornada-autonomos-espejo-de-un-pais-organizada-por-facemap\/#primaryimage"},"thumbnailUrl":"https:\/\/gruposae.online\/wp-content\/uploads\/2021\/09\/a63cd9e38964634741a5a3fe89055308_XL.jpg","articleSection":["Grupo SAE"],"inLanguage":"es","potentialAction":[{"@type":"CommentAction","name":"Comment","target":["https:\/\/gruposae.online\/index.php\/2019\/10\/04\/grupo-sae-participa-en-la-jornada-autonomos-espejo-de-un-pais-organizada-por-facemap\/#respond"]}]},{"@type":"Person","@id":"https:\/\/gruposae.online\/#\/schema\/person\/d6fb6dc442a37fce8d62ef76e3d5066e","name":"admin","image":{"@type":"ImageObject","@id":"https:\/\/gruposae.online\/#personlogo","inLanguage":"es","url":"https:\/\/secure.gravatar.com\/avatar\/c46f05e54262093a8296c238813957ed?s=96&d=mm&r=g","contentUrl":"https:\/\/secure.gravatar.com\/avatar\/c46f05e54262093a8296c238813957ed?s=96&d=mm&r=g","caption":"admin"},"sameAs":["https:\/\/gruposae.online"]}]}},"_links":{"self":[{"href":"https:\/\/gruposae.online\/index.php\/wp-json\/wp\/v2\/posts\/283"}],"collection":[{"href":"https:\/\/gruposae.online\/index.php\/wp-json\/wp\/v2\/posts"}],"about":[{"href":"https:\/\/gruposae.online\/index.php\/wp-json\/wp\/v2\/types\/post"}],"author":[{"embeddable":true,"href":"https:\/\/gruposae.online\/index.php\/wp-json\/wp\/v2\/users\/1"}],"replies":[{"embeddable":true,"href":"https:\/\/gruposae.online\/index.php\/wp-json\/wp\/v2\/comments?post=283"}],"version-history":[{"count":1,"href":"https:\/\/gruposae.online\/index.php\/wp-json\/wp\/v2\/posts\/283\/revisions"}],"predecessor-version":[{"id":286,"href":"https:\/\/gruposae.online\/index.php\/wp-json\/wp\/v2\/posts\/283\/revisions\/286"}],"wp:featuredmedia":[{"embeddable":true,"href":"https:\/\/gruposae.online\/index.php\/wp-json\/wp\/v2\/media\/284"}],"wp:attachment":[{"href":"https:\/\/gruposae.online\/index.php\/wp-json\/wp\/v2\/media?parent=283"}],"wp:term":[{"taxonomy":"category","embeddable":true,"href":"https:\/\/gruposae.online\/index.php\/wp-json\/wp\/v2\/categories?post=283"},{"taxonomy":"post_tag","embeddable":true,"href":"https:\/\/gruposae.online\/index.php\/wp-json\/wp\/v2\/tags?post=283"}],"curies":[{"name":"wp","href":"https:\/\/api.w.org\/{rel}","templated":true}]}}