{"id":287,"date":"2019-09-19T14:43:13","date_gmt":"2019-09-19T14:43:13","guid":{"rendered":"https:\/\/gruposae.online\/?p=287"},"modified":"2021-09-17T14:48:42","modified_gmt":"2021-09-17T14:48:42","slug":"gruposae-y-la-confederacion-de-empresarios-de-malaga-organizan-una-jornada-sobre-los-contratos-de-formacion-y-aprendizaje","status":"publish","type":"post","link":"https:\/\/gruposae.online\/index.php\/2019\/09\/19\/gruposae-y-la-confederacion-de-empresarios-de-malaga-organizan-una-jornada-sobre-los-contratos-de-formacion-y-aprendizaje\/","title":{"rendered":"GRUPOSAE Y LA CONFEDERACI\u00d3N DE EMPRESARIOS DE MALAGA, ORGANIZAN UNA JORNADA SOBRE LOS CONTRATOS DE FORMACI\u00d3N Y APRENDIZAJE"},"content":{"rendered":"<div>\n<p>El pasado d\u00eda 13 de Septiembre y tras la firma del Convenio en Materia Formativa, tuvo lugar la jornada organizada por la Confederaci\u00f3n de Empresarios de M\u00e1laga CEM y Grupo SAE, bajo el t\u00edtulo: EL CONTRATO DE FORMACION, ESTIMULO PARA LA COMPETITIVIDAD DE LAS EMPRESAS Y PILAR DE LA FP DUAL.<\/p>\n<\/div>\n<div>\n<p>La jornada se enmarca dentro del Convenio Espec\u00edfico en Materia de Formaci\u00f3n que nuestro grupo mantiene con CEM. El acto que cont\u00f3 con la inauguraci\u00f3n de la Vicepresidenta de CEM D\u00aa Natalia Sanchez, y el Director General de Grupo Sae, ponente de la jornada, tuvo una buena acogida de participaci\u00f3n de las empresas Malague\u00f1as, y su formato permiti\u00f3 a las mismas un turno de mesa redonda para plantear las dudas y as\u00ed como las expectativas, sobre este modelo de Contrataci\u00f3n para los j\u00f3venes menores de 25 a\u00f1os, personas discapacitadas y en riesgo de exclusi\u00f3n social.<\/p>\n<p><img loading=\"lazy\" class=\"size-medium wp-image-289 aligncenter\" src=\"https:\/\/gruposae.online\/wp-content\/uploads\/2021\/09\/jornada-300x150.jpg\" alt=\"\" width=\"300\" height=\"150\" srcset=\"https:\/\/gruposae.online\/wp-content\/uploads\/2021\/09\/jornada-300x150.jpg 300w, https:\/\/gruposae.online\/wp-content\/uploads\/2021\/09\/jornada-768x385.jpg 768w, https:\/\/gruposae.online\/wp-content\/uploads\/2021\/09\/jornada-260x130.jpg 260w, https:\/\/gruposae.online\/wp-content\/uploads\/2021\/09\/jornada-50x25.jpg 50w, https:\/\/gruposae.online\/wp-content\/uploads\/2021\/09\/jornada-150x75.jpg 150w, https:\/\/gruposae.online\/wp-content\/uploads\/2021\/09\/jornada.jpg 890w\" sizes=\"(max-width: 300px) 100vw, 300px\" \/><\/p>\n<\/div>\n","protected":false},"excerpt":{"rendered":"<p>El pasado d\u00eda 13 de Septiembre y tras la firma del Convenio en Materia Formativa, tuvo lugar la jornada organizada por la Confederaci\u00f3n de Empresarios de<span class=\"excerpt-hellip\"> [\u2026]<\/span><\/p>\n","protected":false},"author":1,"featured_media":288,"comment_status":"open","ping_status":"open","sticky":false,"template":"","format":"standard","meta":[],"categories":[1],"tags":[],"yoast_head":"<!-- This site is optimized with the Yoast SEO plugin v17.3 - https:\/\/yoast.com\/wordpress\/plugins\/seo\/ -->\n<title>GRUPOSAE Y LA CONFEDERACI\u00d3N DE EMPRESARIOS DE MALAGA, ORGANIZAN UNA JORNADA SOBRE LOS CONTRATOS DE FORMACI\u00d3N Y APRENDIZAJE - Grupo SAE<\/title>\n<meta name=\"robots\" content=\"index, follow, max-snippet:-1, max-image-preview:large, max-video-preview:-1\" \/>\n<link rel=\"canonical\" href=\"https:\/\/gruposae.online\/index.php\/2019\/09\/19\/gruposae-y-la-confederacion-de-empresarios-de-malaga-organizan-una-jornada-sobre-los-contratos-de-formacion-y-aprendizaje\/\" \/>\n<meta property=\"og:locale\" content=\"es_ES\" \/>\n<meta property=\"og:type\" content=\"article\" \/>\n<meta property=\"og:title\" content=\"GRUPOSAE Y LA CONFEDERACI\u00d3N DE EMPRESARIOS DE MALAGA, ORGANIZAN UNA JORNADA SOBRE LOS CONTRATOS DE FORMACI\u00d3N Y APRENDIZAJE - Grupo SAE\" \/>\n<meta property=\"og:description\" content=\"El pasado d\u00eda 13 de Septiembre y tras la firma del Convenio en Materia Formativa, tuvo lugar la jornada organizada por la Confederaci\u00f3n de Empresarios de [\u2026]\" \/>\n<meta property=\"og:url\" content=\"https:\/\/gruposae.online\/index.php\/2019\/09\/19\/gruposae-y-la-confederacion-de-empresarios-de-malaga-organizan-una-jornada-sobre-los-contratos-de-formacion-y-aprendizaje\/\" \/>\n<meta property=\"og:site_name\" content=\"Grupo SAE\" \/>\n<meta property=\"article:published_time\" content=\"2019-09-19T14:43:13+00:00\" \/>\n<meta property=\"article:modified_time\" content=\"2021-09-17T14:48:42+00:00\" \/>\n<meta property=\"og:image\" content=\"https:\/\/gruposae.online\/wp-content\/uploads\/2021\/09\/063ee9aeb9f60efa02823e51450f82ce_XL.jpg\" \/>\n\t<meta property=\"og:image:width\" content=\"1200\" \/>\n\t<meta property=\"og:image:height\" content=\"748\" \/>\n<meta name=\"twitter:card\" content=\"summary_large_image\" \/>\n<meta name=\"twitter:label1\" content=\"Escrito por\" \/>\n\t<meta name=\"twitter:data1\" content=\"admin\" \/>\n\t<meta name=\"twitter:label2\" content=\"Tiempo de lectura\" \/>\n\t<meta name=\"twitter:data2\" content=\"1 minuto\" \/>\n<script type=\"application\/ld+json\" class=\"yoast-schema-graph\">{\"@context\":\"https:\/\/schema.org\",\"@graph\":[{\"@type\":\"Organization\",\"@id\":\"https:\/\/gruposae.online\/#organization\",\"name\":\"Grupo SAE\",\"url\":\"https:\/\/gruposae.online\/\",\"sameAs\":[],\"logo\":{\"@type\":\"ImageObject\",\"@id\":\"https:\/\/gruposae.online\/#logo\",\"inLanguage\":\"es\",\"url\":\"https:\/\/gruposae.online\/wp-content\/uploads\/2021\/08\/logo-gruposae-header.png\",\"contentUrl\":\"https:\/\/gruposae.online\/wp-content\/uploads\/2021\/08\/logo-gruposae-header.png\",\"width\":335,\"height\":70,\"caption\":\"Grupo SAE\"},\"image\":{\"@id\":\"https:\/\/gruposae.online\/#logo\"}},{\"@type\":\"WebSite\",\"@id\":\"https:\/\/gruposae.online\/#website\",\"url\":\"https:\/\/gruposae.online\/\",\"name\":\"Grupo SAE\",\"description\":\"\",\"publisher\":{\"@id\":\"https:\/\/gruposae.online\/#organization\"},\"potentialAction\":[{\"@type\":\"SearchAction\",\"target\":{\"@type\":\"EntryPoint\",\"urlTemplate\":\"https:\/\/gruposae.online\/?s={search_term_string}\"},\"query-input\":\"required name=search_term_string\"}],\"inLanguage\":\"es\"},{\"@type\":\"ImageObject\",\"@id\":\"https:\/\/gruposae.online\/index.php\/2019\/09\/19\/gruposae-y-la-confederacion-de-empresarios-de-malaga-organizan-una-jornada-sobre-los-contratos-de-formacion-y-aprendizaje\/#primaryimage\",\"inLanguage\":\"es\",\"url\":\"https:\/\/gruposae.online\/wp-content\/uploads\/2021\/09\/063ee9aeb9f60efa02823e51450f82ce_XL.jpg\",\"contentUrl\":\"https:\/\/gruposae.online\/wp-content\/uploads\/2021\/09\/063ee9aeb9f60efa02823e51450f82ce_XL.jpg\",\"width\":1200,\"height\":748},{\"@type\":\"WebPage\",\"@id\":\"https:\/\/gruposae.online\/index.php\/2019\/09\/19\/gruposae-y-la-confederacion-de-empresarios-de-malaga-organizan-una-jornada-sobre-los-contratos-de-formacion-y-aprendizaje\/#webpage\",\"url\":\"https:\/\/gruposae.online\/index.php\/2019\/09\/19\/gruposae-y-la-confederacion-de-empresarios-de-malaga-organizan-una-jornada-sobre-los-contratos-de-formacion-y-aprendizaje\/\",\"name\":\"GRUPOSAE Y LA CONFEDERACI\\u00d3N DE EMPRESARIOS DE MALAGA, ORGANIZAN UNA JORNADA SOBRE LOS CONTRATOS DE FORMACI\\u00d3N Y APRENDIZAJE - Grupo SAE\",\"isPartOf\":{\"@id\":\"https:\/\/gruposae.online\/#website\"},\"primaryImageOfPage\":{\"@id\":\"https:\/\/gruposae.online\/index.php\/2019\/09\/19\/gruposae-y-la-confederacion-de-empresarios-de-malaga-organizan-una-jornada-sobre-los-contratos-de-formacion-y-aprendizaje\/#primaryimage\"},\"datePublished\":\"2019-09-19T14:43:13+00:00\",\"dateModified\":\"2021-09-17T14:48:42+00:00\",\"breadcrumb\":{\"@id\":\"https:\/\/gruposae.online\/index.php\/2019\/09\/19\/gruposae-y-la-confederacion-de-empresarios-de-malaga-organizan-una-jornada-sobre-los-contratos-de-formacion-y-aprendizaje\/#breadcrumb\"},\"inLanguage\":\"es\",\"potentialAction\":[{\"@type\":\"ReadAction\",\"target\":[\"https:\/\/gruposae.online\/index.php\/2019\/09\/19\/gruposae-y-la-confederacion-de-empresarios-de-malaga-organizan-una-jornada-sobre-los-contratos-de-formacion-y-aprendizaje\/\"]}]},{\"@type\":\"BreadcrumbList\",\"@id\":\"https:\/\/gruposae.online\/index.php\/2019\/09\/19\/gruposae-y-la-confederacion-de-empresarios-de-malaga-organizan-una-jornada-sobre-los-contratos-de-formacion-y-aprendizaje\/#breadcrumb\",\"itemListElement\":[{\"@type\":\"ListItem\",\"position\":1,\"name\":\"Portada\",\"item\":\"https:\/\/gruposae.online\/\"},{\"@type\":\"ListItem\",\"position\":2,\"name\":\"GRUPOSAE Y LA CONFEDERACI\\u00d3N DE EMPRESARIOS DE MALAGA, ORGANIZAN UNA JORNADA SOBRE LOS CONTRATOS DE FORMACI\\u00d3N Y APRENDIZAJE\"}]},{\"@type\":\"Article\",\"@id\":\"https:\/\/gruposae.online\/index.php\/2019\/09\/19\/gruposae-y-la-confederacion-de-empresarios-de-malaga-organizan-una-jornada-sobre-los-contratos-de-formacion-y-aprendizaje\/#article\",\"isPartOf\":{\"@id\":\"https:\/\/gruposae.online\/index.php\/2019\/09\/19\/gruposae-y-la-confederacion-de-empresarios-de-malaga-organizan-una-jornada-sobre-los-contratos-de-formacion-y-aprendizaje\/#webpage\"},\"author\":{\"@id\":\"https:\/\/gruposae.online\/#\/schema\/person\/d6fb6dc442a37fce8d62ef76e3d5066e\"},\"headline\":\"GRUPOSAE Y LA CONFEDERACI\\u00d3N DE EMPRESARIOS DE MALAGA, ORGANIZAN UNA JORNADA SOBRE LOS CONTRATOS DE FORMACI\\u00d3N Y APRENDIZAJE\",\"datePublished\":\"2019-09-19T14:43:13+00:00\",\"dateModified\":\"2021-09-17T14:48:42+00:00\",\"mainEntityOfPage\":{\"@id\":\"https:\/\/gruposae.online\/index.php\/2019\/09\/19\/gruposae-y-la-confederacion-de-empresarios-de-malaga-organizan-una-jornada-sobre-los-contratos-de-formacion-y-aprendizaje\/#webpage\"},\"wordCount\":177,\"commentCount\":0,\"publisher\":{\"@id\":\"https:\/\/gruposae.online\/#organization\"},\"image\":{\"@id\":\"https:\/\/gruposae.online\/index.php\/2019\/09\/19\/gruposae-y-la-confederacion-de-empresarios-de-malaga-organizan-una-jornada-sobre-los-contratos-de-formacion-y-aprendizaje\/#primaryimage\"},\"thumbnailUrl\":\"https:\/\/gruposae.online\/wp-content\/uploads\/2021\/09\/063ee9aeb9f60efa02823e51450f82ce_XL.jpg\",\"articleSection\":[\"Grupo SAE\"],\"inLanguage\":\"es\",\"potentialAction\":[{\"@type\":\"CommentAction\",\"name\":\"Comment\",\"target\":[\"https:\/\/gruposae.online\/index.php\/2019\/09\/19\/gruposae-y-la-confederacion-de-empresarios-de-malaga-organizan-una-jornada-sobre-los-contratos-de-formacion-y-aprendizaje\/#respond\"]}]},{\"@type\":\"Person\",\"@id\":\"https:\/\/gruposae.online\/#\/schema\/person\/d6fb6dc442a37fce8d62ef76e3d5066e\",\"name\":\"admin\",\"image\":{\"@type\":\"ImageObject\",\"@id\":\"https:\/\/gruposae.online\/#personlogo\",\"inLanguage\":\"es\",\"url\":\"https:\/\/secure.gravatar.com\/avatar\/c46f05e54262093a8296c238813957ed?s=96&d=mm&r=g\",\"contentUrl\":\"https:\/\/secure.gravatar.com\/avatar\/c46f05e54262093a8296c238813957ed?s=96&d=mm&r=g\",\"caption\":\"admin\"},\"sameAs\":[\"https:\/\/gruposae.online\"]}]}<\/script>\n<!-- \/ Yoast SEO plugin. -->","yoast_head_json":{"title":"GRUPOSAE Y LA CONFEDERACI\u00d3N DE EMPRESARIOS DE MALAGA, ORGANIZAN UNA JORNADA SOBRE LOS CONTRATOS DE FORMACI\u00d3N Y APRENDIZAJE - Grupo SAE","robots":{"index":"index","follow":"follow","max-snippet":"max-snippet:-1","max-image-preview":"max-image-preview:large","max-video-preview":"max-video-preview:-1"},"canonical":"https:\/\/gruposae.online\/index.php\/2019\/09\/19\/gruposae-y-la-confederacion-de-empresarios-de-malaga-organizan-una-jornada-sobre-los-contratos-de-formacion-y-aprendizaje\/","og_locale":"es_ES","og_type":"article","og_title":"GRUPOSAE Y LA CONFEDERACI\u00d3N DE EMPRESARIOS DE MALAGA, ORGANIZAN UNA JORNADA SOBRE LOS CONTRATOS DE FORMACI\u00d3N Y APRENDIZAJE - Grupo SAE","og_description":"El pasado d\u00eda 13 de Septiembre y tras la firma del Convenio en Materia Formativa, tuvo lugar la jornada organizada por la Confederaci\u00f3n de Empresarios de [\u2026]","og_url":"https:\/\/gruposae.online\/index.php\/2019\/09\/19\/gruposae-y-la-confederacion-de-empresarios-de-malaga-organizan-una-jornada-sobre-los-contratos-de-formacion-y-aprendizaje\/","og_site_name":"Grupo SAE","article_published_time":"2019-09-19T14:43:13+00:00","article_modified_time":"2021-09-17T14:48:42+00:00","og_image":[{"width":1200,"height":748,"url":"https:\/\/gruposae.online\/wp-content\/uploads\/2021\/09\/063ee9aeb9f60efa02823e51450f82ce_XL.jpg","type":"image\/jpeg"}],"twitter_card":"summary_large_image","twitter_misc":{"Escrito por":"admin","Tiempo de lectura":"1 minuto"},"schema":{"@context":"https:\/\/schema.org","@graph":[{"@type":"Organization","@id":"https:\/\/gruposae.online\/#organization","name":"Grupo SAE","url":"https:\/\/gruposae.online\/","sameAs":[],"logo":{"@type":"ImageObject","@id":"https:\/\/gruposae.online\/#logo","inLanguage":"es","url":"https:\/\/gruposae.online\/wp-content\/uploads\/2021\/08\/logo-gruposae-header.png","contentUrl":"https:\/\/gruposae.online\/wp-content\/uploads\/2021\/08\/logo-gruposae-header.png","width":335,"height":70,"caption":"Grupo SAE"},"image":{"@id":"https:\/\/gruposae.online\/#logo"}},{"@type":"WebSite","@id":"https:\/\/gruposae.online\/#website","url":"https:\/\/gruposae.online\/","name":"Grupo SAE","description":"","publisher":{"@id":"https:\/\/gruposae.online\/#organization"},"potentialAction":[{"@type":"SearchAction","target":{"@type":"EntryPoint","urlTemplate":"https:\/\/gruposae.online\/?s={search_term_string}"},"query-input":"required name=search_term_string"}],"inLanguage":"es"},{"@type":"ImageObject","@id":"https:\/\/gruposae.online\/index.php\/2019\/09\/19\/gruposae-y-la-confederacion-de-empresarios-de-malaga-organizan-una-jornada-sobre-los-contratos-de-formacion-y-aprendizaje\/#primaryimage","inLanguage":"es","url":"https:\/\/gruposae.online\/wp-content\/uploads\/2021\/09\/063ee9aeb9f60efa02823e51450f82ce_XL.jpg","contentUrl":"https:\/\/gruposae.online\/wp-content\/uploads\/2021\/09\/063ee9aeb9f60efa02823e51450f82ce_XL.jpg","width":1200,"height":748},{"@type":"WebPage","@id":"https:\/\/gruposae.online\/index.php\/2019\/09\/19\/gruposae-y-la-confederacion-de-empresarios-de-malaga-organizan-una-jornada-sobre-los-contratos-de-formacion-y-aprendizaje\/#webpage","url":"https:\/\/gruposae.online\/index.php\/2019\/09\/19\/gruposae-y-la-confederacion-de-empresarios-de-malaga-organizan-una-jornada-sobre-los-contratos-de-formacion-y-aprendizaje\/","name":"GRUPOSAE Y LA CONFEDERACI\u00d3N DE EMPRESARIOS DE MALAGA, ORGANIZAN UNA JORNADA SOBRE LOS CONTRATOS DE FORMACI\u00d3N Y APRENDIZAJE - Grupo SAE","isPartOf":{"@id":"https:\/\/gruposae.online\/#website"},"primaryImageOfPage":{"@id":"https:\/\/gruposae.online\/index.php\/2019\/09\/19\/gruposae-y-la-confederacion-de-empresarios-de-malaga-organizan-una-jornada-sobre-los-contratos-de-formacion-y-aprendizaje\/#primaryimage"},"datePublished":"2019-09-19T14:43:13+00:00","dateModified":"2021-09-17T14:48:42+00:00","breadcrumb":{"@id":"https:\/\/gruposae.online\/index.php\/2019\/09\/19\/gruposae-y-la-confederacion-de-empresarios-de-malaga-organizan-una-jornada-sobre-los-contratos-de-formacion-y-aprendizaje\/#breadcrumb"},"inLanguage":"es","potentialAction":[{"@type":"ReadAction","target":["https:\/\/gruposae.online\/index.php\/2019\/09\/19\/gruposae-y-la-confederacion-de-empresarios-de-malaga-organizan-una-jornada-sobre-los-contratos-de-formacion-y-aprendizaje\/"]}]},{"@type":"BreadcrumbList","@id":"https:\/\/gruposae.online\/index.php\/2019\/09\/19\/gruposae-y-la-confederacion-de-empresarios-de-malaga-organizan-una-jornada-sobre-los-contratos-de-formacion-y-aprendizaje\/#breadcrumb","itemListElement":[{"@type":"ListItem","position":1,"name":"Portada","item":"https:\/\/gruposae.online\/"},{"@type":"ListItem","position":2,"name":"GRUPOSAE Y LA CONFEDERACI\u00d3N DE EMPRESARIOS DE MALAGA, ORGANIZAN UNA JORNADA SOBRE LOS CONTRATOS DE FORMACI\u00d3N Y APRENDIZAJE"}]},{"@type":"Article","@id":"https:\/\/gruposae.online\/index.php\/2019\/09\/19\/gruposae-y-la-confederacion-de-empresarios-de-malaga-organizan-una-jornada-sobre-los-contratos-de-formacion-y-aprendizaje\/#article","isPartOf":{"@id":"https:\/\/gruposae.online\/index.php\/2019\/09\/19\/gruposae-y-la-confederacion-de-empresarios-de-malaga-organizan-una-jornada-sobre-los-contratos-de-formacion-y-aprendizaje\/#webpage"},"author":{"@id":"https:\/\/gruposae.online\/#\/schema\/person\/d6fb6dc442a37fce8d62ef76e3d5066e"},"headline":"GRUPOSAE Y LA CONFEDERACI\u00d3N DE EMPRESARIOS DE MALAGA, ORGANIZAN UNA JORNADA SOBRE LOS CONTRATOS DE FORMACI\u00d3N Y APRENDIZAJE","datePublished":"2019-09-19T14:43:13+00:00","dateModified":"2021-09-17T14:48:42+00:00","mainEntityOfPage":{"@id":"https:\/\/gruposae.online\/index.php\/2019\/09\/19\/gruposae-y-la-confederacion-de-empresarios-de-malaga-organizan-una-jornada-sobre-los-contratos-de-formacion-y-aprendizaje\/#webpage"},"wordCount":177,"commentCount":0,"publisher":{"@id":"https:\/\/gruposae.online\/#organization"},"image":{"@id":"https:\/\/gruposae.online\/index.php\/2019\/09\/19\/gruposae-y-la-confederacion-de-empresarios-de-malaga-organizan-una-jornada-sobre-los-contratos-de-formacion-y-aprendizaje\/#primaryimage"},"thumbnailUrl":"https:\/\/gruposae.online\/wp-content\/uploads\/2021\/09\/063ee9aeb9f60efa02823e51450f82ce_XL.jpg","articleSection":["Grupo SAE"],"inLanguage":"es","potentialAction":[{"@type":"CommentAction","name":"Comment","target":["https:\/\/gruposae.online\/index.php\/2019\/09\/19\/gruposae-y-la-confederacion-de-empresarios-de-malaga-organizan-una-jornada-sobre-los-contratos-de-formacion-y-aprendizaje\/#respond"]}]},{"@type":"Person","@id":"https:\/\/gruposae.online\/#\/schema\/person\/d6fb6dc442a37fce8d62ef76e3d5066e","name":"admin","image":{"@type":"ImageObject","@id":"https:\/\/gruposae.online\/#personlogo","inLanguage":"es","url":"https:\/\/secure.gravatar.com\/avatar\/c46f05e54262093a8296c238813957ed?s=96&d=mm&r=g","contentUrl":"https:\/\/secure.gravatar.com\/avatar\/c46f05e54262093a8296c238813957ed?s=96&d=mm&r=g","caption":"admin"},"sameAs":["https:\/\/gruposae.online"]}]}},"_links":{"self":[{"href":"https:\/\/gruposae.online\/index.php\/wp-json\/wp\/v2\/posts\/287"}],"collection":[{"href":"https:\/\/gruposae.online\/index.php\/wp-json\/wp\/v2\/posts"}],"about":[{"href":"https:\/\/gruposae.online\/index.php\/wp-json\/wp\/v2\/types\/post"}],"author":[{"embeddable":true,"href":"https:\/\/gruposae.online\/index.php\/wp-json\/wp\/v2\/users\/1"}],"replies":[{"embeddable":true,"href":"https:\/\/gruposae.online\/index.php\/wp-json\/wp\/v2\/comments?post=287"}],"version-history":[{"count":1,"href":"https:\/\/gruposae.online\/index.php\/wp-json\/wp\/v2\/posts\/287\/revisions"}],"predecessor-version":[{"id":290,"href":"https:\/\/gruposae.online\/index.php\/wp-json\/wp\/v2\/posts\/287\/revisions\/290"}],"wp:featuredmedia":[{"embeddable":true,"href":"https:\/\/gruposae.online\/index.php\/wp-json\/wp\/v2\/media\/288"}],"wp:attachment":[{"href":"https:\/\/gruposae.online\/index.php\/wp-json\/wp\/v2\/media?parent=287"}],"wp:term":[{"taxonomy":"category","embeddable":true,"href":"https:\/\/gruposae.online\/index.php\/wp-json\/wp\/v2\/categories?post=287"},{"taxonomy":"post_tag","embeddable":true,"href":"https:\/\/gruposae.online\/index.php\/wp-json\/wp\/v2\/tags?post=287"}],"curies":[{"name":"wp","href":"https:\/\/api.w.org\/{rel}","templated":true}]}}