{"id":291,"date":"2019-09-19T14:43:45","date_gmt":"2019-09-19T14:43:45","guid":{"rendered":"https:\/\/gruposae.online\/?p=291"},"modified":"2021-09-17T14:48:36","modified_gmt":"2021-09-17T14:48:36","slug":"cem-y-grupo-sae-firman-un-acuerdo-en-materia-formativa-con-un-decidido-impulso-hacia-la-fp-dual-a-traves-de-los-contratos-de-formacion-y-aprendizaje-entre-el-tejido-empresarial-malagueno","status":"publish","type":"post","link":"https:\/\/gruposae.online\/index.php\/2019\/09\/19\/cem-y-grupo-sae-firman-un-acuerdo-en-materia-formativa-con-un-decidido-impulso-hacia-la-fp-dual-a-traves-de-los-contratos-de-formacion-y-aprendizaje-entre-el-tejido-empresarial-malagueno\/","title":{"rendered":"CEM Y GRUPO SAE, FIRMAN UN ACUERDO EN MATERIA FORMATIVA CON UN DECIDIDO IMPULSO HACIA LA FP DUAL A TRAV\u00c9S DE LOS CONTRATOS DE FORMACI\u00d3N Y APRENDIZAJE ENTRE EL TEJIDO EMPRESARIAL MALAGUE\u00d1O"},"content":{"rendered":"<div>\n<p>GRUPO SAE y la CONFEDERACION DE EMPRESARIOS DE MALAGA (CEM) han firmado un Convenio de Colaboraci\u00f3n el pasado d\u00eda 13 de septiembre, que recoge un amplio portfolio de servicios de Formacion para el tejido empresarial Malague\u00f1o, como la Formacion Programada a Empresas, Planes de Ocupados para sectores como Comercio y Metal, y una puesta muy intensa y comprometida por la Formacion Dual a trav\u00e9s de los Contratos de Formacion y Aprendizaje, donde Grupo Sae es una de las empresas l\u00edder a nivel nacional. La Vicepresidenta Ejecutiva de CEM D\u00aa Natalia Sanchez, y el Director General de Grupo Sae D. Antonio Toro, rubricaron el Convenio.<\/p>\n<\/div>\n<div>\n<p>La informaci\u00f3n relativa al impulso de la Fp Dual, estar\u00e1 disponible en unos d\u00edas en la p\u00e1gina web de CEM en la secci\u00f3n el CLUB DEL EMPRENDEDOR, as\u00ed como en la web de Grupo Sae.<\/p>\n<p>Con tal motivo, a continuaci\u00f3n de la firma del convenio, tuvo lugar en la sede de CEM la jornada t\u00e9cnica: \u00abEl Contrato de Formacion y Aprendizaje: Estimulo para la Competitividad Salaria de las Empresas y Pilar FP Dual\u00bb.<\/p>\n<p><img loading=\"lazy\" class=\"size-medium wp-image-293 aligncenter\" src=\"https:\/\/gruposae.online\/wp-content\/uploads\/2021\/09\/firma-300x226.jpg\" alt=\"\" width=\"300\" height=\"226\" srcset=\"https:\/\/gruposae.online\/wp-content\/uploads\/2021\/09\/firma-300x226.jpg 300w, https:\/\/gruposae.online\/wp-content\/uploads\/2021\/09\/firma-194x146.jpg 194w, https:\/\/gruposae.online\/wp-content\/uploads\/2021\/09\/firma-50x38.jpg 50w, https:\/\/gruposae.online\/wp-content\/uploads\/2021\/09\/firma-100x75.jpg 100w, https:\/\/gruposae.online\/wp-content\/uploads\/2021\/09\/firma.jpg 518w\" sizes=\"(max-width: 300px) 100vw, 300px\" \/><\/p>\n<\/div>\n","protected":false},"excerpt":{"rendered":"<p>GRUPO SAE y la CONFEDERACION DE EMPRESARIOS DE MALAGA (CEM) han firmado un Convenio de Colaboraci\u00f3n el pasado d\u00eda 13 de septiembre, que recoge un amplio<span class=\"excerpt-hellip\"> [\u2026]<\/span><\/p>\n","protected":false},"author":1,"featured_media":292,"comment_status":"open","ping_status":"open","sticky":false,"template":"","format":"standard","meta":[],"categories":[1],"tags":[],"yoast_head":"<!-- This site is optimized with the Yoast SEO plugin v17.3 - https:\/\/yoast.com\/wordpress\/plugins\/seo\/ -->\n<title>CEM Y GRUPO SAE, FIRMAN UN ACUERDO EN MATERIA FORMATIVA CON UN DECIDIDO IMPULSO HACIA LA FP DUAL A TRAV\u00c9S DE LOS CONTRATOS DE FORMACI\u00d3N Y APRENDIZAJE ENTRE EL TEJIDO EMPRESARIAL MALAGUE\u00d1O - Grupo SAE<\/title>\n<meta name=\"robots\" content=\"index, follow, max-snippet:-1, max-image-preview:large, max-video-preview:-1\" \/>\n<link rel=\"canonical\" href=\"https:\/\/gruposae.online\/index.php\/2019\/09\/19\/cem-y-grupo-sae-firman-un-acuerdo-en-materia-formativa-con-un-decidido-impulso-hacia-la-fp-dual-a-traves-de-los-contratos-de-formacion-y-aprendizaje-entre-el-tejido-empresarial-malagueno\/\" \/>\n<meta property=\"og:locale\" content=\"es_ES\" \/>\n<meta property=\"og:type\" content=\"article\" \/>\n<meta property=\"og:title\" content=\"CEM Y GRUPO SAE, FIRMAN UN ACUERDO EN MATERIA FORMATIVA CON UN DECIDIDO IMPULSO HACIA LA FP DUAL A TRAV\u00c9S DE LOS CONTRATOS DE FORMACI\u00d3N Y APRENDIZAJE ENTRE EL TEJIDO EMPRESARIAL MALAGUE\u00d1O - Grupo SAE\" \/>\n<meta property=\"og:description\" content=\"GRUPO SAE y la CONFEDERACION DE EMPRESARIOS DE MALAGA (CEM) han firmado un Convenio de Colaboraci\u00f3n el pasado d\u00eda 13 de septiembre, que recoge un amplio [\u2026]\" \/>\n<meta property=\"og:url\" content=\"https:\/\/gruposae.online\/index.php\/2019\/09\/19\/cem-y-grupo-sae-firman-un-acuerdo-en-materia-formativa-con-un-decidido-impulso-hacia-la-fp-dual-a-traves-de-los-contratos-de-formacion-y-aprendizaje-entre-el-tejido-empresarial-malagueno\/\" \/>\n<meta property=\"og:site_name\" content=\"Grupo SAE\" \/>\n<meta property=\"article:published_time\" content=\"2019-09-19T14:43:45+00:00\" \/>\n<meta property=\"article:modified_time\" content=\"2021-09-17T14:48:36+00:00\" \/>\n<meta property=\"og:image\" content=\"https:\/\/gruposae.online\/wp-content\/uploads\/2021\/09\/63503204d18160dd6a733e989b70c404_XL.jpg\" \/>\n\t<meta property=\"og:image:width\" content=\"1200\" \/>\n\t<meta property=\"og:image:height\" content=\"748\" \/>\n<meta name=\"twitter:card\" content=\"summary_large_image\" \/>\n<meta name=\"twitter:label1\" content=\"Escrito por\" \/>\n\t<meta name=\"twitter:data1\" content=\"admin\" \/>\n\t<meta name=\"twitter:label2\" content=\"Tiempo de lectura\" \/>\n\t<meta name=\"twitter:data2\" content=\"1 minuto\" \/>\n<script type=\"application\/ld+json\" class=\"yoast-schema-graph\">{\"@context\":\"https:\/\/schema.org\",\"@graph\":[{\"@type\":\"Organization\",\"@id\":\"https:\/\/gruposae.online\/#organization\",\"name\":\"Grupo SAE\",\"url\":\"https:\/\/gruposae.online\/\",\"sameAs\":[],\"logo\":{\"@type\":\"ImageObject\",\"@id\":\"https:\/\/gruposae.online\/#logo\",\"inLanguage\":\"es\",\"url\":\"https:\/\/gruposae.online\/wp-content\/uploads\/2021\/08\/logo-gruposae-header.png\",\"contentUrl\":\"https:\/\/gruposae.online\/wp-content\/uploads\/2021\/08\/logo-gruposae-header.png\",\"width\":335,\"height\":70,\"caption\":\"Grupo SAE\"},\"image\":{\"@id\":\"https:\/\/gruposae.online\/#logo\"}},{\"@type\":\"WebSite\",\"@id\":\"https:\/\/gruposae.online\/#website\",\"url\":\"https:\/\/gruposae.online\/\",\"name\":\"Grupo SAE\",\"description\":\"\",\"publisher\":{\"@id\":\"https:\/\/gruposae.online\/#organization\"},\"potentialAction\":[{\"@type\":\"SearchAction\",\"target\":{\"@type\":\"EntryPoint\",\"urlTemplate\":\"https:\/\/gruposae.online\/?s={search_term_string}\"},\"query-input\":\"required name=search_term_string\"}],\"inLanguage\":\"es\"},{\"@type\":\"ImageObject\",\"@id\":\"https:\/\/gruposae.online\/index.php\/2019\/09\/19\/cem-y-grupo-sae-firman-un-acuerdo-en-materia-formativa-con-un-decidido-impulso-hacia-la-fp-dual-a-traves-de-los-contratos-de-formacion-y-aprendizaje-entre-el-tejido-empresarial-malagueno\/#primaryimage\",\"inLanguage\":\"es\",\"url\":\"https:\/\/gruposae.online\/wp-content\/uploads\/2021\/09\/63503204d18160dd6a733e989b70c404_XL.jpg\",\"contentUrl\":\"https:\/\/gruposae.online\/wp-content\/uploads\/2021\/09\/63503204d18160dd6a733e989b70c404_XL.jpg\",\"width\":1200,\"height\":748},{\"@type\":\"WebPage\",\"@id\":\"https:\/\/gruposae.online\/index.php\/2019\/09\/19\/cem-y-grupo-sae-firman-un-acuerdo-en-materia-formativa-con-un-decidido-impulso-hacia-la-fp-dual-a-traves-de-los-contratos-de-formacion-y-aprendizaje-entre-el-tejido-empresarial-malagueno\/#webpage\",\"url\":\"https:\/\/gruposae.online\/index.php\/2019\/09\/19\/cem-y-grupo-sae-firman-un-acuerdo-en-materia-formativa-con-un-decidido-impulso-hacia-la-fp-dual-a-traves-de-los-contratos-de-formacion-y-aprendizaje-entre-el-tejido-empresarial-malagueno\/\",\"name\":\"CEM Y GRUPO SAE, FIRMAN UN ACUERDO EN MATERIA FORMATIVA CON UN DECIDIDO IMPULSO HACIA LA FP DUAL A TRAV\\u00c9S DE LOS CONTRATOS DE FORMACI\\u00d3N Y APRENDIZAJE ENTRE EL TEJIDO EMPRESARIAL MALAGUE\\u00d1O - Grupo SAE\",\"isPartOf\":{\"@id\":\"https:\/\/gruposae.online\/#website\"},\"primaryImageOfPage\":{\"@id\":\"https:\/\/gruposae.online\/index.php\/2019\/09\/19\/cem-y-grupo-sae-firman-un-acuerdo-en-materia-formativa-con-un-decidido-impulso-hacia-la-fp-dual-a-traves-de-los-contratos-de-formacion-y-aprendizaje-entre-el-tejido-empresarial-malagueno\/#primaryimage\"},\"datePublished\":\"2019-09-19T14:43:45+00:00\",\"dateModified\":\"2021-09-17T14:48:36+00:00\",\"breadcrumb\":{\"@id\":\"https:\/\/gruposae.online\/index.php\/2019\/09\/19\/cem-y-grupo-sae-firman-un-acuerdo-en-materia-formativa-con-un-decidido-impulso-hacia-la-fp-dual-a-traves-de-los-contratos-de-formacion-y-aprendizaje-entre-el-tejido-empresarial-malagueno\/#breadcrumb\"},\"inLanguage\":\"es\",\"potentialAction\":[{\"@type\":\"ReadAction\",\"target\":[\"https:\/\/gruposae.online\/index.php\/2019\/09\/19\/cem-y-grupo-sae-firman-un-acuerdo-en-materia-formativa-con-un-decidido-impulso-hacia-la-fp-dual-a-traves-de-los-contratos-de-formacion-y-aprendizaje-entre-el-tejido-empresarial-malagueno\/\"]}]},{\"@type\":\"BreadcrumbList\",\"@id\":\"https:\/\/gruposae.online\/index.php\/2019\/09\/19\/cem-y-grupo-sae-firman-un-acuerdo-en-materia-formativa-con-un-decidido-impulso-hacia-la-fp-dual-a-traves-de-los-contratos-de-formacion-y-aprendizaje-entre-el-tejido-empresarial-malagueno\/#breadcrumb\",\"itemListElement\":[{\"@type\":\"ListItem\",\"position\":1,\"name\":\"Portada\",\"item\":\"https:\/\/gruposae.online\/\"},{\"@type\":\"ListItem\",\"position\":2,\"name\":\"CEM Y GRUPO SAE, FIRMAN UN ACUERDO EN MATERIA FORMATIVA CON UN DECIDIDO IMPULSO HACIA LA FP DUAL A TRAV\\u00c9S DE LOS CONTRATOS DE FORMACI\\u00d3N Y APRENDIZAJE ENTRE EL TEJIDO EMPRESARIAL MALAGUE\\u00d1O\"}]},{\"@type\":\"Article\",\"@id\":\"https:\/\/gruposae.online\/index.php\/2019\/09\/19\/cem-y-grupo-sae-firman-un-acuerdo-en-materia-formativa-con-un-decidido-impulso-hacia-la-fp-dual-a-traves-de-los-contratos-de-formacion-y-aprendizaje-entre-el-tejido-empresarial-malagueno\/#article\",\"isPartOf\":{\"@id\":\"https:\/\/gruposae.online\/index.php\/2019\/09\/19\/cem-y-grupo-sae-firman-un-acuerdo-en-materia-formativa-con-un-decidido-impulso-hacia-la-fp-dual-a-traves-de-los-contratos-de-formacion-y-aprendizaje-entre-el-tejido-empresarial-malagueno\/#webpage\"},\"author\":{\"@id\":\"https:\/\/gruposae.online\/#\/schema\/person\/d6fb6dc442a37fce8d62ef76e3d5066e\"},\"headline\":\"CEM Y GRUPO SAE, FIRMAN UN ACUERDO EN MATERIA FORMATIVA CON UN DECIDIDO IMPULSO HACIA LA FP DUAL A TRAV\\u00c9S DE LOS CONTRATOS DE FORMACI\\u00d3N Y APRENDIZAJE ENTRE EL TEJIDO EMPRESARIAL MALAGUE\\u00d1O\",\"datePublished\":\"2019-09-19T14:43:45+00:00\",\"dateModified\":\"2021-09-17T14:48:36+00:00\",\"mainEntityOfPage\":{\"@id\":\"https:\/\/gruposae.online\/index.php\/2019\/09\/19\/cem-y-grupo-sae-firman-un-acuerdo-en-materia-formativa-con-un-decidido-impulso-hacia-la-fp-dual-a-traves-de-los-contratos-de-formacion-y-aprendizaje-entre-el-tejido-empresarial-malagueno\/#webpage\"},\"wordCount\":222,\"commentCount\":0,\"publisher\":{\"@id\":\"https:\/\/gruposae.online\/#organization\"},\"image\":{\"@id\":\"https:\/\/gruposae.online\/index.php\/2019\/09\/19\/cem-y-grupo-sae-firman-un-acuerdo-en-materia-formativa-con-un-decidido-impulso-hacia-la-fp-dual-a-traves-de-los-contratos-de-formacion-y-aprendizaje-entre-el-tejido-empresarial-malagueno\/#primaryimage\"},\"thumbnailUrl\":\"https:\/\/gruposae.online\/wp-content\/uploads\/2021\/09\/63503204d18160dd6a733e989b70c404_XL.jpg\",\"articleSection\":[\"Grupo SAE\"],\"inLanguage\":\"es\",\"potentialAction\":[{\"@type\":\"CommentAction\",\"name\":\"Comment\",\"target\":[\"https:\/\/gruposae.online\/index.php\/2019\/09\/19\/cem-y-grupo-sae-firman-un-acuerdo-en-materia-formativa-con-un-decidido-impulso-hacia-la-fp-dual-a-traves-de-los-contratos-de-formacion-y-aprendizaje-entre-el-tejido-empresarial-malagueno\/#respond\"]}]},{\"@type\":\"Person\",\"@id\":\"https:\/\/gruposae.online\/#\/schema\/person\/d6fb6dc442a37fce8d62ef76e3d5066e\",\"name\":\"admin\",\"image\":{\"@type\":\"ImageObject\",\"@id\":\"https:\/\/gruposae.online\/#personlogo\",\"inLanguage\":\"es\",\"url\":\"https:\/\/secure.gravatar.com\/avatar\/c46f05e54262093a8296c238813957ed?s=96&d=mm&r=g\",\"contentUrl\":\"https:\/\/secure.gravatar.com\/avatar\/c46f05e54262093a8296c238813957ed?s=96&d=mm&r=g\",\"caption\":\"admin\"},\"sameAs\":[\"https:\/\/gruposae.online\"]}]}<\/script>\n<!-- \/ Yoast SEO plugin. -->","yoast_head_json":{"title":"CEM Y GRUPO SAE, FIRMAN UN ACUERDO EN MATERIA FORMATIVA CON UN DECIDIDO IMPULSO HACIA LA FP DUAL A TRAV\u00c9S DE LOS CONTRATOS DE FORMACI\u00d3N Y APRENDIZAJE ENTRE EL TEJIDO EMPRESARIAL MALAGUE\u00d1O - Grupo SAE","robots":{"index":"index","follow":"follow","max-snippet":"max-snippet:-1","max-image-preview":"max-image-preview:large","max-video-preview":"max-video-preview:-1"},"canonical":"https:\/\/gruposae.online\/index.php\/2019\/09\/19\/cem-y-grupo-sae-firman-un-acuerdo-en-materia-formativa-con-un-decidido-impulso-hacia-la-fp-dual-a-traves-de-los-contratos-de-formacion-y-aprendizaje-entre-el-tejido-empresarial-malagueno\/","og_locale":"es_ES","og_type":"article","og_title":"CEM Y GRUPO SAE, FIRMAN UN ACUERDO EN MATERIA FORMATIVA CON UN DECIDIDO IMPULSO HACIA LA FP DUAL A TRAV\u00c9S DE LOS CONTRATOS DE FORMACI\u00d3N Y APRENDIZAJE ENTRE EL TEJIDO EMPRESARIAL MALAGUE\u00d1O - Grupo SAE","og_description":"GRUPO SAE y la CONFEDERACION DE EMPRESARIOS DE MALAGA (CEM) han firmado un Convenio de Colaboraci\u00f3n el pasado d\u00eda 13 de septiembre, que recoge un amplio [\u2026]","og_url":"https:\/\/gruposae.online\/index.php\/2019\/09\/19\/cem-y-grupo-sae-firman-un-acuerdo-en-materia-formativa-con-un-decidido-impulso-hacia-la-fp-dual-a-traves-de-los-contratos-de-formacion-y-aprendizaje-entre-el-tejido-empresarial-malagueno\/","og_site_name":"Grupo SAE","article_published_time":"2019-09-19T14:43:45+00:00","article_modified_time":"2021-09-17T14:48:36+00:00","og_image":[{"width":1200,"height":748,"url":"https:\/\/gruposae.online\/wp-content\/uploads\/2021\/09\/63503204d18160dd6a733e989b70c404_XL.jpg","type":"image\/jpeg"}],"twitter_card":"summary_large_image","twitter_misc":{"Escrito por":"admin","Tiempo de lectura":"1 minuto"},"schema":{"@context":"https:\/\/schema.org","@graph":[{"@type":"Organization","@id":"https:\/\/gruposae.online\/#organization","name":"Grupo SAE","url":"https:\/\/gruposae.online\/","sameAs":[],"logo":{"@type":"ImageObject","@id":"https:\/\/gruposae.online\/#logo","inLanguage":"es","url":"https:\/\/gruposae.online\/wp-content\/uploads\/2021\/08\/logo-gruposae-header.png","contentUrl":"https:\/\/gruposae.online\/wp-content\/uploads\/2021\/08\/logo-gruposae-header.png","width":335,"height":70,"caption":"Grupo SAE"},"image":{"@id":"https:\/\/gruposae.online\/#logo"}},{"@type":"WebSite","@id":"https:\/\/gruposae.online\/#website","url":"https:\/\/gruposae.online\/","name":"Grupo SAE","description":"","publisher":{"@id":"https:\/\/gruposae.online\/#organization"},"potentialAction":[{"@type":"SearchAction","target":{"@type":"EntryPoint","urlTemplate":"https:\/\/gruposae.online\/?s={search_term_string}"},"query-input":"required name=search_term_string"}],"inLanguage":"es"},{"@type":"ImageObject","@id":"https:\/\/gruposae.online\/index.php\/2019\/09\/19\/cem-y-grupo-sae-firman-un-acuerdo-en-materia-formativa-con-un-decidido-impulso-hacia-la-fp-dual-a-traves-de-los-contratos-de-formacion-y-aprendizaje-entre-el-tejido-empresarial-malagueno\/#primaryimage","inLanguage":"es","url":"https:\/\/gruposae.online\/wp-content\/uploads\/2021\/09\/63503204d18160dd6a733e989b70c404_XL.jpg","contentUrl":"https:\/\/gruposae.online\/wp-content\/uploads\/2021\/09\/63503204d18160dd6a733e989b70c404_XL.jpg","width":1200,"height":748},{"@type":"WebPage","@id":"https:\/\/gruposae.online\/index.php\/2019\/09\/19\/cem-y-grupo-sae-firman-un-acuerdo-en-materia-formativa-con-un-decidido-impulso-hacia-la-fp-dual-a-traves-de-los-contratos-de-formacion-y-aprendizaje-entre-el-tejido-empresarial-malagueno\/#webpage","url":"https:\/\/gruposae.online\/index.php\/2019\/09\/19\/cem-y-grupo-sae-firman-un-acuerdo-en-materia-formativa-con-un-decidido-impulso-hacia-la-fp-dual-a-traves-de-los-contratos-de-formacion-y-aprendizaje-entre-el-tejido-empresarial-malagueno\/","name":"CEM Y GRUPO SAE, FIRMAN UN ACUERDO EN MATERIA FORMATIVA CON UN DECIDIDO IMPULSO HACIA LA FP DUAL A TRAV\u00c9S DE LOS CONTRATOS DE FORMACI\u00d3N Y APRENDIZAJE ENTRE EL TEJIDO EMPRESARIAL MALAGUE\u00d1O - Grupo SAE","isPartOf":{"@id":"https:\/\/gruposae.online\/#website"},"primaryImageOfPage":{"@id":"https:\/\/gruposae.online\/index.php\/2019\/09\/19\/cem-y-grupo-sae-firman-un-acuerdo-en-materia-formativa-con-un-decidido-impulso-hacia-la-fp-dual-a-traves-de-los-contratos-de-formacion-y-aprendizaje-entre-el-tejido-empresarial-malagueno\/#primaryimage"},"datePublished":"2019-09-19T14:43:45+00:00","dateModified":"2021-09-17T14:48:36+00:00","breadcrumb":{"@id":"https:\/\/gruposae.online\/index.php\/2019\/09\/19\/cem-y-grupo-sae-firman-un-acuerdo-en-materia-formativa-con-un-decidido-impulso-hacia-la-fp-dual-a-traves-de-los-contratos-de-formacion-y-aprendizaje-entre-el-tejido-empresarial-malagueno\/#breadcrumb"},"inLanguage":"es","potentialAction":[{"@type":"ReadAction","target":["https:\/\/gruposae.online\/index.php\/2019\/09\/19\/cem-y-grupo-sae-firman-un-acuerdo-en-materia-formativa-con-un-decidido-impulso-hacia-la-fp-dual-a-traves-de-los-contratos-de-formacion-y-aprendizaje-entre-el-tejido-empresarial-malagueno\/"]}]},{"@type":"BreadcrumbList","@id":"https:\/\/gruposae.online\/index.php\/2019\/09\/19\/cem-y-grupo-sae-firman-un-acuerdo-en-materia-formativa-con-un-decidido-impulso-hacia-la-fp-dual-a-traves-de-los-contratos-de-formacion-y-aprendizaje-entre-el-tejido-empresarial-malagueno\/#breadcrumb","itemListElement":[{"@type":"ListItem","position":1,"name":"Portada","item":"https:\/\/gruposae.online\/"},{"@type":"ListItem","position":2,"name":"CEM Y GRUPO SAE, FIRMAN UN ACUERDO EN MATERIA FORMATIVA CON UN DECIDIDO IMPULSO HACIA LA FP DUAL A TRAV\u00c9S DE LOS CONTRATOS DE FORMACI\u00d3N Y APRENDIZAJE ENTRE EL TEJIDO EMPRESARIAL MALAGUE\u00d1O"}]},{"@type":"Article","@id":"https:\/\/gruposae.online\/index.php\/2019\/09\/19\/cem-y-grupo-sae-firman-un-acuerdo-en-materia-formativa-con-un-decidido-impulso-hacia-la-fp-dual-a-traves-de-los-contratos-de-formacion-y-aprendizaje-entre-el-tejido-empresarial-malagueno\/#article","isPartOf":{"@id":"https:\/\/gruposae.online\/index.php\/2019\/09\/19\/cem-y-grupo-sae-firman-un-acuerdo-en-materia-formativa-con-un-decidido-impulso-hacia-la-fp-dual-a-traves-de-los-contratos-de-formacion-y-aprendizaje-entre-el-tejido-empresarial-malagueno\/#webpage"},"author":{"@id":"https:\/\/gruposae.online\/#\/schema\/person\/d6fb6dc442a37fce8d62ef76e3d5066e"},"headline":"CEM Y GRUPO SAE, FIRMAN UN ACUERDO EN MATERIA FORMATIVA CON UN DECIDIDO IMPULSO HACIA LA FP DUAL A TRAV\u00c9S DE LOS CONTRATOS DE FORMACI\u00d3N Y APRENDIZAJE ENTRE EL TEJIDO EMPRESARIAL MALAGUE\u00d1O","datePublished":"2019-09-19T14:43:45+00:00","dateModified":"2021-09-17T14:48:36+00:00","mainEntityOfPage":{"@id":"https:\/\/gruposae.online\/index.php\/2019\/09\/19\/cem-y-grupo-sae-firman-un-acuerdo-en-materia-formativa-con-un-decidido-impulso-hacia-la-fp-dual-a-traves-de-los-contratos-de-formacion-y-aprendizaje-entre-el-tejido-empresarial-malagueno\/#webpage"},"wordCount":222,"commentCount":0,"publisher":{"@id":"https:\/\/gruposae.online\/#organization"},"image":{"@id":"https:\/\/gruposae.online\/index.php\/2019\/09\/19\/cem-y-grupo-sae-firman-un-acuerdo-en-materia-formativa-con-un-decidido-impulso-hacia-la-fp-dual-a-traves-de-los-contratos-de-formacion-y-aprendizaje-entre-el-tejido-empresarial-malagueno\/#primaryimage"},"thumbnailUrl":"https:\/\/gruposae.online\/wp-content\/uploads\/2021\/09\/63503204d18160dd6a733e989b70c404_XL.jpg","articleSection":["Grupo SAE"],"inLanguage":"es","potentialAction":[{"@type":"CommentAction","name":"Comment","target":["https:\/\/gruposae.online\/index.php\/2019\/09\/19\/cem-y-grupo-sae-firman-un-acuerdo-en-materia-formativa-con-un-decidido-impulso-hacia-la-fp-dual-a-traves-de-los-contratos-de-formacion-y-aprendizaje-entre-el-tejido-empresarial-malagueno\/#respond"]}]},{"@type":"Person","@id":"https:\/\/gruposae.online\/#\/schema\/person\/d6fb6dc442a37fce8d62ef76e3d5066e","name":"admin","image":{"@type":"ImageObject","@id":"https:\/\/gruposae.online\/#personlogo","inLanguage":"es","url":"https:\/\/secure.gravatar.com\/avatar\/c46f05e54262093a8296c238813957ed?s=96&d=mm&r=g","contentUrl":"https:\/\/secure.gravatar.com\/avatar\/c46f05e54262093a8296c238813957ed?s=96&d=mm&r=g","caption":"admin"},"sameAs":["https:\/\/gruposae.online"]}]}},"_links":{"self":[{"href":"https:\/\/gruposae.online\/index.php\/wp-json\/wp\/v2\/posts\/291"}],"collection":[{"href":"https:\/\/gruposae.online\/index.php\/wp-json\/wp\/v2\/posts"}],"about":[{"href":"https:\/\/gruposae.online\/index.php\/wp-json\/wp\/v2\/types\/post"}],"author":[{"embeddable":true,"href":"https:\/\/gruposae.online\/index.php\/wp-json\/wp\/v2\/users\/1"}],"replies":[{"embeddable":true,"href":"https:\/\/gruposae.online\/index.php\/wp-json\/wp\/v2\/comments?post=291"}],"version-history":[{"count":1,"href":"https:\/\/gruposae.online\/index.php\/wp-json\/wp\/v2\/posts\/291\/revisions"}],"predecessor-version":[{"id":294,"href":"https:\/\/gruposae.online\/index.php\/wp-json\/wp\/v2\/posts\/291\/revisions\/294"}],"wp:featuredmedia":[{"embeddable":true,"href":"https:\/\/gruposae.online\/index.php\/wp-json\/wp\/v2\/media\/292"}],"wp:attachment":[{"href":"https:\/\/gruposae.online\/index.php\/wp-json\/wp\/v2\/media?parent=291"}],"wp:term":[{"taxonomy":"category","embeddable":true,"href":"https:\/\/gruposae.online\/index.php\/wp-json\/wp\/v2\/categories?post=291"},{"taxonomy":"post_tag","embeddable":true,"href":"https:\/\/gruposae.online\/index.php\/wp-json\/wp\/v2\/tags?post=291"}],"curies":[{"name":"wp","href":"https:\/\/api.w.org\/{rel}","templated":true}]}}