{"id":295,"date":"2019-09-10T14:45:20","date_gmt":"2019-09-10T14:45:20","guid":{"rendered":"https:\/\/gruposae.online\/?p=295"},"modified":"2021-09-17T14:48:47","modified_gmt":"2021-09-17T14:48:47","slug":"firma-de-convenio-de-empresas-con-el-centro-docente-privado-de-formacion-profesional-juan-valera","status":"publish","type":"post","link":"https:\/\/gruposae.online\/index.php\/2019\/09\/10\/firma-de-convenio-de-empresas-con-el-centro-docente-privado-de-formacion-profesional-juan-valera\/","title":{"rendered":"FIRMA DE CONVENIO DE EMPRESAS CON EL CENTRO DOCENTE PRIVADO DE FORMACION PROFESIONAL JUAN VALERA"},"content":{"rendered":"<div>\n<p>El pasado 6 de Septiembre, ha tenido lugar en el Centro Docente Privado de Formacion Profesional JUAN VALERA, Centro Oficial Autorizado por la Consejer\u00eda de Educaci\u00f3n, el acto de la Firma de Convenios con las Empresas que participaran en el desarrollo de los Proyectos de FP Dual, para los ciclos de GRADO MEDIO Y SUPERIOR<\/p>\n<\/div>\n<div>\n<ul>\n<li>ACTIVIDADES COMERCIALES<\/li>\n<li>GESTION ADMINISTRATIVA<\/li>\n<li>ADMINISTRACION Y FINANZAS<\/li>\n<\/ul>\n<p>Dicho acto, ha contado con la presencia del Alcalde del Excmo. Ayuntamiento de Lucena D. Juan Perez y de la Concejala de Educaci\u00f3n D\u00aa Teresa Alonso, junto con las empresas e instituciones siguientes:<\/p>\n<ul>\n<li>EXCMO. AYUNTAMIENTO DE LUCENA<\/li>\n<li>JIMENEZ VISO<\/li>\n<li>GESTORIA ARAS<\/li>\n<li>GRUPO ASESORES<\/li>\n<li>TIENDAS OPTIMA<\/li>\n<li>PIEDRA MARMOL<\/li>\n<li>TIENDAS DE DEPORTES OTEROS<\/li>\n<li>TOY PLANET<\/li>\n<li>MILAR LUCENA<\/li>\n<li>DISTRIBUCIONES NARBONA SOLIS<\/li>\n<li>GRUPO DEVIDEAL STYLO<\/li>\n<li>GLOBAL RETAL SYSTEM<\/li>\n<li>TU ESENCIA<\/li>\n<li>INNOVACION ANDALUZA DE DISE\u00d1O INDUSTRIAL<\/li>\n<li>SAE CANAL TECNOLOGICO FORMACION Y EMPRESAS<\/li>\n<\/ul>\n<p>Juan Valera integrado en el edificio de GrupoSae en Lucena, pone un proyecto innovador de FP DUAL, siendo el \u00fanico centro privado en la Subbetica y la Campi\u00f1a Cordobesa, en esta modalidad, en la que los alumnos APRENDERAN\/TRABAJANDO al mismo tiempo, obteniendo adem\u00e1s una \u201cremuneraci\u00f3n mensual\u201d. A los ciclos podr\u00e1n acceder todas las personas con independencia de su edad, siempre que cumplan con los requisitos de acceso. El departamento de Secretaria y Direcci\u00f3n Pedag\u00f3gica, realizar\u00e1 con las personas interesadas una entrevista personalizada, para una orientaci\u00f3n acad\u00e9mica y profesional, ajustada al perfil de cada solicitante, tel\u00e9fono para concertar visita: 957860095 responsable: Carmen Marquez.<\/p>\n<p>Plazas Limitadas, abierto plazo de matr\u00edcula.<\/p>\n<p>M\u00e1s informaci\u00f3n en nuestra web:\u00a0<a href=\"https:\/\/gruposae.online\/www.fpjuanvalera.es\">www.fpjuanvalera.es<\/a><\/p>\n<\/div>\n","protected":false},"excerpt":{"rendered":"<p>El pasado 6 de Septiembre, ha tenido lugar en el Centro Docente Privado de Formacion Profesional JUAN VALERA, Centro Oficial Autorizado por la Consejer\u00eda de Educaci\u00f3n,<span class=\"excerpt-hellip\"> [\u2026]<\/span><\/p>\n","protected":false},"author":1,"featured_media":296,"comment_status":"open","ping_status":"open","sticky":false,"template":"","format":"standard","meta":[],"categories":[1],"tags":[],"yoast_head":"<!-- This site is optimized with the Yoast SEO plugin v17.3 - https:\/\/yoast.com\/wordpress\/plugins\/seo\/ -->\n<title>FIRMA DE CONVENIO DE EMPRESAS CON EL CENTRO DOCENTE PRIVADO DE FORMACION PROFESIONAL JUAN VALERA - Grupo SAE<\/title>\n<meta name=\"robots\" content=\"index, follow, max-snippet:-1, max-image-preview:large, max-video-preview:-1\" \/>\n<link rel=\"canonical\" href=\"https:\/\/gruposae.online\/index.php\/2019\/09\/10\/firma-de-convenio-de-empresas-con-el-centro-docente-privado-de-formacion-profesional-juan-valera\/\" \/>\n<meta property=\"og:locale\" content=\"es_ES\" \/>\n<meta property=\"og:type\" content=\"article\" \/>\n<meta property=\"og:title\" content=\"FIRMA DE CONVENIO DE EMPRESAS CON EL CENTRO DOCENTE PRIVADO DE FORMACION PROFESIONAL JUAN VALERA - Grupo SAE\" \/>\n<meta property=\"og:description\" content=\"El pasado 6 de Septiembre, ha tenido lugar en el Centro Docente Privado de Formacion Profesional JUAN VALERA, Centro Oficial Autorizado por la Consejer\u00eda de Educaci\u00f3n, [\u2026]\" \/>\n<meta property=\"og:url\" content=\"https:\/\/gruposae.online\/index.php\/2019\/09\/10\/firma-de-convenio-de-empresas-con-el-centro-docente-privado-de-formacion-profesional-juan-valera\/\" \/>\n<meta property=\"og:site_name\" content=\"Grupo SAE\" \/>\n<meta property=\"article:published_time\" content=\"2019-09-10T14:45:20+00:00\" \/>\n<meta property=\"article:modified_time\" content=\"2021-09-17T14:48:47+00:00\" \/>\n<meta property=\"og:image\" content=\"https:\/\/gruposae.online\/wp-content\/uploads\/2021\/09\/e44a6f32e15cb53ee479b2697e759e2e_XL.jpg\" \/>\n\t<meta property=\"og:image:width\" content=\"1200\" \/>\n\t<meta property=\"og:image:height\" content=\"748\" \/>\n<meta name=\"twitter:card\" content=\"summary_large_image\" \/>\n<meta name=\"twitter:label1\" content=\"Escrito por\" \/>\n\t<meta name=\"twitter:data1\" content=\"admin\" \/>\n\t<meta name=\"twitter:label2\" content=\"Tiempo de lectura\" \/>\n\t<meta name=\"twitter:data2\" content=\"1 minuto\" \/>\n<script type=\"application\/ld+json\" class=\"yoast-schema-graph\">{\"@context\":\"https:\/\/schema.org\",\"@graph\":[{\"@type\":\"Organization\",\"@id\":\"https:\/\/gruposae.online\/#organization\",\"name\":\"Grupo SAE\",\"url\":\"https:\/\/gruposae.online\/\",\"sameAs\":[],\"logo\":{\"@type\":\"ImageObject\",\"@id\":\"https:\/\/gruposae.online\/#logo\",\"inLanguage\":\"es\",\"url\":\"https:\/\/gruposae.online\/wp-content\/uploads\/2021\/08\/logo-gruposae-header.png\",\"contentUrl\":\"https:\/\/gruposae.online\/wp-content\/uploads\/2021\/08\/logo-gruposae-header.png\",\"width\":335,\"height\":70,\"caption\":\"Grupo SAE\"},\"image\":{\"@id\":\"https:\/\/gruposae.online\/#logo\"}},{\"@type\":\"WebSite\",\"@id\":\"https:\/\/gruposae.online\/#website\",\"url\":\"https:\/\/gruposae.online\/\",\"name\":\"Grupo SAE\",\"description\":\"\",\"publisher\":{\"@id\":\"https:\/\/gruposae.online\/#organization\"},\"potentialAction\":[{\"@type\":\"SearchAction\",\"target\":{\"@type\":\"EntryPoint\",\"urlTemplate\":\"https:\/\/gruposae.online\/?s={search_term_string}\"},\"query-input\":\"required name=search_term_string\"}],\"inLanguage\":\"es\"},{\"@type\":\"ImageObject\",\"@id\":\"https:\/\/gruposae.online\/index.php\/2019\/09\/10\/firma-de-convenio-de-empresas-con-el-centro-docente-privado-de-formacion-profesional-juan-valera\/#primaryimage\",\"inLanguage\":\"es\",\"url\":\"https:\/\/gruposae.online\/wp-content\/uploads\/2021\/09\/e44a6f32e15cb53ee479b2697e759e2e_XL.jpg\",\"contentUrl\":\"https:\/\/gruposae.online\/wp-content\/uploads\/2021\/09\/e44a6f32e15cb53ee479b2697e759e2e_XL.jpg\",\"width\":1200,\"height\":748},{\"@type\":\"WebPage\",\"@id\":\"https:\/\/gruposae.online\/index.php\/2019\/09\/10\/firma-de-convenio-de-empresas-con-el-centro-docente-privado-de-formacion-profesional-juan-valera\/#webpage\",\"url\":\"https:\/\/gruposae.online\/index.php\/2019\/09\/10\/firma-de-convenio-de-empresas-con-el-centro-docente-privado-de-formacion-profesional-juan-valera\/\",\"name\":\"FIRMA DE CONVENIO DE EMPRESAS CON EL CENTRO DOCENTE PRIVADO DE FORMACION PROFESIONAL JUAN VALERA - Grupo SAE\",\"isPartOf\":{\"@id\":\"https:\/\/gruposae.online\/#website\"},\"primaryImageOfPage\":{\"@id\":\"https:\/\/gruposae.online\/index.php\/2019\/09\/10\/firma-de-convenio-de-empresas-con-el-centro-docente-privado-de-formacion-profesional-juan-valera\/#primaryimage\"},\"datePublished\":\"2019-09-10T14:45:20+00:00\",\"dateModified\":\"2021-09-17T14:48:47+00:00\",\"breadcrumb\":{\"@id\":\"https:\/\/gruposae.online\/index.php\/2019\/09\/10\/firma-de-convenio-de-empresas-con-el-centro-docente-privado-de-formacion-profesional-juan-valera\/#breadcrumb\"},\"inLanguage\":\"es\",\"potentialAction\":[{\"@type\":\"ReadAction\",\"target\":[\"https:\/\/gruposae.online\/index.php\/2019\/09\/10\/firma-de-convenio-de-empresas-con-el-centro-docente-privado-de-formacion-profesional-juan-valera\/\"]}]},{\"@type\":\"BreadcrumbList\",\"@id\":\"https:\/\/gruposae.online\/index.php\/2019\/09\/10\/firma-de-convenio-de-empresas-con-el-centro-docente-privado-de-formacion-profesional-juan-valera\/#breadcrumb\",\"itemListElement\":[{\"@type\":\"ListItem\",\"position\":1,\"name\":\"Portada\",\"item\":\"https:\/\/gruposae.online\/\"},{\"@type\":\"ListItem\",\"position\":2,\"name\":\"FIRMA DE CONVENIO DE EMPRESAS CON EL CENTRO DOCENTE PRIVADO DE FORMACION PROFESIONAL JUAN VALERA\"}]},{\"@type\":\"Article\",\"@id\":\"https:\/\/gruposae.online\/index.php\/2019\/09\/10\/firma-de-convenio-de-empresas-con-el-centro-docente-privado-de-formacion-profesional-juan-valera\/#article\",\"isPartOf\":{\"@id\":\"https:\/\/gruposae.online\/index.php\/2019\/09\/10\/firma-de-convenio-de-empresas-con-el-centro-docente-privado-de-formacion-profesional-juan-valera\/#webpage\"},\"author\":{\"@id\":\"https:\/\/gruposae.online\/#\/schema\/person\/d6fb6dc442a37fce8d62ef76e3d5066e\"},\"headline\":\"FIRMA DE CONVENIO DE EMPRESAS CON EL CENTRO DOCENTE PRIVADO DE FORMACION PROFESIONAL JUAN VALERA\",\"datePublished\":\"2019-09-10T14:45:20+00:00\",\"dateModified\":\"2021-09-17T14:48:47+00:00\",\"mainEntityOfPage\":{\"@id\":\"https:\/\/gruposae.online\/index.php\/2019\/09\/10\/firma-de-convenio-de-empresas-con-el-centro-docente-privado-de-formacion-profesional-juan-valera\/#webpage\"},\"wordCount\":285,\"commentCount\":0,\"publisher\":{\"@id\":\"https:\/\/gruposae.online\/#organization\"},\"image\":{\"@id\":\"https:\/\/gruposae.online\/index.php\/2019\/09\/10\/firma-de-convenio-de-empresas-con-el-centro-docente-privado-de-formacion-profesional-juan-valera\/#primaryimage\"},\"thumbnailUrl\":\"https:\/\/gruposae.online\/wp-content\/uploads\/2021\/09\/e44a6f32e15cb53ee479b2697e759e2e_XL.jpg\",\"articleSection\":[\"Grupo SAE\"],\"inLanguage\":\"es\",\"potentialAction\":[{\"@type\":\"CommentAction\",\"name\":\"Comment\",\"target\":[\"https:\/\/gruposae.online\/index.php\/2019\/09\/10\/firma-de-convenio-de-empresas-con-el-centro-docente-privado-de-formacion-profesional-juan-valera\/#respond\"]}]},{\"@type\":\"Person\",\"@id\":\"https:\/\/gruposae.online\/#\/schema\/person\/d6fb6dc442a37fce8d62ef76e3d5066e\",\"name\":\"admin\",\"image\":{\"@type\":\"ImageObject\",\"@id\":\"https:\/\/gruposae.online\/#personlogo\",\"inLanguage\":\"es\",\"url\":\"https:\/\/secure.gravatar.com\/avatar\/c46f05e54262093a8296c238813957ed?s=96&d=mm&r=g\",\"contentUrl\":\"https:\/\/secure.gravatar.com\/avatar\/c46f05e54262093a8296c238813957ed?s=96&d=mm&r=g\",\"caption\":\"admin\"},\"sameAs\":[\"https:\/\/gruposae.online\"]}]}<\/script>\n<!-- \/ Yoast SEO plugin. -->","yoast_head_json":{"title":"FIRMA DE CONVENIO DE EMPRESAS CON EL CENTRO DOCENTE PRIVADO DE FORMACION PROFESIONAL JUAN VALERA - Grupo SAE","robots":{"index":"index","follow":"follow","max-snippet":"max-snippet:-1","max-image-preview":"max-image-preview:large","max-video-preview":"max-video-preview:-1"},"canonical":"https:\/\/gruposae.online\/index.php\/2019\/09\/10\/firma-de-convenio-de-empresas-con-el-centro-docente-privado-de-formacion-profesional-juan-valera\/","og_locale":"es_ES","og_type":"article","og_title":"FIRMA DE CONVENIO DE EMPRESAS CON EL CENTRO DOCENTE PRIVADO DE FORMACION PROFESIONAL JUAN VALERA - Grupo SAE","og_description":"El pasado 6 de Septiembre, ha tenido lugar en el Centro Docente Privado de Formacion Profesional JUAN VALERA, Centro Oficial Autorizado por la Consejer\u00eda de Educaci\u00f3n, [\u2026]","og_url":"https:\/\/gruposae.online\/index.php\/2019\/09\/10\/firma-de-convenio-de-empresas-con-el-centro-docente-privado-de-formacion-profesional-juan-valera\/","og_site_name":"Grupo SAE","article_published_time":"2019-09-10T14:45:20+00:00","article_modified_time":"2021-09-17T14:48:47+00:00","og_image":[{"width":1200,"height":748,"url":"https:\/\/gruposae.online\/wp-content\/uploads\/2021\/09\/e44a6f32e15cb53ee479b2697e759e2e_XL.jpg","type":"image\/jpeg"}],"twitter_card":"summary_large_image","twitter_misc":{"Escrito por":"admin","Tiempo de lectura":"1 minuto"},"schema":{"@context":"https:\/\/schema.org","@graph":[{"@type":"Organization","@id":"https:\/\/gruposae.online\/#organization","name":"Grupo SAE","url":"https:\/\/gruposae.online\/","sameAs":[],"logo":{"@type":"ImageObject","@id":"https:\/\/gruposae.online\/#logo","inLanguage":"es","url":"https:\/\/gruposae.online\/wp-content\/uploads\/2021\/08\/logo-gruposae-header.png","contentUrl":"https:\/\/gruposae.online\/wp-content\/uploads\/2021\/08\/logo-gruposae-header.png","width":335,"height":70,"caption":"Grupo SAE"},"image":{"@id":"https:\/\/gruposae.online\/#logo"}},{"@type":"WebSite","@id":"https:\/\/gruposae.online\/#website","url":"https:\/\/gruposae.online\/","name":"Grupo SAE","description":"","publisher":{"@id":"https:\/\/gruposae.online\/#organization"},"potentialAction":[{"@type":"SearchAction","target":{"@type":"EntryPoint","urlTemplate":"https:\/\/gruposae.online\/?s={search_term_string}"},"query-input":"required name=search_term_string"}],"inLanguage":"es"},{"@type":"ImageObject","@id":"https:\/\/gruposae.online\/index.php\/2019\/09\/10\/firma-de-convenio-de-empresas-con-el-centro-docente-privado-de-formacion-profesional-juan-valera\/#primaryimage","inLanguage":"es","url":"https:\/\/gruposae.online\/wp-content\/uploads\/2021\/09\/e44a6f32e15cb53ee479b2697e759e2e_XL.jpg","contentUrl":"https:\/\/gruposae.online\/wp-content\/uploads\/2021\/09\/e44a6f32e15cb53ee479b2697e759e2e_XL.jpg","width":1200,"height":748},{"@type":"WebPage","@id":"https:\/\/gruposae.online\/index.php\/2019\/09\/10\/firma-de-convenio-de-empresas-con-el-centro-docente-privado-de-formacion-profesional-juan-valera\/#webpage","url":"https:\/\/gruposae.online\/index.php\/2019\/09\/10\/firma-de-convenio-de-empresas-con-el-centro-docente-privado-de-formacion-profesional-juan-valera\/","name":"FIRMA DE CONVENIO DE EMPRESAS CON EL CENTRO DOCENTE PRIVADO DE FORMACION PROFESIONAL JUAN VALERA - Grupo SAE","isPartOf":{"@id":"https:\/\/gruposae.online\/#website"},"primaryImageOfPage":{"@id":"https:\/\/gruposae.online\/index.php\/2019\/09\/10\/firma-de-convenio-de-empresas-con-el-centro-docente-privado-de-formacion-profesional-juan-valera\/#primaryimage"},"datePublished":"2019-09-10T14:45:20+00:00","dateModified":"2021-09-17T14:48:47+00:00","breadcrumb":{"@id":"https:\/\/gruposae.online\/index.php\/2019\/09\/10\/firma-de-convenio-de-empresas-con-el-centro-docente-privado-de-formacion-profesional-juan-valera\/#breadcrumb"},"inLanguage":"es","potentialAction":[{"@type":"ReadAction","target":["https:\/\/gruposae.online\/index.php\/2019\/09\/10\/firma-de-convenio-de-empresas-con-el-centro-docente-privado-de-formacion-profesional-juan-valera\/"]}]},{"@type":"BreadcrumbList","@id":"https:\/\/gruposae.online\/index.php\/2019\/09\/10\/firma-de-convenio-de-empresas-con-el-centro-docente-privado-de-formacion-profesional-juan-valera\/#breadcrumb","itemListElement":[{"@type":"ListItem","position":1,"name":"Portada","item":"https:\/\/gruposae.online\/"},{"@type":"ListItem","position":2,"name":"FIRMA DE CONVENIO DE EMPRESAS CON EL CENTRO DOCENTE PRIVADO DE FORMACION PROFESIONAL JUAN VALERA"}]},{"@type":"Article","@id":"https:\/\/gruposae.online\/index.php\/2019\/09\/10\/firma-de-convenio-de-empresas-con-el-centro-docente-privado-de-formacion-profesional-juan-valera\/#article","isPartOf":{"@id":"https:\/\/gruposae.online\/index.php\/2019\/09\/10\/firma-de-convenio-de-empresas-con-el-centro-docente-privado-de-formacion-profesional-juan-valera\/#webpage"},"author":{"@id":"https:\/\/gruposae.online\/#\/schema\/person\/d6fb6dc442a37fce8d62ef76e3d5066e"},"headline":"FIRMA DE CONVENIO DE EMPRESAS CON EL CENTRO DOCENTE PRIVADO DE FORMACION PROFESIONAL JUAN VALERA","datePublished":"2019-09-10T14:45:20+00:00","dateModified":"2021-09-17T14:48:47+00:00","mainEntityOfPage":{"@id":"https:\/\/gruposae.online\/index.php\/2019\/09\/10\/firma-de-convenio-de-empresas-con-el-centro-docente-privado-de-formacion-profesional-juan-valera\/#webpage"},"wordCount":285,"commentCount":0,"publisher":{"@id":"https:\/\/gruposae.online\/#organization"},"image":{"@id":"https:\/\/gruposae.online\/index.php\/2019\/09\/10\/firma-de-convenio-de-empresas-con-el-centro-docente-privado-de-formacion-profesional-juan-valera\/#primaryimage"},"thumbnailUrl":"https:\/\/gruposae.online\/wp-content\/uploads\/2021\/09\/e44a6f32e15cb53ee479b2697e759e2e_XL.jpg","articleSection":["Grupo SAE"],"inLanguage":"es","potentialAction":[{"@type":"CommentAction","name":"Comment","target":["https:\/\/gruposae.online\/index.php\/2019\/09\/10\/firma-de-convenio-de-empresas-con-el-centro-docente-privado-de-formacion-profesional-juan-valera\/#respond"]}]},{"@type":"Person","@id":"https:\/\/gruposae.online\/#\/schema\/person\/d6fb6dc442a37fce8d62ef76e3d5066e","name":"admin","image":{"@type":"ImageObject","@id":"https:\/\/gruposae.online\/#personlogo","inLanguage":"es","url":"https:\/\/secure.gravatar.com\/avatar\/c46f05e54262093a8296c238813957ed?s=96&d=mm&r=g","contentUrl":"https:\/\/secure.gravatar.com\/avatar\/c46f05e54262093a8296c238813957ed?s=96&d=mm&r=g","caption":"admin"},"sameAs":["https:\/\/gruposae.online"]}]}},"_links":{"self":[{"href":"https:\/\/gruposae.online\/index.php\/wp-json\/wp\/v2\/posts\/295"}],"collection":[{"href":"https:\/\/gruposae.online\/index.php\/wp-json\/wp\/v2\/posts"}],"about":[{"href":"https:\/\/gruposae.online\/index.php\/wp-json\/wp\/v2\/types\/post"}],"author":[{"embeddable":true,"href":"https:\/\/gruposae.online\/index.php\/wp-json\/wp\/v2\/users\/1"}],"replies":[{"embeddable":true,"href":"https:\/\/gruposae.online\/index.php\/wp-json\/wp\/v2\/comments?post=295"}],"version-history":[{"count":1,"href":"https:\/\/gruposae.online\/index.php\/wp-json\/wp\/v2\/posts\/295\/revisions"}],"predecessor-version":[{"id":297,"href":"https:\/\/gruposae.online\/index.php\/wp-json\/wp\/v2\/posts\/295\/revisions\/297"}],"wp:featuredmedia":[{"embeddable":true,"href":"https:\/\/gruposae.online\/index.php\/wp-json\/wp\/v2\/media\/296"}],"wp:attachment":[{"href":"https:\/\/gruposae.online\/index.php\/wp-json\/wp\/v2\/media?parent=295"}],"wp:term":[{"taxonomy":"category","embeddable":true,"href":"https:\/\/gruposae.online\/index.php\/wp-json\/wp\/v2\/categories?post=295"},{"taxonomy":"post_tag","embeddable":true,"href":"https:\/\/gruposae.online\/index.php\/wp-json\/wp\/v2\/tags?post=295"}],"curies":[{"name":"wp","href":"https:\/\/api.w.org\/{rel}","templated":true}]}}