{"id":298,"date":"2019-09-03T14:46:40","date_gmt":"2019-09-03T14:46:40","guid":{"rendered":"https:\/\/gruposae.online\/?p=298"},"modified":"2021-09-17T14:48:53","modified_gmt":"2021-09-17T14:48:53","slug":"firma-del-convenio-de-colaboracion-en-el-ambito-de-la-formacion-de-la-formacion-para-empleo-con-facemap","status":"publish","type":"post","link":"https:\/\/gruposae.online\/index.php\/2019\/09\/03\/firma-del-convenio-de-colaboracion-en-el-ambito-de-la-formacion-de-la-formacion-para-empleo-con-facemap\/","title":{"rendered":"FIRMA DEL CONVENIO DE COLABORACI\u00d3N EN EL \u00c1MBITO DE LA FORMACION DE LA FORMACION PARA EMPLEO CON FACEMAP"},"content":{"rendered":"<div>\n<p>El pasado 28 de agosto, tuvo lugar en las oficinas de la Delegaci\u00f3n de M\u00e1laga de GRUPOSAE, el Convenio de Colaboraci\u00f3n en el \u00c1mbito de la Formacion de la Formacion para Empleo, con la Federaci\u00f3n de Aut\u00f3nomos, Comerciantes y Empresarios de M\u00e1laga y Provincia (FACEMAP).<\/p>\n<\/div>\n<div>\n<p>En la firma estuvieron presentes el Presidente de FACEMAP D. Juan Antonio Garcia Gordo y el Director General de GrupoSae D.Antonio Toro Caballero. Indicar que dentro de las l\u00edneas generales del Convenio, est\u00e1 previsto una Jornada T\u00e9cnica sobre la Formacion Dual a trav\u00e9s de los Contratos de Formacion, el pr\u00f3ximo d\u00eda 27 de Septiembre en la C\u00e1mara de Comercio de M\u00e1laga, de la que informaremos oportunamente. De igual modo, GrupoSae, ha puesto a disposici\u00f3n de la Asociaci\u00f3n, un Plan para Ocupados especifico del sector COMERCIO, totalmente gratuito.<\/p>\n<\/div>\n","protected":false},"excerpt":{"rendered":"<p>El pasado 28 de agosto, tuvo lugar en las oficinas de la Delegaci\u00f3n de M\u00e1laga de GRUPOSAE, el Convenio de Colaboraci\u00f3n en el \u00c1mbito de la<span class=\"excerpt-hellip\"> [\u2026]<\/span><\/p>\n","protected":false},"author":1,"featured_media":299,"comment_status":"open","ping_status":"open","sticky":false,"template":"","format":"standard","meta":[],"categories":[1],"tags":[],"yoast_head":"<!-- This site is optimized with the Yoast SEO plugin v17.3 - https:\/\/yoast.com\/wordpress\/plugins\/seo\/ -->\n<title>FIRMA DEL CONVENIO DE COLABORACI\u00d3N EN EL \u00c1MBITO DE LA FORMACION DE LA FORMACION PARA EMPLEO CON FACEMAP - Grupo SAE<\/title>\n<meta name=\"robots\" content=\"index, follow, max-snippet:-1, max-image-preview:large, max-video-preview:-1\" \/>\n<link rel=\"canonical\" href=\"https:\/\/gruposae.online\/index.php\/2019\/09\/03\/firma-del-convenio-de-colaboracion-en-el-ambito-de-la-formacion-de-la-formacion-para-empleo-con-facemap\/\" \/>\n<meta property=\"og:locale\" content=\"es_ES\" \/>\n<meta property=\"og:type\" content=\"article\" \/>\n<meta property=\"og:title\" content=\"FIRMA DEL CONVENIO DE COLABORACI\u00d3N EN EL \u00c1MBITO DE LA FORMACION DE LA FORMACION PARA EMPLEO CON FACEMAP - Grupo SAE\" \/>\n<meta property=\"og:description\" content=\"El pasado 28 de agosto, tuvo lugar en las oficinas de la Delegaci\u00f3n de M\u00e1laga de GRUPOSAE, el Convenio de Colaboraci\u00f3n en el \u00c1mbito de la [\u2026]\" \/>\n<meta property=\"og:url\" content=\"https:\/\/gruposae.online\/index.php\/2019\/09\/03\/firma-del-convenio-de-colaboracion-en-el-ambito-de-la-formacion-de-la-formacion-para-empleo-con-facemap\/\" \/>\n<meta property=\"og:site_name\" content=\"Grupo SAE\" \/>\n<meta property=\"article:published_time\" content=\"2019-09-03T14:46:40+00:00\" \/>\n<meta property=\"article:modified_time\" content=\"2021-09-17T14:48:53+00:00\" \/>\n<meta property=\"og:image\" content=\"https:\/\/gruposae.online\/wp-content\/uploads\/2021\/09\/ea457adccaa9e569cff05de9b4f3b04d_XL.jpg\" \/>\n\t<meta property=\"og:image:width\" content=\"1200\" \/>\n\t<meta property=\"og:image:height\" content=\"748\" \/>\n<meta name=\"twitter:card\" content=\"summary_large_image\" \/>\n<meta name=\"twitter:label1\" content=\"Escrito por\" \/>\n\t<meta name=\"twitter:data1\" content=\"admin\" \/>\n\t<meta name=\"twitter:label2\" content=\"Tiempo de lectura\" \/>\n\t<meta name=\"twitter:data2\" content=\"1 minuto\" \/>\n<script type=\"application\/ld+json\" class=\"yoast-schema-graph\">{\"@context\":\"https:\/\/schema.org\",\"@graph\":[{\"@type\":\"Organization\",\"@id\":\"https:\/\/gruposae.online\/#organization\",\"name\":\"Grupo SAE\",\"url\":\"https:\/\/gruposae.online\/\",\"sameAs\":[],\"logo\":{\"@type\":\"ImageObject\",\"@id\":\"https:\/\/gruposae.online\/#logo\",\"inLanguage\":\"es\",\"url\":\"https:\/\/gruposae.online\/wp-content\/uploads\/2021\/08\/logo-gruposae-header.png\",\"contentUrl\":\"https:\/\/gruposae.online\/wp-content\/uploads\/2021\/08\/logo-gruposae-header.png\",\"width\":335,\"height\":70,\"caption\":\"Grupo SAE\"},\"image\":{\"@id\":\"https:\/\/gruposae.online\/#logo\"}},{\"@type\":\"WebSite\",\"@id\":\"https:\/\/gruposae.online\/#website\",\"url\":\"https:\/\/gruposae.online\/\",\"name\":\"Grupo SAE\",\"description\":\"\",\"publisher\":{\"@id\":\"https:\/\/gruposae.online\/#organization\"},\"potentialAction\":[{\"@type\":\"SearchAction\",\"target\":{\"@type\":\"EntryPoint\",\"urlTemplate\":\"https:\/\/gruposae.online\/?s={search_term_string}\"},\"query-input\":\"required name=search_term_string\"}],\"inLanguage\":\"es\"},{\"@type\":\"ImageObject\",\"@id\":\"https:\/\/gruposae.online\/index.php\/2019\/09\/03\/firma-del-convenio-de-colaboracion-en-el-ambito-de-la-formacion-de-la-formacion-para-empleo-con-facemap\/#primaryimage\",\"inLanguage\":\"es\",\"url\":\"https:\/\/gruposae.online\/wp-content\/uploads\/2021\/09\/ea457adccaa9e569cff05de9b4f3b04d_XL.jpg\",\"contentUrl\":\"https:\/\/gruposae.online\/wp-content\/uploads\/2021\/09\/ea457adccaa9e569cff05de9b4f3b04d_XL.jpg\",\"width\":1200,\"height\":748},{\"@type\":\"WebPage\",\"@id\":\"https:\/\/gruposae.online\/index.php\/2019\/09\/03\/firma-del-convenio-de-colaboracion-en-el-ambito-de-la-formacion-de-la-formacion-para-empleo-con-facemap\/#webpage\",\"url\":\"https:\/\/gruposae.online\/index.php\/2019\/09\/03\/firma-del-convenio-de-colaboracion-en-el-ambito-de-la-formacion-de-la-formacion-para-empleo-con-facemap\/\",\"name\":\"FIRMA DEL CONVENIO DE COLABORACI\\u00d3N EN EL \\u00c1MBITO DE LA FORMACION DE LA FORMACION PARA EMPLEO CON FACEMAP - Grupo SAE\",\"isPartOf\":{\"@id\":\"https:\/\/gruposae.online\/#website\"},\"primaryImageOfPage\":{\"@id\":\"https:\/\/gruposae.online\/index.php\/2019\/09\/03\/firma-del-convenio-de-colaboracion-en-el-ambito-de-la-formacion-de-la-formacion-para-empleo-con-facemap\/#primaryimage\"},\"datePublished\":\"2019-09-03T14:46:40+00:00\",\"dateModified\":\"2021-09-17T14:48:53+00:00\",\"breadcrumb\":{\"@id\":\"https:\/\/gruposae.online\/index.php\/2019\/09\/03\/firma-del-convenio-de-colaboracion-en-el-ambito-de-la-formacion-de-la-formacion-para-empleo-con-facemap\/#breadcrumb\"},\"inLanguage\":\"es\",\"potentialAction\":[{\"@type\":\"ReadAction\",\"target\":[\"https:\/\/gruposae.online\/index.php\/2019\/09\/03\/firma-del-convenio-de-colaboracion-en-el-ambito-de-la-formacion-de-la-formacion-para-empleo-con-facemap\/\"]}]},{\"@type\":\"BreadcrumbList\",\"@id\":\"https:\/\/gruposae.online\/index.php\/2019\/09\/03\/firma-del-convenio-de-colaboracion-en-el-ambito-de-la-formacion-de-la-formacion-para-empleo-con-facemap\/#breadcrumb\",\"itemListElement\":[{\"@type\":\"ListItem\",\"position\":1,\"name\":\"Portada\",\"item\":\"https:\/\/gruposae.online\/\"},{\"@type\":\"ListItem\",\"position\":2,\"name\":\"FIRMA DEL CONVENIO DE COLABORACI\\u00d3N EN EL \\u00c1MBITO DE LA FORMACION DE LA FORMACION PARA EMPLEO CON FACEMAP\"}]},{\"@type\":\"Article\",\"@id\":\"https:\/\/gruposae.online\/index.php\/2019\/09\/03\/firma-del-convenio-de-colaboracion-en-el-ambito-de-la-formacion-de-la-formacion-para-empleo-con-facemap\/#article\",\"isPartOf\":{\"@id\":\"https:\/\/gruposae.online\/index.php\/2019\/09\/03\/firma-del-convenio-de-colaboracion-en-el-ambito-de-la-formacion-de-la-formacion-para-empleo-con-facemap\/#webpage\"},\"author\":{\"@id\":\"https:\/\/gruposae.online\/#\/schema\/person\/d6fb6dc442a37fce8d62ef76e3d5066e\"},\"headline\":\"FIRMA DEL CONVENIO DE COLABORACI\\u00d3N EN EL \\u00c1MBITO DE LA FORMACION DE LA FORMACION PARA EMPLEO CON FACEMAP\",\"datePublished\":\"2019-09-03T14:46:40+00:00\",\"dateModified\":\"2021-09-17T14:48:53+00:00\",\"mainEntityOfPage\":{\"@id\":\"https:\/\/gruposae.online\/index.php\/2019\/09\/03\/firma-del-convenio-de-colaboracion-en-el-ambito-de-la-formacion-de-la-formacion-para-empleo-con-facemap\/#webpage\"},\"wordCount\":165,\"commentCount\":0,\"publisher\":{\"@id\":\"https:\/\/gruposae.online\/#organization\"},\"image\":{\"@id\":\"https:\/\/gruposae.online\/index.php\/2019\/09\/03\/firma-del-convenio-de-colaboracion-en-el-ambito-de-la-formacion-de-la-formacion-para-empleo-con-facemap\/#primaryimage\"},\"thumbnailUrl\":\"https:\/\/gruposae.online\/wp-content\/uploads\/2021\/09\/ea457adccaa9e569cff05de9b4f3b04d_XL.jpg\",\"articleSection\":[\"Grupo SAE\"],\"inLanguage\":\"es\",\"potentialAction\":[{\"@type\":\"CommentAction\",\"name\":\"Comment\",\"target\":[\"https:\/\/gruposae.online\/index.php\/2019\/09\/03\/firma-del-convenio-de-colaboracion-en-el-ambito-de-la-formacion-de-la-formacion-para-empleo-con-facemap\/#respond\"]}]},{\"@type\":\"Person\",\"@id\":\"https:\/\/gruposae.online\/#\/schema\/person\/d6fb6dc442a37fce8d62ef76e3d5066e\",\"name\":\"admin\",\"image\":{\"@type\":\"ImageObject\",\"@id\":\"https:\/\/gruposae.online\/#personlogo\",\"inLanguage\":\"es\",\"url\":\"https:\/\/secure.gravatar.com\/avatar\/c46f05e54262093a8296c238813957ed?s=96&d=mm&r=g\",\"contentUrl\":\"https:\/\/secure.gravatar.com\/avatar\/c46f05e54262093a8296c238813957ed?s=96&d=mm&r=g\",\"caption\":\"admin\"},\"sameAs\":[\"https:\/\/gruposae.online\"]}]}<\/script>\n<!-- \/ Yoast SEO plugin. -->","yoast_head_json":{"title":"FIRMA DEL CONVENIO DE COLABORACI\u00d3N EN EL \u00c1MBITO DE LA FORMACION DE LA FORMACION PARA EMPLEO CON FACEMAP - Grupo SAE","robots":{"index":"index","follow":"follow","max-snippet":"max-snippet:-1","max-image-preview":"max-image-preview:large","max-video-preview":"max-video-preview:-1"},"canonical":"https:\/\/gruposae.online\/index.php\/2019\/09\/03\/firma-del-convenio-de-colaboracion-en-el-ambito-de-la-formacion-de-la-formacion-para-empleo-con-facemap\/","og_locale":"es_ES","og_type":"article","og_title":"FIRMA DEL CONVENIO DE COLABORACI\u00d3N EN EL \u00c1MBITO DE LA FORMACION DE LA FORMACION PARA EMPLEO CON FACEMAP - Grupo SAE","og_description":"El pasado 28 de agosto, tuvo lugar en las oficinas de la Delegaci\u00f3n de M\u00e1laga de GRUPOSAE, el Convenio de Colaboraci\u00f3n en el \u00c1mbito de la [\u2026]","og_url":"https:\/\/gruposae.online\/index.php\/2019\/09\/03\/firma-del-convenio-de-colaboracion-en-el-ambito-de-la-formacion-de-la-formacion-para-empleo-con-facemap\/","og_site_name":"Grupo SAE","article_published_time":"2019-09-03T14:46:40+00:00","article_modified_time":"2021-09-17T14:48:53+00:00","og_image":[{"width":1200,"height":748,"url":"https:\/\/gruposae.online\/wp-content\/uploads\/2021\/09\/ea457adccaa9e569cff05de9b4f3b04d_XL.jpg","type":"image\/jpeg"}],"twitter_card":"summary_large_image","twitter_misc":{"Escrito por":"admin","Tiempo de lectura":"1 minuto"},"schema":{"@context":"https:\/\/schema.org","@graph":[{"@type":"Organization","@id":"https:\/\/gruposae.online\/#organization","name":"Grupo SAE","url":"https:\/\/gruposae.online\/","sameAs":[],"logo":{"@type":"ImageObject","@id":"https:\/\/gruposae.online\/#logo","inLanguage":"es","url":"https:\/\/gruposae.online\/wp-content\/uploads\/2021\/08\/logo-gruposae-header.png","contentUrl":"https:\/\/gruposae.online\/wp-content\/uploads\/2021\/08\/logo-gruposae-header.png","width":335,"height":70,"caption":"Grupo SAE"},"image":{"@id":"https:\/\/gruposae.online\/#logo"}},{"@type":"WebSite","@id":"https:\/\/gruposae.online\/#website","url":"https:\/\/gruposae.online\/","name":"Grupo SAE","description":"","publisher":{"@id":"https:\/\/gruposae.online\/#organization"},"potentialAction":[{"@type":"SearchAction","target":{"@type":"EntryPoint","urlTemplate":"https:\/\/gruposae.online\/?s={search_term_string}"},"query-input":"required name=search_term_string"}],"inLanguage":"es"},{"@type":"ImageObject","@id":"https:\/\/gruposae.online\/index.php\/2019\/09\/03\/firma-del-convenio-de-colaboracion-en-el-ambito-de-la-formacion-de-la-formacion-para-empleo-con-facemap\/#primaryimage","inLanguage":"es","url":"https:\/\/gruposae.online\/wp-content\/uploads\/2021\/09\/ea457adccaa9e569cff05de9b4f3b04d_XL.jpg","contentUrl":"https:\/\/gruposae.online\/wp-content\/uploads\/2021\/09\/ea457adccaa9e569cff05de9b4f3b04d_XL.jpg","width":1200,"height":748},{"@type":"WebPage","@id":"https:\/\/gruposae.online\/index.php\/2019\/09\/03\/firma-del-convenio-de-colaboracion-en-el-ambito-de-la-formacion-de-la-formacion-para-empleo-con-facemap\/#webpage","url":"https:\/\/gruposae.online\/index.php\/2019\/09\/03\/firma-del-convenio-de-colaboracion-en-el-ambito-de-la-formacion-de-la-formacion-para-empleo-con-facemap\/","name":"FIRMA DEL CONVENIO DE COLABORACI\u00d3N EN EL \u00c1MBITO DE LA FORMACION DE LA FORMACION PARA EMPLEO CON FACEMAP - Grupo SAE","isPartOf":{"@id":"https:\/\/gruposae.online\/#website"},"primaryImageOfPage":{"@id":"https:\/\/gruposae.online\/index.php\/2019\/09\/03\/firma-del-convenio-de-colaboracion-en-el-ambito-de-la-formacion-de-la-formacion-para-empleo-con-facemap\/#primaryimage"},"datePublished":"2019-09-03T14:46:40+00:00","dateModified":"2021-09-17T14:48:53+00:00","breadcrumb":{"@id":"https:\/\/gruposae.online\/index.php\/2019\/09\/03\/firma-del-convenio-de-colaboracion-en-el-ambito-de-la-formacion-de-la-formacion-para-empleo-con-facemap\/#breadcrumb"},"inLanguage":"es","potentialAction":[{"@type":"ReadAction","target":["https:\/\/gruposae.online\/index.php\/2019\/09\/03\/firma-del-convenio-de-colaboracion-en-el-ambito-de-la-formacion-de-la-formacion-para-empleo-con-facemap\/"]}]},{"@type":"BreadcrumbList","@id":"https:\/\/gruposae.online\/index.php\/2019\/09\/03\/firma-del-convenio-de-colaboracion-en-el-ambito-de-la-formacion-de-la-formacion-para-empleo-con-facemap\/#breadcrumb","itemListElement":[{"@type":"ListItem","position":1,"name":"Portada","item":"https:\/\/gruposae.online\/"},{"@type":"ListItem","position":2,"name":"FIRMA DEL CONVENIO DE COLABORACI\u00d3N EN EL \u00c1MBITO DE LA FORMACION DE LA FORMACION PARA EMPLEO CON FACEMAP"}]},{"@type":"Article","@id":"https:\/\/gruposae.online\/index.php\/2019\/09\/03\/firma-del-convenio-de-colaboracion-en-el-ambito-de-la-formacion-de-la-formacion-para-empleo-con-facemap\/#article","isPartOf":{"@id":"https:\/\/gruposae.online\/index.php\/2019\/09\/03\/firma-del-convenio-de-colaboracion-en-el-ambito-de-la-formacion-de-la-formacion-para-empleo-con-facemap\/#webpage"},"author":{"@id":"https:\/\/gruposae.online\/#\/schema\/person\/d6fb6dc442a37fce8d62ef76e3d5066e"},"headline":"FIRMA DEL CONVENIO DE COLABORACI\u00d3N EN EL \u00c1MBITO DE LA FORMACION DE LA FORMACION PARA EMPLEO CON FACEMAP","datePublished":"2019-09-03T14:46:40+00:00","dateModified":"2021-09-17T14:48:53+00:00","mainEntityOfPage":{"@id":"https:\/\/gruposae.online\/index.php\/2019\/09\/03\/firma-del-convenio-de-colaboracion-en-el-ambito-de-la-formacion-de-la-formacion-para-empleo-con-facemap\/#webpage"},"wordCount":165,"commentCount":0,"publisher":{"@id":"https:\/\/gruposae.online\/#organization"},"image":{"@id":"https:\/\/gruposae.online\/index.php\/2019\/09\/03\/firma-del-convenio-de-colaboracion-en-el-ambito-de-la-formacion-de-la-formacion-para-empleo-con-facemap\/#primaryimage"},"thumbnailUrl":"https:\/\/gruposae.online\/wp-content\/uploads\/2021\/09\/ea457adccaa9e569cff05de9b4f3b04d_XL.jpg","articleSection":["Grupo SAE"],"inLanguage":"es","potentialAction":[{"@type":"CommentAction","name":"Comment","target":["https:\/\/gruposae.online\/index.php\/2019\/09\/03\/firma-del-convenio-de-colaboracion-en-el-ambito-de-la-formacion-de-la-formacion-para-empleo-con-facemap\/#respond"]}]},{"@type":"Person","@id":"https:\/\/gruposae.online\/#\/schema\/person\/d6fb6dc442a37fce8d62ef76e3d5066e","name":"admin","image":{"@type":"ImageObject","@id":"https:\/\/gruposae.online\/#personlogo","inLanguage":"es","url":"https:\/\/secure.gravatar.com\/avatar\/c46f05e54262093a8296c238813957ed?s=96&d=mm&r=g","contentUrl":"https:\/\/secure.gravatar.com\/avatar\/c46f05e54262093a8296c238813957ed?s=96&d=mm&r=g","caption":"admin"},"sameAs":["https:\/\/gruposae.online"]}]}},"_links":{"self":[{"href":"https:\/\/gruposae.online\/index.php\/wp-json\/wp\/v2\/posts\/298"}],"collection":[{"href":"https:\/\/gruposae.online\/index.php\/wp-json\/wp\/v2\/posts"}],"about":[{"href":"https:\/\/gruposae.online\/index.php\/wp-json\/wp\/v2\/types\/post"}],"author":[{"embeddable":true,"href":"https:\/\/gruposae.online\/index.php\/wp-json\/wp\/v2\/users\/1"}],"replies":[{"embeddable":true,"href":"https:\/\/gruposae.online\/index.php\/wp-json\/wp\/v2\/comments?post=298"}],"version-history":[{"count":1,"href":"https:\/\/gruposae.online\/index.php\/wp-json\/wp\/v2\/posts\/298\/revisions"}],"predecessor-version":[{"id":300,"href":"https:\/\/gruposae.online\/index.php\/wp-json\/wp\/v2\/posts\/298\/revisions\/300"}],"wp:featuredmedia":[{"embeddable":true,"href":"https:\/\/gruposae.online\/index.php\/wp-json\/wp\/v2\/media\/299"}],"wp:attachment":[{"href":"https:\/\/gruposae.online\/index.php\/wp-json\/wp\/v2\/media?parent=298"}],"wp:term":[{"taxonomy":"category","embeddable":true,"href":"https:\/\/gruposae.online\/index.php\/wp-json\/wp\/v2\/categories?post=298"},{"taxonomy":"post_tag","embeddable":true,"href":"https:\/\/gruposae.online\/index.php\/wp-json\/wp\/v2\/tags?post=298"}],"curies":[{"name":"wp","href":"https:\/\/api.w.org\/{rel}","templated":true}]}}