{"id":301,"date":"2019-08-01T14:50:13","date_gmt":"2019-08-01T14:50:13","guid":{"rendered":"https:\/\/gruposae.online\/?p=301"},"modified":"2021-09-17T14:51:17","modified_gmt":"2021-09-17T14:51:17","slug":"grupo-sae-se-incorpora-a-la-confederacion-de-empresarios-de-malaga-cem-como-miembro-asociado","status":"publish","type":"post","link":"https:\/\/gruposae.online\/index.php\/2019\/08\/01\/grupo-sae-se-incorpora-a-la-confederacion-de-empresarios-de-malaga-cem-como-miembro-asociado\/","title":{"rendered":"GRUPO SAE SE INCORPORA A LA CONFEDERACI\u00d3N DE EMPRESARIOS DE M\u00c1LAGA (CEM) COMO MIEMBRO ASOCIADO"},"content":{"rendered":"<div>\n<p>Grupo SAE, tras la apertura de su Delegaci\u00f3n en M\u00e1laga, se incorpora como Miembro Asociado a la Confederaci\u00f3n de Empresarios de M\u00e1laga. Con esta integraci\u00f3n Grupo SAE, pondr\u00e1 al servicio de las empresas malague\u00f1as, toda su Cartera de Servicios, con especial inter\u00e9s en la Formaci\u00f3n Dual a trav\u00e9s de los Contratos de Formaci\u00f3n y Aprendizaje, donde nuestras empresas son l\u00edderes a nivel nacional.<\/p>\n<\/div>\n<div>\n<p>Dicha incorporaci\u00f3n se produjo el d\u00eda 30 de julio 2019, al ser aprobada en el Comit\u00e9 Ejecutivo y Junta Directiva dentro de los puntos del orden del d\u00eda de la CEM.<\/p>\n<p>Tras la reuni\u00f3n, la Direcci\u00f3n General de Grupo SAE representada por M\u00aa del Carmen Lama Jurado y Antonio Toro Caballero, mantuvo una primera toma de contacto con el reci\u00e9n reelegido Presidente de la CEM D. Javier Gonz\u00e1lez de Lara, quien nos dio cordialmente la bienvenida, y al que le manifestamos nuestro deseo de colaborar estrechamente con el tejido empresarial de M\u00e1laga.<\/p>\n<\/div>\n","protected":false},"excerpt":{"rendered":"<p>Grupo SAE, tras la apertura de su Delegaci\u00f3n en M\u00e1laga, se incorpora como Miembro Asociado a la Confederaci\u00f3n de Empresarios de M\u00e1laga. Con esta integraci\u00f3n Grupo<span class=\"excerpt-hellip\"> [\u2026]<\/span><\/p>\n","protected":false},"author":1,"featured_media":302,"comment_status":"open","ping_status":"open","sticky":false,"template":"","format":"standard","meta":[],"categories":[1],"tags":[],"yoast_head":"<!-- This site is optimized with the Yoast SEO plugin v17.3 - https:\/\/yoast.com\/wordpress\/plugins\/seo\/ -->\n<title>GRUPO SAE SE INCORPORA A LA CONFEDERACI\u00d3N DE EMPRESARIOS DE M\u00c1LAGA (CEM) COMO MIEMBRO ASOCIADO - Grupo SAE<\/title>\n<meta name=\"robots\" content=\"index, follow, max-snippet:-1, max-image-preview:large, max-video-preview:-1\" \/>\n<link rel=\"canonical\" href=\"https:\/\/gruposae.online\/index.php\/2019\/08\/01\/grupo-sae-se-incorpora-a-la-confederacion-de-empresarios-de-malaga-cem-como-miembro-asociado\/\" \/>\n<meta property=\"og:locale\" content=\"es_ES\" \/>\n<meta property=\"og:type\" content=\"article\" \/>\n<meta property=\"og:title\" content=\"GRUPO SAE SE INCORPORA A LA CONFEDERACI\u00d3N DE EMPRESARIOS DE M\u00c1LAGA (CEM) COMO MIEMBRO ASOCIADO - Grupo SAE\" \/>\n<meta property=\"og:description\" content=\"Grupo SAE, tras la apertura de su Delegaci\u00f3n en M\u00e1laga, se incorpora como Miembro Asociado a la Confederaci\u00f3n de Empresarios de M\u00e1laga. Con esta integraci\u00f3n Grupo [\u2026]\" \/>\n<meta property=\"og:url\" content=\"https:\/\/gruposae.online\/index.php\/2019\/08\/01\/grupo-sae-se-incorpora-a-la-confederacion-de-empresarios-de-malaga-cem-como-miembro-asociado\/\" \/>\n<meta property=\"og:site_name\" content=\"Grupo SAE\" \/>\n<meta property=\"article:published_time\" content=\"2019-08-01T14:50:13+00:00\" \/>\n<meta property=\"article:modified_time\" content=\"2021-09-17T14:51:17+00:00\" \/>\n<meta property=\"og:image\" content=\"https:\/\/gruposae.online\/wp-content\/uploads\/2021\/09\/358873fad4914931314b94f2036b503a_XL.jpg\" \/>\n\t<meta property=\"og:image:width\" content=\"1200\" \/>\n\t<meta property=\"og:image:height\" content=\"748\" \/>\n<meta name=\"twitter:card\" content=\"summary_large_image\" \/>\n<meta name=\"twitter:label1\" content=\"Escrito por\" \/>\n\t<meta name=\"twitter:data1\" content=\"admin\" \/>\n\t<meta name=\"twitter:label2\" content=\"Tiempo de lectura\" \/>\n\t<meta name=\"twitter:data2\" content=\"1 minuto\" \/>\n<script type=\"application\/ld+json\" class=\"yoast-schema-graph\">{\"@context\":\"https:\/\/schema.org\",\"@graph\":[{\"@type\":\"Organization\",\"@id\":\"https:\/\/gruposae.online\/#organization\",\"name\":\"Grupo SAE\",\"url\":\"https:\/\/gruposae.online\/\",\"sameAs\":[],\"logo\":{\"@type\":\"ImageObject\",\"@id\":\"https:\/\/gruposae.online\/#logo\",\"inLanguage\":\"es\",\"url\":\"https:\/\/gruposae.online\/wp-content\/uploads\/2021\/08\/logo-gruposae-header.png\",\"contentUrl\":\"https:\/\/gruposae.online\/wp-content\/uploads\/2021\/08\/logo-gruposae-header.png\",\"width\":335,\"height\":70,\"caption\":\"Grupo SAE\"},\"image\":{\"@id\":\"https:\/\/gruposae.online\/#logo\"}},{\"@type\":\"WebSite\",\"@id\":\"https:\/\/gruposae.online\/#website\",\"url\":\"https:\/\/gruposae.online\/\",\"name\":\"Grupo SAE\",\"description\":\"\",\"publisher\":{\"@id\":\"https:\/\/gruposae.online\/#organization\"},\"potentialAction\":[{\"@type\":\"SearchAction\",\"target\":{\"@type\":\"EntryPoint\",\"urlTemplate\":\"https:\/\/gruposae.online\/?s={search_term_string}\"},\"query-input\":\"required name=search_term_string\"}],\"inLanguage\":\"es\"},{\"@type\":\"ImageObject\",\"@id\":\"https:\/\/gruposae.online\/index.php\/2019\/08\/01\/grupo-sae-se-incorpora-a-la-confederacion-de-empresarios-de-malaga-cem-como-miembro-asociado\/#primaryimage\",\"inLanguage\":\"es\",\"url\":\"https:\/\/gruposae.online\/wp-content\/uploads\/2021\/09\/358873fad4914931314b94f2036b503a_XL.jpg\",\"contentUrl\":\"https:\/\/gruposae.online\/wp-content\/uploads\/2021\/09\/358873fad4914931314b94f2036b503a_XL.jpg\",\"width\":1200,\"height\":748},{\"@type\":\"WebPage\",\"@id\":\"https:\/\/gruposae.online\/index.php\/2019\/08\/01\/grupo-sae-se-incorpora-a-la-confederacion-de-empresarios-de-malaga-cem-como-miembro-asociado\/#webpage\",\"url\":\"https:\/\/gruposae.online\/index.php\/2019\/08\/01\/grupo-sae-se-incorpora-a-la-confederacion-de-empresarios-de-malaga-cem-como-miembro-asociado\/\",\"name\":\"GRUPO SAE SE INCORPORA A LA CONFEDERACI\\u00d3N DE EMPRESARIOS DE M\\u00c1LAGA (CEM) COMO MIEMBRO ASOCIADO - Grupo SAE\",\"isPartOf\":{\"@id\":\"https:\/\/gruposae.online\/#website\"},\"primaryImageOfPage\":{\"@id\":\"https:\/\/gruposae.online\/index.php\/2019\/08\/01\/grupo-sae-se-incorpora-a-la-confederacion-de-empresarios-de-malaga-cem-como-miembro-asociado\/#primaryimage\"},\"datePublished\":\"2019-08-01T14:50:13+00:00\",\"dateModified\":\"2021-09-17T14:51:17+00:00\",\"breadcrumb\":{\"@id\":\"https:\/\/gruposae.online\/index.php\/2019\/08\/01\/grupo-sae-se-incorpora-a-la-confederacion-de-empresarios-de-malaga-cem-como-miembro-asociado\/#breadcrumb\"},\"inLanguage\":\"es\",\"potentialAction\":[{\"@type\":\"ReadAction\",\"target\":[\"https:\/\/gruposae.online\/index.php\/2019\/08\/01\/grupo-sae-se-incorpora-a-la-confederacion-de-empresarios-de-malaga-cem-como-miembro-asociado\/\"]}]},{\"@type\":\"BreadcrumbList\",\"@id\":\"https:\/\/gruposae.online\/index.php\/2019\/08\/01\/grupo-sae-se-incorpora-a-la-confederacion-de-empresarios-de-malaga-cem-como-miembro-asociado\/#breadcrumb\",\"itemListElement\":[{\"@type\":\"ListItem\",\"position\":1,\"name\":\"Portada\",\"item\":\"https:\/\/gruposae.online\/\"},{\"@type\":\"ListItem\",\"position\":2,\"name\":\"GRUPO SAE SE INCORPORA A LA CONFEDERACI\\u00d3N DE EMPRESARIOS DE M\\u00c1LAGA (CEM) COMO MIEMBRO ASOCIADO\"}]},{\"@type\":\"Article\",\"@id\":\"https:\/\/gruposae.online\/index.php\/2019\/08\/01\/grupo-sae-se-incorpora-a-la-confederacion-de-empresarios-de-malaga-cem-como-miembro-asociado\/#article\",\"isPartOf\":{\"@id\":\"https:\/\/gruposae.online\/index.php\/2019\/08\/01\/grupo-sae-se-incorpora-a-la-confederacion-de-empresarios-de-malaga-cem-como-miembro-asociado\/#webpage\"},\"author\":{\"@id\":\"https:\/\/gruposae.online\/#\/schema\/person\/d6fb6dc442a37fce8d62ef76e3d5066e\"},\"headline\":\"GRUPO SAE SE INCORPORA A LA CONFEDERACI\\u00d3N DE EMPRESARIOS DE M\\u00c1LAGA (CEM) COMO MIEMBRO ASOCIADO\",\"datePublished\":\"2019-08-01T14:50:13+00:00\",\"dateModified\":\"2021-09-17T14:51:17+00:00\",\"mainEntityOfPage\":{\"@id\":\"https:\/\/gruposae.online\/index.php\/2019\/08\/01\/grupo-sae-se-incorpora-a-la-confederacion-de-empresarios-de-malaga-cem-como-miembro-asociado\/#webpage\"},\"wordCount\":189,\"commentCount\":0,\"publisher\":{\"@id\":\"https:\/\/gruposae.online\/#organization\"},\"image\":{\"@id\":\"https:\/\/gruposae.online\/index.php\/2019\/08\/01\/grupo-sae-se-incorpora-a-la-confederacion-de-empresarios-de-malaga-cem-como-miembro-asociado\/#primaryimage\"},\"thumbnailUrl\":\"https:\/\/gruposae.online\/wp-content\/uploads\/2021\/09\/358873fad4914931314b94f2036b503a_XL.jpg\",\"articleSection\":[\"Grupo SAE\"],\"inLanguage\":\"es\",\"potentialAction\":[{\"@type\":\"CommentAction\",\"name\":\"Comment\",\"target\":[\"https:\/\/gruposae.online\/index.php\/2019\/08\/01\/grupo-sae-se-incorpora-a-la-confederacion-de-empresarios-de-malaga-cem-como-miembro-asociado\/#respond\"]}]},{\"@type\":\"Person\",\"@id\":\"https:\/\/gruposae.online\/#\/schema\/person\/d6fb6dc442a37fce8d62ef76e3d5066e\",\"name\":\"admin\",\"image\":{\"@type\":\"ImageObject\",\"@id\":\"https:\/\/gruposae.online\/#personlogo\",\"inLanguage\":\"es\",\"url\":\"https:\/\/secure.gravatar.com\/avatar\/c46f05e54262093a8296c238813957ed?s=96&d=mm&r=g\",\"contentUrl\":\"https:\/\/secure.gravatar.com\/avatar\/c46f05e54262093a8296c238813957ed?s=96&d=mm&r=g\",\"caption\":\"admin\"},\"sameAs\":[\"https:\/\/gruposae.online\"]}]}<\/script>\n<!-- \/ Yoast SEO plugin. -->","yoast_head_json":{"title":"GRUPO SAE SE INCORPORA A LA CONFEDERACI\u00d3N DE EMPRESARIOS DE M\u00c1LAGA (CEM) COMO MIEMBRO ASOCIADO - Grupo SAE","robots":{"index":"index","follow":"follow","max-snippet":"max-snippet:-1","max-image-preview":"max-image-preview:large","max-video-preview":"max-video-preview:-1"},"canonical":"https:\/\/gruposae.online\/index.php\/2019\/08\/01\/grupo-sae-se-incorpora-a-la-confederacion-de-empresarios-de-malaga-cem-como-miembro-asociado\/","og_locale":"es_ES","og_type":"article","og_title":"GRUPO SAE SE INCORPORA A LA CONFEDERACI\u00d3N DE EMPRESARIOS DE M\u00c1LAGA (CEM) COMO MIEMBRO ASOCIADO - Grupo SAE","og_description":"Grupo SAE, tras la apertura de su Delegaci\u00f3n en M\u00e1laga, se incorpora como Miembro Asociado a la Confederaci\u00f3n de Empresarios de M\u00e1laga. Con esta integraci\u00f3n Grupo [\u2026]","og_url":"https:\/\/gruposae.online\/index.php\/2019\/08\/01\/grupo-sae-se-incorpora-a-la-confederacion-de-empresarios-de-malaga-cem-como-miembro-asociado\/","og_site_name":"Grupo SAE","article_published_time":"2019-08-01T14:50:13+00:00","article_modified_time":"2021-09-17T14:51:17+00:00","og_image":[{"width":1200,"height":748,"url":"https:\/\/gruposae.online\/wp-content\/uploads\/2021\/09\/358873fad4914931314b94f2036b503a_XL.jpg","type":"image\/jpeg"}],"twitter_card":"summary_large_image","twitter_misc":{"Escrito por":"admin","Tiempo de lectura":"1 minuto"},"schema":{"@context":"https:\/\/schema.org","@graph":[{"@type":"Organization","@id":"https:\/\/gruposae.online\/#organization","name":"Grupo SAE","url":"https:\/\/gruposae.online\/","sameAs":[],"logo":{"@type":"ImageObject","@id":"https:\/\/gruposae.online\/#logo","inLanguage":"es","url":"https:\/\/gruposae.online\/wp-content\/uploads\/2021\/08\/logo-gruposae-header.png","contentUrl":"https:\/\/gruposae.online\/wp-content\/uploads\/2021\/08\/logo-gruposae-header.png","width":335,"height":70,"caption":"Grupo SAE"},"image":{"@id":"https:\/\/gruposae.online\/#logo"}},{"@type":"WebSite","@id":"https:\/\/gruposae.online\/#website","url":"https:\/\/gruposae.online\/","name":"Grupo SAE","description":"","publisher":{"@id":"https:\/\/gruposae.online\/#organization"},"potentialAction":[{"@type":"SearchAction","target":{"@type":"EntryPoint","urlTemplate":"https:\/\/gruposae.online\/?s={search_term_string}"},"query-input":"required name=search_term_string"}],"inLanguage":"es"},{"@type":"ImageObject","@id":"https:\/\/gruposae.online\/index.php\/2019\/08\/01\/grupo-sae-se-incorpora-a-la-confederacion-de-empresarios-de-malaga-cem-como-miembro-asociado\/#primaryimage","inLanguage":"es","url":"https:\/\/gruposae.online\/wp-content\/uploads\/2021\/09\/358873fad4914931314b94f2036b503a_XL.jpg","contentUrl":"https:\/\/gruposae.online\/wp-content\/uploads\/2021\/09\/358873fad4914931314b94f2036b503a_XL.jpg","width":1200,"height":748},{"@type":"WebPage","@id":"https:\/\/gruposae.online\/index.php\/2019\/08\/01\/grupo-sae-se-incorpora-a-la-confederacion-de-empresarios-de-malaga-cem-como-miembro-asociado\/#webpage","url":"https:\/\/gruposae.online\/index.php\/2019\/08\/01\/grupo-sae-se-incorpora-a-la-confederacion-de-empresarios-de-malaga-cem-como-miembro-asociado\/","name":"GRUPO SAE SE INCORPORA A LA CONFEDERACI\u00d3N DE EMPRESARIOS DE M\u00c1LAGA (CEM) COMO MIEMBRO ASOCIADO - Grupo SAE","isPartOf":{"@id":"https:\/\/gruposae.online\/#website"},"primaryImageOfPage":{"@id":"https:\/\/gruposae.online\/index.php\/2019\/08\/01\/grupo-sae-se-incorpora-a-la-confederacion-de-empresarios-de-malaga-cem-como-miembro-asociado\/#primaryimage"},"datePublished":"2019-08-01T14:50:13+00:00","dateModified":"2021-09-17T14:51:17+00:00","breadcrumb":{"@id":"https:\/\/gruposae.online\/index.php\/2019\/08\/01\/grupo-sae-se-incorpora-a-la-confederacion-de-empresarios-de-malaga-cem-como-miembro-asociado\/#breadcrumb"},"inLanguage":"es","potentialAction":[{"@type":"ReadAction","target":["https:\/\/gruposae.online\/index.php\/2019\/08\/01\/grupo-sae-se-incorpora-a-la-confederacion-de-empresarios-de-malaga-cem-como-miembro-asociado\/"]}]},{"@type":"BreadcrumbList","@id":"https:\/\/gruposae.online\/index.php\/2019\/08\/01\/grupo-sae-se-incorpora-a-la-confederacion-de-empresarios-de-malaga-cem-como-miembro-asociado\/#breadcrumb","itemListElement":[{"@type":"ListItem","position":1,"name":"Portada","item":"https:\/\/gruposae.online\/"},{"@type":"ListItem","position":2,"name":"GRUPO SAE SE INCORPORA A LA CONFEDERACI\u00d3N DE EMPRESARIOS DE M\u00c1LAGA (CEM) COMO MIEMBRO ASOCIADO"}]},{"@type":"Article","@id":"https:\/\/gruposae.online\/index.php\/2019\/08\/01\/grupo-sae-se-incorpora-a-la-confederacion-de-empresarios-de-malaga-cem-como-miembro-asociado\/#article","isPartOf":{"@id":"https:\/\/gruposae.online\/index.php\/2019\/08\/01\/grupo-sae-se-incorpora-a-la-confederacion-de-empresarios-de-malaga-cem-como-miembro-asociado\/#webpage"},"author":{"@id":"https:\/\/gruposae.online\/#\/schema\/person\/d6fb6dc442a37fce8d62ef76e3d5066e"},"headline":"GRUPO SAE SE INCORPORA A LA CONFEDERACI\u00d3N DE EMPRESARIOS DE M\u00c1LAGA (CEM) COMO MIEMBRO ASOCIADO","datePublished":"2019-08-01T14:50:13+00:00","dateModified":"2021-09-17T14:51:17+00:00","mainEntityOfPage":{"@id":"https:\/\/gruposae.online\/index.php\/2019\/08\/01\/grupo-sae-se-incorpora-a-la-confederacion-de-empresarios-de-malaga-cem-como-miembro-asociado\/#webpage"},"wordCount":189,"commentCount":0,"publisher":{"@id":"https:\/\/gruposae.online\/#organization"},"image":{"@id":"https:\/\/gruposae.online\/index.php\/2019\/08\/01\/grupo-sae-se-incorpora-a-la-confederacion-de-empresarios-de-malaga-cem-como-miembro-asociado\/#primaryimage"},"thumbnailUrl":"https:\/\/gruposae.online\/wp-content\/uploads\/2021\/09\/358873fad4914931314b94f2036b503a_XL.jpg","articleSection":["Grupo SAE"],"inLanguage":"es","potentialAction":[{"@type":"CommentAction","name":"Comment","target":["https:\/\/gruposae.online\/index.php\/2019\/08\/01\/grupo-sae-se-incorpora-a-la-confederacion-de-empresarios-de-malaga-cem-como-miembro-asociado\/#respond"]}]},{"@type":"Person","@id":"https:\/\/gruposae.online\/#\/schema\/person\/d6fb6dc442a37fce8d62ef76e3d5066e","name":"admin","image":{"@type":"ImageObject","@id":"https:\/\/gruposae.online\/#personlogo","inLanguage":"es","url":"https:\/\/secure.gravatar.com\/avatar\/c46f05e54262093a8296c238813957ed?s=96&d=mm&r=g","contentUrl":"https:\/\/secure.gravatar.com\/avatar\/c46f05e54262093a8296c238813957ed?s=96&d=mm&r=g","caption":"admin"},"sameAs":["https:\/\/gruposae.online"]}]}},"_links":{"self":[{"href":"https:\/\/gruposae.online\/index.php\/wp-json\/wp\/v2\/posts\/301"}],"collection":[{"href":"https:\/\/gruposae.online\/index.php\/wp-json\/wp\/v2\/posts"}],"about":[{"href":"https:\/\/gruposae.online\/index.php\/wp-json\/wp\/v2\/types\/post"}],"author":[{"embeddable":true,"href":"https:\/\/gruposae.online\/index.php\/wp-json\/wp\/v2\/users\/1"}],"replies":[{"embeddable":true,"href":"https:\/\/gruposae.online\/index.php\/wp-json\/wp\/v2\/comments?post=301"}],"version-history":[{"count":1,"href":"https:\/\/gruposae.online\/index.php\/wp-json\/wp\/v2\/posts\/301\/revisions"}],"predecessor-version":[{"id":303,"href":"https:\/\/gruposae.online\/index.php\/wp-json\/wp\/v2\/posts\/301\/revisions\/303"}],"wp:featuredmedia":[{"embeddable":true,"href":"https:\/\/gruposae.online\/index.php\/wp-json\/wp\/v2\/media\/302"}],"wp:attachment":[{"href":"https:\/\/gruposae.online\/index.php\/wp-json\/wp\/v2\/media?parent=301"}],"wp:term":[{"taxonomy":"category","embeddable":true,"href":"https:\/\/gruposae.online\/index.php\/wp-json\/wp\/v2\/categories?post=301"},{"taxonomy":"post_tag","embeddable":true,"href":"https:\/\/gruposae.online\/index.php\/wp-json\/wp\/v2\/tags?post=301"}],"curies":[{"name":"wp","href":"https:\/\/api.w.org\/{rel}","templated":true}]}}