{"id":308,"date":"2019-07-10T14:52:35","date_gmt":"2019-07-10T14:52:35","guid":{"rendered":"https:\/\/gruposae.online\/?p=308"},"modified":"2021-09-17T14:53:38","modified_gmt":"2021-09-17T14:53:38","slug":"gruposae-esta-presente-en-el-dia-de-benalmadena-en-el-parque-de-atracciones-tivoli-word","status":"publish","type":"post","link":"https:\/\/gruposae.online\/index.php\/2019\/07\/10\/gruposae-esta-presente-en-el-dia-de-benalmadena-en-el-parque-de-atracciones-tivoli-word\/","title":{"rendered":"GRUPOSAE EST\u00c1 PRESENTE EN EL D\u00cdA DE BENALM\u00c1DENA EN EL PARQUE DE ATRACCIONES TIVOLI WORD"},"content":{"rendered":"<div>\n<p>La asociaci\u00f3n de empresarios ACEB en Benalm\u00e1dena, ha dado la oportunidad a empresarios y emprendedores de la localidad, entre ellos a Grupo SAE, para que estuviese presente y apoyara en un d\u00eda tan importante para esta ciudad.<\/p>\n<\/div>\n<div>\n<p>El parque de atracciones Tivoli World celebr\u00f3 el D\u00eda de Benalm\u00e1dena el pasado 30 de junio.<\/p>\n<p>Ha sido un evento en el que como cada a\u00f1o hubo una m\u00e1xima asistencia de p\u00fablico. Este evento marca el inicio del verano y ha sido una oportunidad \u00fanica para entrar al parque gratuitamente y disfrutar de \u00e9l.<\/p>\n<\/div>\n","protected":false},"excerpt":{"rendered":"<p>La asociaci\u00f3n de empresarios ACEB en Benalm\u00e1dena, ha dado la oportunidad a empresarios y emprendedores de la localidad, entre ellos a Grupo SAE, para que estuviese<span class=\"excerpt-hellip\"> [\u2026]<\/span><\/p>\n","protected":false},"author":1,"featured_media":309,"comment_status":"open","ping_status":"open","sticky":false,"template":"","format":"standard","meta":[],"categories":[1],"tags":[],"yoast_head":"<!-- This site is optimized with the Yoast SEO plugin v17.3 - https:\/\/yoast.com\/wordpress\/plugins\/seo\/ -->\n<title>GRUPOSAE EST\u00c1 PRESENTE EN EL D\u00cdA DE BENALM\u00c1DENA EN EL PARQUE DE ATRACCIONES TIVOLI WORD - Grupo SAE<\/title>\n<meta name=\"robots\" content=\"index, follow, max-snippet:-1, max-image-preview:large, max-video-preview:-1\" \/>\n<link rel=\"canonical\" href=\"https:\/\/gruposae.online\/index.php\/2019\/07\/10\/gruposae-esta-presente-en-el-dia-de-benalmadena-en-el-parque-de-atracciones-tivoli-word\/\" \/>\n<meta property=\"og:locale\" content=\"es_ES\" \/>\n<meta property=\"og:type\" content=\"article\" \/>\n<meta property=\"og:title\" content=\"GRUPOSAE EST\u00c1 PRESENTE EN EL D\u00cdA DE BENALM\u00c1DENA EN EL PARQUE DE ATRACCIONES TIVOLI WORD - Grupo SAE\" \/>\n<meta property=\"og:description\" content=\"La asociaci\u00f3n de empresarios ACEB en Benalm\u00e1dena, ha dado la oportunidad a empresarios y emprendedores de la localidad, entre ellos a Grupo SAE, para que estuviese [\u2026]\" \/>\n<meta property=\"og:url\" content=\"https:\/\/gruposae.online\/index.php\/2019\/07\/10\/gruposae-esta-presente-en-el-dia-de-benalmadena-en-el-parque-de-atracciones-tivoli-word\/\" \/>\n<meta property=\"og:site_name\" content=\"Grupo SAE\" \/>\n<meta property=\"article:published_time\" content=\"2019-07-10T14:52:35+00:00\" \/>\n<meta property=\"article:modified_time\" content=\"2021-09-17T14:53:38+00:00\" \/>\n<meta property=\"og:image\" content=\"https:\/\/gruposae.online\/wp-content\/uploads\/2021\/09\/42121f00ffc451d0c288e11c1f28cbd4_XL.jpg\" \/>\n\t<meta property=\"og:image:width\" content=\"1200\" \/>\n\t<meta property=\"og:image:height\" content=\"748\" \/>\n<meta name=\"twitter:card\" content=\"summary_large_image\" \/>\n<meta name=\"twitter:label1\" content=\"Escrito por\" \/>\n\t<meta name=\"twitter:data1\" content=\"admin\" \/>\n<script type=\"application\/ld+json\" class=\"yoast-schema-graph\">{\"@context\":\"https:\/\/schema.org\",\"@graph\":[{\"@type\":\"Organization\",\"@id\":\"https:\/\/gruposae.online\/#organization\",\"name\":\"Grupo SAE\",\"url\":\"https:\/\/gruposae.online\/\",\"sameAs\":[],\"logo\":{\"@type\":\"ImageObject\",\"@id\":\"https:\/\/gruposae.online\/#logo\",\"inLanguage\":\"es\",\"url\":\"https:\/\/gruposae.online\/wp-content\/uploads\/2021\/08\/logo-gruposae-header.png\",\"contentUrl\":\"https:\/\/gruposae.online\/wp-content\/uploads\/2021\/08\/logo-gruposae-header.png\",\"width\":335,\"height\":70,\"caption\":\"Grupo SAE\"},\"image\":{\"@id\":\"https:\/\/gruposae.online\/#logo\"}},{\"@type\":\"WebSite\",\"@id\":\"https:\/\/gruposae.online\/#website\",\"url\":\"https:\/\/gruposae.online\/\",\"name\":\"Grupo SAE\",\"description\":\"\",\"publisher\":{\"@id\":\"https:\/\/gruposae.online\/#organization\"},\"potentialAction\":[{\"@type\":\"SearchAction\",\"target\":{\"@type\":\"EntryPoint\",\"urlTemplate\":\"https:\/\/gruposae.online\/?s={search_term_string}\"},\"query-input\":\"required name=search_term_string\"}],\"inLanguage\":\"es\"},{\"@type\":\"ImageObject\",\"@id\":\"https:\/\/gruposae.online\/index.php\/2019\/07\/10\/gruposae-esta-presente-en-el-dia-de-benalmadena-en-el-parque-de-atracciones-tivoli-word\/#primaryimage\",\"inLanguage\":\"es\",\"url\":\"https:\/\/gruposae.online\/wp-content\/uploads\/2021\/09\/42121f00ffc451d0c288e11c1f28cbd4_XL.jpg\",\"contentUrl\":\"https:\/\/gruposae.online\/wp-content\/uploads\/2021\/09\/42121f00ffc451d0c288e11c1f28cbd4_XL.jpg\",\"width\":1200,\"height\":748},{\"@type\":\"WebPage\",\"@id\":\"https:\/\/gruposae.online\/index.php\/2019\/07\/10\/gruposae-esta-presente-en-el-dia-de-benalmadena-en-el-parque-de-atracciones-tivoli-word\/#webpage\",\"url\":\"https:\/\/gruposae.online\/index.php\/2019\/07\/10\/gruposae-esta-presente-en-el-dia-de-benalmadena-en-el-parque-de-atracciones-tivoli-word\/\",\"name\":\"GRUPOSAE EST\\u00c1 PRESENTE EN EL D\\u00cdA DE BENALM\\u00c1DENA EN EL PARQUE DE ATRACCIONES TIVOLI WORD - Grupo SAE\",\"isPartOf\":{\"@id\":\"https:\/\/gruposae.online\/#website\"},\"primaryImageOfPage\":{\"@id\":\"https:\/\/gruposae.online\/index.php\/2019\/07\/10\/gruposae-esta-presente-en-el-dia-de-benalmadena-en-el-parque-de-atracciones-tivoli-word\/#primaryimage\"},\"datePublished\":\"2019-07-10T14:52:35+00:00\",\"dateModified\":\"2021-09-17T14:53:38+00:00\",\"breadcrumb\":{\"@id\":\"https:\/\/gruposae.online\/index.php\/2019\/07\/10\/gruposae-esta-presente-en-el-dia-de-benalmadena-en-el-parque-de-atracciones-tivoli-word\/#breadcrumb\"},\"inLanguage\":\"es\",\"potentialAction\":[{\"@type\":\"ReadAction\",\"target\":[\"https:\/\/gruposae.online\/index.php\/2019\/07\/10\/gruposae-esta-presente-en-el-dia-de-benalmadena-en-el-parque-de-atracciones-tivoli-word\/\"]}]},{\"@type\":\"BreadcrumbList\",\"@id\":\"https:\/\/gruposae.online\/index.php\/2019\/07\/10\/gruposae-esta-presente-en-el-dia-de-benalmadena-en-el-parque-de-atracciones-tivoli-word\/#breadcrumb\",\"itemListElement\":[{\"@type\":\"ListItem\",\"position\":1,\"name\":\"Portada\",\"item\":\"https:\/\/gruposae.online\/\"},{\"@type\":\"ListItem\",\"position\":2,\"name\":\"GRUPOSAE EST\\u00c1 PRESENTE EN EL D\\u00cdA DE BENALM\\u00c1DENA EN EL PARQUE DE ATRACCIONES TIVOLI WORD\"}]},{\"@type\":\"Article\",\"@id\":\"https:\/\/gruposae.online\/index.php\/2019\/07\/10\/gruposae-esta-presente-en-el-dia-de-benalmadena-en-el-parque-de-atracciones-tivoli-word\/#article\",\"isPartOf\":{\"@id\":\"https:\/\/gruposae.online\/index.php\/2019\/07\/10\/gruposae-esta-presente-en-el-dia-de-benalmadena-en-el-parque-de-atracciones-tivoli-word\/#webpage\"},\"author\":{\"@id\":\"https:\/\/gruposae.online\/#\/schema\/person\/d6fb6dc442a37fce8d62ef76e3d5066e\"},\"headline\":\"GRUPOSAE EST\\u00c1 PRESENTE EN EL D\\u00cdA DE BENALM\\u00c1DENA EN EL PARQUE DE ATRACCIONES TIVOLI WORD\",\"datePublished\":\"2019-07-10T14:52:35+00:00\",\"dateModified\":\"2021-09-17T14:53:38+00:00\",\"mainEntityOfPage\":{\"@id\":\"https:\/\/gruposae.online\/index.php\/2019\/07\/10\/gruposae-esta-presente-en-el-dia-de-benalmadena-en-el-parque-de-atracciones-tivoli-word\/#webpage\"},\"wordCount\":115,\"commentCount\":0,\"publisher\":{\"@id\":\"https:\/\/gruposae.online\/#organization\"},\"image\":{\"@id\":\"https:\/\/gruposae.online\/index.php\/2019\/07\/10\/gruposae-esta-presente-en-el-dia-de-benalmadena-en-el-parque-de-atracciones-tivoli-word\/#primaryimage\"},\"thumbnailUrl\":\"https:\/\/gruposae.online\/wp-content\/uploads\/2021\/09\/42121f00ffc451d0c288e11c1f28cbd4_XL.jpg\",\"articleSection\":[\"Grupo SAE\"],\"inLanguage\":\"es\",\"potentialAction\":[{\"@type\":\"CommentAction\",\"name\":\"Comment\",\"target\":[\"https:\/\/gruposae.online\/index.php\/2019\/07\/10\/gruposae-esta-presente-en-el-dia-de-benalmadena-en-el-parque-de-atracciones-tivoli-word\/#respond\"]}]},{\"@type\":\"Person\",\"@id\":\"https:\/\/gruposae.online\/#\/schema\/person\/d6fb6dc442a37fce8d62ef76e3d5066e\",\"name\":\"admin\",\"image\":{\"@type\":\"ImageObject\",\"@id\":\"https:\/\/gruposae.online\/#personlogo\",\"inLanguage\":\"es\",\"url\":\"https:\/\/secure.gravatar.com\/avatar\/c46f05e54262093a8296c238813957ed?s=96&d=mm&r=g\",\"contentUrl\":\"https:\/\/secure.gravatar.com\/avatar\/c46f05e54262093a8296c238813957ed?s=96&d=mm&r=g\",\"caption\":\"admin\"},\"sameAs\":[\"https:\/\/gruposae.online\"]}]}<\/script>\n<!-- \/ Yoast SEO plugin. -->","yoast_head_json":{"title":"GRUPOSAE EST\u00c1 PRESENTE EN EL D\u00cdA DE BENALM\u00c1DENA EN EL PARQUE DE ATRACCIONES TIVOLI WORD - Grupo SAE","robots":{"index":"index","follow":"follow","max-snippet":"max-snippet:-1","max-image-preview":"max-image-preview:large","max-video-preview":"max-video-preview:-1"},"canonical":"https:\/\/gruposae.online\/index.php\/2019\/07\/10\/gruposae-esta-presente-en-el-dia-de-benalmadena-en-el-parque-de-atracciones-tivoli-word\/","og_locale":"es_ES","og_type":"article","og_title":"GRUPOSAE EST\u00c1 PRESENTE EN EL D\u00cdA DE BENALM\u00c1DENA EN EL PARQUE DE ATRACCIONES TIVOLI WORD - Grupo SAE","og_description":"La asociaci\u00f3n de empresarios ACEB en Benalm\u00e1dena, ha dado la oportunidad a empresarios y emprendedores de la localidad, entre ellos a Grupo SAE, para que estuviese [\u2026]","og_url":"https:\/\/gruposae.online\/index.php\/2019\/07\/10\/gruposae-esta-presente-en-el-dia-de-benalmadena-en-el-parque-de-atracciones-tivoli-word\/","og_site_name":"Grupo SAE","article_published_time":"2019-07-10T14:52:35+00:00","article_modified_time":"2021-09-17T14:53:38+00:00","og_image":[{"width":1200,"height":748,"url":"https:\/\/gruposae.online\/wp-content\/uploads\/2021\/09\/42121f00ffc451d0c288e11c1f28cbd4_XL.jpg","type":"image\/jpeg"}],"twitter_card":"summary_large_image","twitter_misc":{"Escrito por":"admin"},"schema":{"@context":"https:\/\/schema.org","@graph":[{"@type":"Organization","@id":"https:\/\/gruposae.online\/#organization","name":"Grupo SAE","url":"https:\/\/gruposae.online\/","sameAs":[],"logo":{"@type":"ImageObject","@id":"https:\/\/gruposae.online\/#logo","inLanguage":"es","url":"https:\/\/gruposae.online\/wp-content\/uploads\/2021\/08\/logo-gruposae-header.png","contentUrl":"https:\/\/gruposae.online\/wp-content\/uploads\/2021\/08\/logo-gruposae-header.png","width":335,"height":70,"caption":"Grupo SAE"},"image":{"@id":"https:\/\/gruposae.online\/#logo"}},{"@type":"WebSite","@id":"https:\/\/gruposae.online\/#website","url":"https:\/\/gruposae.online\/","name":"Grupo SAE","description":"","publisher":{"@id":"https:\/\/gruposae.online\/#organization"},"potentialAction":[{"@type":"SearchAction","target":{"@type":"EntryPoint","urlTemplate":"https:\/\/gruposae.online\/?s={search_term_string}"},"query-input":"required name=search_term_string"}],"inLanguage":"es"},{"@type":"ImageObject","@id":"https:\/\/gruposae.online\/index.php\/2019\/07\/10\/gruposae-esta-presente-en-el-dia-de-benalmadena-en-el-parque-de-atracciones-tivoli-word\/#primaryimage","inLanguage":"es","url":"https:\/\/gruposae.online\/wp-content\/uploads\/2021\/09\/42121f00ffc451d0c288e11c1f28cbd4_XL.jpg","contentUrl":"https:\/\/gruposae.online\/wp-content\/uploads\/2021\/09\/42121f00ffc451d0c288e11c1f28cbd4_XL.jpg","width":1200,"height":748},{"@type":"WebPage","@id":"https:\/\/gruposae.online\/index.php\/2019\/07\/10\/gruposae-esta-presente-en-el-dia-de-benalmadena-en-el-parque-de-atracciones-tivoli-word\/#webpage","url":"https:\/\/gruposae.online\/index.php\/2019\/07\/10\/gruposae-esta-presente-en-el-dia-de-benalmadena-en-el-parque-de-atracciones-tivoli-word\/","name":"GRUPOSAE EST\u00c1 PRESENTE EN EL D\u00cdA DE BENALM\u00c1DENA EN EL PARQUE DE ATRACCIONES TIVOLI WORD - Grupo SAE","isPartOf":{"@id":"https:\/\/gruposae.online\/#website"},"primaryImageOfPage":{"@id":"https:\/\/gruposae.online\/index.php\/2019\/07\/10\/gruposae-esta-presente-en-el-dia-de-benalmadena-en-el-parque-de-atracciones-tivoli-word\/#primaryimage"},"datePublished":"2019-07-10T14:52:35+00:00","dateModified":"2021-09-17T14:53:38+00:00","breadcrumb":{"@id":"https:\/\/gruposae.online\/index.php\/2019\/07\/10\/gruposae-esta-presente-en-el-dia-de-benalmadena-en-el-parque-de-atracciones-tivoli-word\/#breadcrumb"},"inLanguage":"es","potentialAction":[{"@type":"ReadAction","target":["https:\/\/gruposae.online\/index.php\/2019\/07\/10\/gruposae-esta-presente-en-el-dia-de-benalmadena-en-el-parque-de-atracciones-tivoli-word\/"]}]},{"@type":"BreadcrumbList","@id":"https:\/\/gruposae.online\/index.php\/2019\/07\/10\/gruposae-esta-presente-en-el-dia-de-benalmadena-en-el-parque-de-atracciones-tivoli-word\/#breadcrumb","itemListElement":[{"@type":"ListItem","position":1,"name":"Portada","item":"https:\/\/gruposae.online\/"},{"@type":"ListItem","position":2,"name":"GRUPOSAE EST\u00c1 PRESENTE EN EL D\u00cdA DE BENALM\u00c1DENA EN EL PARQUE DE ATRACCIONES TIVOLI WORD"}]},{"@type":"Article","@id":"https:\/\/gruposae.online\/index.php\/2019\/07\/10\/gruposae-esta-presente-en-el-dia-de-benalmadena-en-el-parque-de-atracciones-tivoli-word\/#article","isPartOf":{"@id":"https:\/\/gruposae.online\/index.php\/2019\/07\/10\/gruposae-esta-presente-en-el-dia-de-benalmadena-en-el-parque-de-atracciones-tivoli-word\/#webpage"},"author":{"@id":"https:\/\/gruposae.online\/#\/schema\/person\/d6fb6dc442a37fce8d62ef76e3d5066e"},"headline":"GRUPOSAE EST\u00c1 PRESENTE EN EL D\u00cdA DE BENALM\u00c1DENA EN EL PARQUE DE ATRACCIONES TIVOLI WORD","datePublished":"2019-07-10T14:52:35+00:00","dateModified":"2021-09-17T14:53:38+00:00","mainEntityOfPage":{"@id":"https:\/\/gruposae.online\/index.php\/2019\/07\/10\/gruposae-esta-presente-en-el-dia-de-benalmadena-en-el-parque-de-atracciones-tivoli-word\/#webpage"},"wordCount":115,"commentCount":0,"publisher":{"@id":"https:\/\/gruposae.online\/#organization"},"image":{"@id":"https:\/\/gruposae.online\/index.php\/2019\/07\/10\/gruposae-esta-presente-en-el-dia-de-benalmadena-en-el-parque-de-atracciones-tivoli-word\/#primaryimage"},"thumbnailUrl":"https:\/\/gruposae.online\/wp-content\/uploads\/2021\/09\/42121f00ffc451d0c288e11c1f28cbd4_XL.jpg","articleSection":["Grupo SAE"],"inLanguage":"es","potentialAction":[{"@type":"CommentAction","name":"Comment","target":["https:\/\/gruposae.online\/index.php\/2019\/07\/10\/gruposae-esta-presente-en-el-dia-de-benalmadena-en-el-parque-de-atracciones-tivoli-word\/#respond"]}]},{"@type":"Person","@id":"https:\/\/gruposae.online\/#\/schema\/person\/d6fb6dc442a37fce8d62ef76e3d5066e","name":"admin","image":{"@type":"ImageObject","@id":"https:\/\/gruposae.online\/#personlogo","inLanguage":"es","url":"https:\/\/secure.gravatar.com\/avatar\/c46f05e54262093a8296c238813957ed?s=96&d=mm&r=g","contentUrl":"https:\/\/secure.gravatar.com\/avatar\/c46f05e54262093a8296c238813957ed?s=96&d=mm&r=g","caption":"admin"},"sameAs":["https:\/\/gruposae.online"]}]}},"_links":{"self":[{"href":"https:\/\/gruposae.online\/index.php\/wp-json\/wp\/v2\/posts\/308"}],"collection":[{"href":"https:\/\/gruposae.online\/index.php\/wp-json\/wp\/v2\/posts"}],"about":[{"href":"https:\/\/gruposae.online\/index.php\/wp-json\/wp\/v2\/types\/post"}],"author":[{"embeddable":true,"href":"https:\/\/gruposae.online\/index.php\/wp-json\/wp\/v2\/users\/1"}],"replies":[{"embeddable":true,"href":"https:\/\/gruposae.online\/index.php\/wp-json\/wp\/v2\/comments?post=308"}],"version-history":[{"count":1,"href":"https:\/\/gruposae.online\/index.php\/wp-json\/wp\/v2\/posts\/308\/revisions"}],"predecessor-version":[{"id":310,"href":"https:\/\/gruposae.online\/index.php\/wp-json\/wp\/v2\/posts\/308\/revisions\/310"}],"wp:featuredmedia":[{"embeddable":true,"href":"https:\/\/gruposae.online\/index.php\/wp-json\/wp\/v2\/media\/309"}],"wp:attachment":[{"href":"https:\/\/gruposae.online\/index.php\/wp-json\/wp\/v2\/media?parent=308"}],"wp:term":[{"taxonomy":"category","embeddable":true,"href":"https:\/\/gruposae.online\/index.php\/wp-json\/wp\/v2\/categories?post=308"},{"taxonomy":"post_tag","embeddable":true,"href":"https:\/\/gruposae.online\/index.php\/wp-json\/wp\/v2\/tags?post=308"}],"curies":[{"name":"wp","href":"https:\/\/api.w.org\/{rel}","templated":true}]}}