{"id":311,"date":"2019-06-29T14:53:54","date_gmt":"2019-06-29T14:53:54","guid":{"rendered":"https:\/\/gruposae.online\/?p=311"},"modified":"2021-09-17T14:54:54","modified_gmt":"2021-09-17T14:54:54","slug":"grupo-sae-colaborara-con-las-lanzaderas-de-empleo-de-priego-de-cordoba-y-puente-genil","status":"publish","type":"post","link":"https:\/\/gruposae.online\/index.php\/2019\/06\/29\/grupo-sae-colaborara-con-las-lanzaderas-de-empleo-de-priego-de-cordoba-y-puente-genil\/","title":{"rendered":"GRUPO SAE COLABORARA CON LAS LANZADERAS DE EMPLEO DE PRIEGO DE C\u00d3RDOBA Y PUENTE GENIL"},"content":{"rendered":"<div>\n<p>El pasado d\u00eda 26 de junio, tuvo lugar en las instalaciones de Grupo SAE, un encuentro de informaci\u00f3n t\u00e9cnica, con las Lanzaderas de Empleo de las localidades cercanas de Priego de C\u00f3rdoba y Puente Genil.<\/p>\n<\/div>\n<div>\n<p>En dicha jornada, se puso de manifiesto las sinergias existentes y se focalizaron las actuaciones de colaboraci\u00f3n desde Grupo SAE, para contribuir a la empleabilidad y desarrollo profesional, de las personas que integran este modelo claramente innovador en la hoja de ruta para el acceso a la empresa privada o de manera aut\u00f3noma.<\/p>\n<p>En los siguientes d\u00edas se ir\u00e1n poniendo en marcha determinadas medidas que se consensuaron en dicho encuentro, y de las que iremos informando desde nuestra web y redes sociales.<\/p>\n<\/div>\n","protected":false},"excerpt":{"rendered":"<p>El pasado d\u00eda 26 de junio, tuvo lugar en las instalaciones de Grupo SAE, un encuentro de informaci\u00f3n t\u00e9cnica, con las Lanzaderas de Empleo de las<span class=\"excerpt-hellip\"> [\u2026]<\/span><\/p>\n","protected":false},"author":1,"featured_media":312,"comment_status":"open","ping_status":"open","sticky":false,"template":"","format":"standard","meta":[],"categories":[1],"tags":[],"yoast_head":"<!-- This site is optimized with the Yoast SEO plugin v17.3 - https:\/\/yoast.com\/wordpress\/plugins\/seo\/ -->\n<title>GRUPO SAE COLABORARA CON LAS LANZADERAS DE EMPLEO DE PRIEGO DE C\u00d3RDOBA Y PUENTE GENIL - Grupo SAE<\/title>\n<meta name=\"robots\" content=\"index, follow, max-snippet:-1, max-image-preview:large, max-video-preview:-1\" \/>\n<link rel=\"canonical\" href=\"https:\/\/gruposae.online\/index.php\/2019\/06\/29\/grupo-sae-colaborara-con-las-lanzaderas-de-empleo-de-priego-de-cordoba-y-puente-genil\/\" \/>\n<meta property=\"og:locale\" content=\"es_ES\" \/>\n<meta property=\"og:type\" content=\"article\" \/>\n<meta property=\"og:title\" content=\"GRUPO SAE COLABORARA CON LAS LANZADERAS DE EMPLEO DE PRIEGO DE C\u00d3RDOBA Y PUENTE GENIL - Grupo SAE\" \/>\n<meta property=\"og:description\" content=\"El pasado d\u00eda 26 de junio, tuvo lugar en las instalaciones de Grupo SAE, un encuentro de informaci\u00f3n t\u00e9cnica, con las Lanzaderas de Empleo de las [\u2026]\" \/>\n<meta property=\"og:url\" content=\"https:\/\/gruposae.online\/index.php\/2019\/06\/29\/grupo-sae-colaborara-con-las-lanzaderas-de-empleo-de-priego-de-cordoba-y-puente-genil\/\" \/>\n<meta property=\"og:site_name\" content=\"Grupo SAE\" \/>\n<meta property=\"article:published_time\" content=\"2019-06-29T14:53:54+00:00\" \/>\n<meta property=\"article:modified_time\" content=\"2021-09-17T14:54:54+00:00\" \/>\n<meta property=\"og:image\" content=\"https:\/\/gruposae.online\/wp-content\/uploads\/2021\/09\/51a3864ed3ad604d2340c3f8fe249f94_XL.jpg\" \/>\n\t<meta property=\"og:image:width\" content=\"1200\" \/>\n\t<meta property=\"og:image:height\" content=\"748\" \/>\n<meta name=\"twitter:card\" content=\"summary_large_image\" \/>\n<meta name=\"twitter:label1\" content=\"Escrito por\" \/>\n\t<meta name=\"twitter:data1\" content=\"admin\" \/>\n\t<meta name=\"twitter:label2\" content=\"Tiempo de lectura\" \/>\n\t<meta name=\"twitter:data2\" content=\"1 minuto\" \/>\n<script type=\"application\/ld+json\" class=\"yoast-schema-graph\">{\"@context\":\"https:\/\/schema.org\",\"@graph\":[{\"@type\":\"Organization\",\"@id\":\"https:\/\/gruposae.online\/#organization\",\"name\":\"Grupo SAE\",\"url\":\"https:\/\/gruposae.online\/\",\"sameAs\":[],\"logo\":{\"@type\":\"ImageObject\",\"@id\":\"https:\/\/gruposae.online\/#logo\",\"inLanguage\":\"es\",\"url\":\"https:\/\/gruposae.online\/wp-content\/uploads\/2021\/08\/logo-gruposae-header.png\",\"contentUrl\":\"https:\/\/gruposae.online\/wp-content\/uploads\/2021\/08\/logo-gruposae-header.png\",\"width\":335,\"height\":70,\"caption\":\"Grupo SAE\"},\"image\":{\"@id\":\"https:\/\/gruposae.online\/#logo\"}},{\"@type\":\"WebSite\",\"@id\":\"https:\/\/gruposae.online\/#website\",\"url\":\"https:\/\/gruposae.online\/\",\"name\":\"Grupo SAE\",\"description\":\"\",\"publisher\":{\"@id\":\"https:\/\/gruposae.online\/#organization\"},\"potentialAction\":[{\"@type\":\"SearchAction\",\"target\":{\"@type\":\"EntryPoint\",\"urlTemplate\":\"https:\/\/gruposae.online\/?s={search_term_string}\"},\"query-input\":\"required name=search_term_string\"}],\"inLanguage\":\"es\"},{\"@type\":\"ImageObject\",\"@id\":\"https:\/\/gruposae.online\/index.php\/2019\/06\/29\/grupo-sae-colaborara-con-las-lanzaderas-de-empleo-de-priego-de-cordoba-y-puente-genil\/#primaryimage\",\"inLanguage\":\"es\",\"url\":\"https:\/\/gruposae.online\/wp-content\/uploads\/2021\/09\/51a3864ed3ad604d2340c3f8fe249f94_XL.jpg\",\"contentUrl\":\"https:\/\/gruposae.online\/wp-content\/uploads\/2021\/09\/51a3864ed3ad604d2340c3f8fe249f94_XL.jpg\",\"width\":1200,\"height\":748},{\"@type\":\"WebPage\",\"@id\":\"https:\/\/gruposae.online\/index.php\/2019\/06\/29\/grupo-sae-colaborara-con-las-lanzaderas-de-empleo-de-priego-de-cordoba-y-puente-genil\/#webpage\",\"url\":\"https:\/\/gruposae.online\/index.php\/2019\/06\/29\/grupo-sae-colaborara-con-las-lanzaderas-de-empleo-de-priego-de-cordoba-y-puente-genil\/\",\"name\":\"GRUPO SAE COLABORARA CON LAS LANZADERAS DE EMPLEO DE PRIEGO DE C\\u00d3RDOBA Y PUENTE GENIL - Grupo SAE\",\"isPartOf\":{\"@id\":\"https:\/\/gruposae.online\/#website\"},\"primaryImageOfPage\":{\"@id\":\"https:\/\/gruposae.online\/index.php\/2019\/06\/29\/grupo-sae-colaborara-con-las-lanzaderas-de-empleo-de-priego-de-cordoba-y-puente-genil\/#primaryimage\"},\"datePublished\":\"2019-06-29T14:53:54+00:00\",\"dateModified\":\"2021-09-17T14:54:54+00:00\",\"breadcrumb\":{\"@id\":\"https:\/\/gruposae.online\/index.php\/2019\/06\/29\/grupo-sae-colaborara-con-las-lanzaderas-de-empleo-de-priego-de-cordoba-y-puente-genil\/#breadcrumb\"},\"inLanguage\":\"es\",\"potentialAction\":[{\"@type\":\"ReadAction\",\"target\":[\"https:\/\/gruposae.online\/index.php\/2019\/06\/29\/grupo-sae-colaborara-con-las-lanzaderas-de-empleo-de-priego-de-cordoba-y-puente-genil\/\"]}]},{\"@type\":\"BreadcrumbList\",\"@id\":\"https:\/\/gruposae.online\/index.php\/2019\/06\/29\/grupo-sae-colaborara-con-las-lanzaderas-de-empleo-de-priego-de-cordoba-y-puente-genil\/#breadcrumb\",\"itemListElement\":[{\"@type\":\"ListItem\",\"position\":1,\"name\":\"Portada\",\"item\":\"https:\/\/gruposae.online\/\"},{\"@type\":\"ListItem\",\"position\":2,\"name\":\"GRUPO SAE COLABORARA CON LAS LANZADERAS DE EMPLEO DE PRIEGO DE C\\u00d3RDOBA Y PUENTE GENIL\"}]},{\"@type\":\"Article\",\"@id\":\"https:\/\/gruposae.online\/index.php\/2019\/06\/29\/grupo-sae-colaborara-con-las-lanzaderas-de-empleo-de-priego-de-cordoba-y-puente-genil\/#article\",\"isPartOf\":{\"@id\":\"https:\/\/gruposae.online\/index.php\/2019\/06\/29\/grupo-sae-colaborara-con-las-lanzaderas-de-empleo-de-priego-de-cordoba-y-puente-genil\/#webpage\"},\"author\":{\"@id\":\"https:\/\/gruposae.online\/#\/schema\/person\/d6fb6dc442a37fce8d62ef76e3d5066e\"},\"headline\":\"GRUPO SAE COLABORARA CON LAS LANZADERAS DE EMPLEO DE PRIEGO DE C\\u00d3RDOBA Y PUENTE GENIL\",\"datePublished\":\"2019-06-29T14:53:54+00:00\",\"dateModified\":\"2021-09-17T14:54:54+00:00\",\"mainEntityOfPage\":{\"@id\":\"https:\/\/gruposae.online\/index.php\/2019\/06\/29\/grupo-sae-colaborara-con-las-lanzaderas-de-empleo-de-priego-de-cordoba-y-puente-genil\/#webpage\"},\"wordCount\":140,\"commentCount\":0,\"publisher\":{\"@id\":\"https:\/\/gruposae.online\/#organization\"},\"image\":{\"@id\":\"https:\/\/gruposae.online\/index.php\/2019\/06\/29\/grupo-sae-colaborara-con-las-lanzaderas-de-empleo-de-priego-de-cordoba-y-puente-genil\/#primaryimage\"},\"thumbnailUrl\":\"https:\/\/gruposae.online\/wp-content\/uploads\/2021\/09\/51a3864ed3ad604d2340c3f8fe249f94_XL.jpg\",\"articleSection\":[\"Grupo SAE\"],\"inLanguage\":\"es\",\"potentialAction\":[{\"@type\":\"CommentAction\",\"name\":\"Comment\",\"target\":[\"https:\/\/gruposae.online\/index.php\/2019\/06\/29\/grupo-sae-colaborara-con-las-lanzaderas-de-empleo-de-priego-de-cordoba-y-puente-genil\/#respond\"]}]},{\"@type\":\"Person\",\"@id\":\"https:\/\/gruposae.online\/#\/schema\/person\/d6fb6dc442a37fce8d62ef76e3d5066e\",\"name\":\"admin\",\"image\":{\"@type\":\"ImageObject\",\"@id\":\"https:\/\/gruposae.online\/#personlogo\",\"inLanguage\":\"es\",\"url\":\"https:\/\/secure.gravatar.com\/avatar\/c46f05e54262093a8296c238813957ed?s=96&d=mm&r=g\",\"contentUrl\":\"https:\/\/secure.gravatar.com\/avatar\/c46f05e54262093a8296c238813957ed?s=96&d=mm&r=g\",\"caption\":\"admin\"},\"sameAs\":[\"https:\/\/gruposae.online\"]}]}<\/script>\n<!-- \/ Yoast SEO plugin. -->","yoast_head_json":{"title":"GRUPO SAE COLABORARA CON LAS LANZADERAS DE EMPLEO DE PRIEGO DE C\u00d3RDOBA Y PUENTE GENIL - Grupo SAE","robots":{"index":"index","follow":"follow","max-snippet":"max-snippet:-1","max-image-preview":"max-image-preview:large","max-video-preview":"max-video-preview:-1"},"canonical":"https:\/\/gruposae.online\/index.php\/2019\/06\/29\/grupo-sae-colaborara-con-las-lanzaderas-de-empleo-de-priego-de-cordoba-y-puente-genil\/","og_locale":"es_ES","og_type":"article","og_title":"GRUPO SAE COLABORARA CON LAS LANZADERAS DE EMPLEO DE PRIEGO DE C\u00d3RDOBA Y PUENTE GENIL - Grupo SAE","og_description":"El pasado d\u00eda 26 de junio, tuvo lugar en las instalaciones de Grupo SAE, un encuentro de informaci\u00f3n t\u00e9cnica, con las Lanzaderas de Empleo de las [\u2026]","og_url":"https:\/\/gruposae.online\/index.php\/2019\/06\/29\/grupo-sae-colaborara-con-las-lanzaderas-de-empleo-de-priego-de-cordoba-y-puente-genil\/","og_site_name":"Grupo SAE","article_published_time":"2019-06-29T14:53:54+00:00","article_modified_time":"2021-09-17T14:54:54+00:00","og_image":[{"width":1200,"height":748,"url":"https:\/\/gruposae.online\/wp-content\/uploads\/2021\/09\/51a3864ed3ad604d2340c3f8fe249f94_XL.jpg","type":"image\/jpeg"}],"twitter_card":"summary_large_image","twitter_misc":{"Escrito por":"admin","Tiempo de lectura":"1 minuto"},"schema":{"@context":"https:\/\/schema.org","@graph":[{"@type":"Organization","@id":"https:\/\/gruposae.online\/#organization","name":"Grupo SAE","url":"https:\/\/gruposae.online\/","sameAs":[],"logo":{"@type":"ImageObject","@id":"https:\/\/gruposae.online\/#logo","inLanguage":"es","url":"https:\/\/gruposae.online\/wp-content\/uploads\/2021\/08\/logo-gruposae-header.png","contentUrl":"https:\/\/gruposae.online\/wp-content\/uploads\/2021\/08\/logo-gruposae-header.png","width":335,"height":70,"caption":"Grupo SAE"},"image":{"@id":"https:\/\/gruposae.online\/#logo"}},{"@type":"WebSite","@id":"https:\/\/gruposae.online\/#website","url":"https:\/\/gruposae.online\/","name":"Grupo SAE","description":"","publisher":{"@id":"https:\/\/gruposae.online\/#organization"},"potentialAction":[{"@type":"SearchAction","target":{"@type":"EntryPoint","urlTemplate":"https:\/\/gruposae.online\/?s={search_term_string}"},"query-input":"required name=search_term_string"}],"inLanguage":"es"},{"@type":"ImageObject","@id":"https:\/\/gruposae.online\/index.php\/2019\/06\/29\/grupo-sae-colaborara-con-las-lanzaderas-de-empleo-de-priego-de-cordoba-y-puente-genil\/#primaryimage","inLanguage":"es","url":"https:\/\/gruposae.online\/wp-content\/uploads\/2021\/09\/51a3864ed3ad604d2340c3f8fe249f94_XL.jpg","contentUrl":"https:\/\/gruposae.online\/wp-content\/uploads\/2021\/09\/51a3864ed3ad604d2340c3f8fe249f94_XL.jpg","width":1200,"height":748},{"@type":"WebPage","@id":"https:\/\/gruposae.online\/index.php\/2019\/06\/29\/grupo-sae-colaborara-con-las-lanzaderas-de-empleo-de-priego-de-cordoba-y-puente-genil\/#webpage","url":"https:\/\/gruposae.online\/index.php\/2019\/06\/29\/grupo-sae-colaborara-con-las-lanzaderas-de-empleo-de-priego-de-cordoba-y-puente-genil\/","name":"GRUPO SAE COLABORARA CON LAS LANZADERAS DE EMPLEO DE PRIEGO DE C\u00d3RDOBA Y PUENTE GENIL - Grupo SAE","isPartOf":{"@id":"https:\/\/gruposae.online\/#website"},"primaryImageOfPage":{"@id":"https:\/\/gruposae.online\/index.php\/2019\/06\/29\/grupo-sae-colaborara-con-las-lanzaderas-de-empleo-de-priego-de-cordoba-y-puente-genil\/#primaryimage"},"datePublished":"2019-06-29T14:53:54+00:00","dateModified":"2021-09-17T14:54:54+00:00","breadcrumb":{"@id":"https:\/\/gruposae.online\/index.php\/2019\/06\/29\/grupo-sae-colaborara-con-las-lanzaderas-de-empleo-de-priego-de-cordoba-y-puente-genil\/#breadcrumb"},"inLanguage":"es","potentialAction":[{"@type":"ReadAction","target":["https:\/\/gruposae.online\/index.php\/2019\/06\/29\/grupo-sae-colaborara-con-las-lanzaderas-de-empleo-de-priego-de-cordoba-y-puente-genil\/"]}]},{"@type":"BreadcrumbList","@id":"https:\/\/gruposae.online\/index.php\/2019\/06\/29\/grupo-sae-colaborara-con-las-lanzaderas-de-empleo-de-priego-de-cordoba-y-puente-genil\/#breadcrumb","itemListElement":[{"@type":"ListItem","position":1,"name":"Portada","item":"https:\/\/gruposae.online\/"},{"@type":"ListItem","position":2,"name":"GRUPO SAE COLABORARA CON LAS LANZADERAS DE EMPLEO DE PRIEGO DE C\u00d3RDOBA Y PUENTE GENIL"}]},{"@type":"Article","@id":"https:\/\/gruposae.online\/index.php\/2019\/06\/29\/grupo-sae-colaborara-con-las-lanzaderas-de-empleo-de-priego-de-cordoba-y-puente-genil\/#article","isPartOf":{"@id":"https:\/\/gruposae.online\/index.php\/2019\/06\/29\/grupo-sae-colaborara-con-las-lanzaderas-de-empleo-de-priego-de-cordoba-y-puente-genil\/#webpage"},"author":{"@id":"https:\/\/gruposae.online\/#\/schema\/person\/d6fb6dc442a37fce8d62ef76e3d5066e"},"headline":"GRUPO SAE COLABORARA CON LAS LANZADERAS DE EMPLEO DE PRIEGO DE C\u00d3RDOBA Y PUENTE GENIL","datePublished":"2019-06-29T14:53:54+00:00","dateModified":"2021-09-17T14:54:54+00:00","mainEntityOfPage":{"@id":"https:\/\/gruposae.online\/index.php\/2019\/06\/29\/grupo-sae-colaborara-con-las-lanzaderas-de-empleo-de-priego-de-cordoba-y-puente-genil\/#webpage"},"wordCount":140,"commentCount":0,"publisher":{"@id":"https:\/\/gruposae.online\/#organization"},"image":{"@id":"https:\/\/gruposae.online\/index.php\/2019\/06\/29\/grupo-sae-colaborara-con-las-lanzaderas-de-empleo-de-priego-de-cordoba-y-puente-genil\/#primaryimage"},"thumbnailUrl":"https:\/\/gruposae.online\/wp-content\/uploads\/2021\/09\/51a3864ed3ad604d2340c3f8fe249f94_XL.jpg","articleSection":["Grupo SAE"],"inLanguage":"es","potentialAction":[{"@type":"CommentAction","name":"Comment","target":["https:\/\/gruposae.online\/index.php\/2019\/06\/29\/grupo-sae-colaborara-con-las-lanzaderas-de-empleo-de-priego-de-cordoba-y-puente-genil\/#respond"]}]},{"@type":"Person","@id":"https:\/\/gruposae.online\/#\/schema\/person\/d6fb6dc442a37fce8d62ef76e3d5066e","name":"admin","image":{"@type":"ImageObject","@id":"https:\/\/gruposae.online\/#personlogo","inLanguage":"es","url":"https:\/\/secure.gravatar.com\/avatar\/c46f05e54262093a8296c238813957ed?s=96&d=mm&r=g","contentUrl":"https:\/\/secure.gravatar.com\/avatar\/c46f05e54262093a8296c238813957ed?s=96&d=mm&r=g","caption":"admin"},"sameAs":["https:\/\/gruposae.online"]}]}},"_links":{"self":[{"href":"https:\/\/gruposae.online\/index.php\/wp-json\/wp\/v2\/posts\/311"}],"collection":[{"href":"https:\/\/gruposae.online\/index.php\/wp-json\/wp\/v2\/posts"}],"about":[{"href":"https:\/\/gruposae.online\/index.php\/wp-json\/wp\/v2\/types\/post"}],"author":[{"embeddable":true,"href":"https:\/\/gruposae.online\/index.php\/wp-json\/wp\/v2\/users\/1"}],"replies":[{"embeddable":true,"href":"https:\/\/gruposae.online\/index.php\/wp-json\/wp\/v2\/comments?post=311"}],"version-history":[{"count":1,"href":"https:\/\/gruposae.online\/index.php\/wp-json\/wp\/v2\/posts\/311\/revisions"}],"predecessor-version":[{"id":313,"href":"https:\/\/gruposae.online\/index.php\/wp-json\/wp\/v2\/posts\/311\/revisions\/313"}],"wp:featuredmedia":[{"embeddable":true,"href":"https:\/\/gruposae.online\/index.php\/wp-json\/wp\/v2\/media\/312"}],"wp:attachment":[{"href":"https:\/\/gruposae.online\/index.php\/wp-json\/wp\/v2\/media?parent=311"}],"wp:term":[{"taxonomy":"category","embeddable":true,"href":"https:\/\/gruposae.online\/index.php\/wp-json\/wp\/v2\/categories?post=311"},{"taxonomy":"post_tag","embeddable":true,"href":"https:\/\/gruposae.online\/index.php\/wp-json\/wp\/v2\/tags?post=311"}],"curies":[{"name":"wp","href":"https:\/\/api.w.org\/{rel}","templated":true}]}}