{"id":317,"date":"2019-06-13T14:56:15","date_gmt":"2019-06-13T14:56:15","guid":{"rendered":"https:\/\/gruposae.online\/?p=317"},"modified":"2021-09-17T14:57:16","modified_gmt":"2021-09-17T14:57:16","slug":"el-centro-de-fp-juan-valera-impartira-gran-parte-de-sus-ciclos-el-proximo-curso-academico-bajo-la-modalidad-de-fp-dual","status":"publish","type":"post","link":"https:\/\/gruposae.online\/index.php\/2019\/06\/13\/el-centro-de-fp-juan-valera-impartira-gran-parte-de-sus-ciclos-el-proximo-curso-academico-bajo-la-modalidad-de-fp-dual\/","title":{"rendered":"EL CENTRO DE FP JUAN VALERA, IMPARTIR\u00c1 GRAN PARTE DE SUS CICLOS EL PR\u00d3XIMO CURSO ACAD\u00c9MICO BAJO LA MODALIDAD DE FP DUAL"},"content":{"rendered":"<div>\n<p>El Centro Docente Privado de Formaci\u00f3n Profesional JUAN VALERA Centro Oficial y Autorizado por la\u00a0<strong>Consejer\u00eda de Educaci\u00f3n de la Junta de Andaluc\u00eda con n\u00ba 14012795, integrado en GRUPOSAE, pondr\u00e1 a disposici\u00f3n el pr\u00f3ximo curso acad\u00e9mico 2019\/2020 una gran parte de sus plazas para los ciclos de Grado Medio y Superior, bajo la \u201cmodalidad\u201d de FP Dual, tras resultar aprobados los Proyectos presentados a la Consejer\u00eda de Educaci\u00f3n.<\/strong><\/p>\n<\/div>\n<div>\n<p><strong>Esto supone que muchos alumnos\/as, seguir\u00e1n un modelo de estudio muy similar al que desarrollan los estudiantes de FP en pa\u00edses como Alemania.<\/strong><\/p>\n<p>La FP dual va m\u00e1s all\u00e1 de los planes de pr\u00e1cticas tradicionales ya que, por un lado, la empresa es corresponsable de la formaci\u00f3n y puede adaptar el curr\u00edculo acad\u00e9mico a sus necesidades de formaci\u00f3n y, por otro lado, proporciona una mayor experiencia al aprendiz\/alumno, al formarse en un entorno real de trabajo.<\/p>\n<hr \/>\n<blockquote><p><em><strong>Importantes empresas de nuestra localidad y provincia, acoger\u00e1n a los estudiantes bajo esta modalidad, que supone una de las mayores herramientas de inserci\u00f3n laboral.<\/strong><\/em><\/p><\/blockquote>\n<hr \/>\n<p><strong>Adem\u00e1s estos alumnos, recibir\u00e1n una peque\u00f1a beca por parte de las empresas. Paralelamente, nuestro centro de FP Juan Valera, gestionar\u00e1 la viabilidad de becas, para aquellos alumnos\/as que re\u00fanan las condiciones establecidas en las bases de las convocatorias.<\/strong><\/p>\n<\/div>\n","protected":false},"excerpt":{"rendered":"<p>El Centro Docente Privado de Formaci\u00f3n Profesional JUAN VALERA Centro Oficial y Autorizado por la\u00a0Consejer\u00eda de Educaci\u00f3n de la Junta de Andaluc\u00eda con n\u00ba 14012795, integrado<span class=\"excerpt-hellip\"> [\u2026]<\/span><\/p>\n","protected":false},"author":1,"featured_media":318,"comment_status":"open","ping_status":"open","sticky":false,"template":"","format":"standard","meta":[],"categories":[1],"tags":[],"yoast_head":"<!-- This site is optimized with the Yoast SEO plugin v17.3 - https:\/\/yoast.com\/wordpress\/plugins\/seo\/ -->\n<title>EL CENTRO DE FP JUAN VALERA, IMPARTIR\u00c1 GRAN PARTE DE SUS CICLOS EL PR\u00d3XIMO CURSO ACAD\u00c9MICO BAJO LA MODALIDAD DE FP DUAL - Grupo SAE<\/title>\n<meta name=\"robots\" content=\"index, follow, max-snippet:-1, max-image-preview:large, max-video-preview:-1\" \/>\n<link rel=\"canonical\" href=\"https:\/\/gruposae.online\/index.php\/2019\/06\/13\/el-centro-de-fp-juan-valera-impartira-gran-parte-de-sus-ciclos-el-proximo-curso-academico-bajo-la-modalidad-de-fp-dual\/\" \/>\n<meta property=\"og:locale\" content=\"es_ES\" \/>\n<meta property=\"og:type\" content=\"article\" \/>\n<meta property=\"og:title\" content=\"EL CENTRO DE FP JUAN VALERA, IMPARTIR\u00c1 GRAN PARTE DE SUS CICLOS EL PR\u00d3XIMO CURSO ACAD\u00c9MICO BAJO LA MODALIDAD DE FP DUAL - Grupo SAE\" \/>\n<meta property=\"og:description\" content=\"El Centro Docente Privado de Formaci\u00f3n Profesional JUAN VALERA Centro Oficial y Autorizado por la\u00a0Consejer\u00eda de Educaci\u00f3n de la Junta de Andaluc\u00eda con n\u00ba 14012795, integrado [\u2026]\" \/>\n<meta property=\"og:url\" content=\"https:\/\/gruposae.online\/index.php\/2019\/06\/13\/el-centro-de-fp-juan-valera-impartira-gran-parte-de-sus-ciclos-el-proximo-curso-academico-bajo-la-modalidad-de-fp-dual\/\" \/>\n<meta property=\"og:site_name\" content=\"Grupo SAE\" \/>\n<meta property=\"article:published_time\" content=\"2019-06-13T14:56:15+00:00\" \/>\n<meta property=\"article:modified_time\" content=\"2021-09-17T14:57:16+00:00\" \/>\n<meta property=\"og:image\" content=\"https:\/\/gruposae.online\/wp-content\/uploads\/2021\/09\/3707d8f2be163bd14c78cf07586f13bb_XL.jpg\" \/>\n\t<meta property=\"og:image:width\" content=\"1200\" \/>\n\t<meta property=\"og:image:height\" content=\"748\" \/>\n<meta name=\"twitter:card\" content=\"summary_large_image\" \/>\n<meta name=\"twitter:label1\" content=\"Escrito por\" \/>\n\t<meta name=\"twitter:data1\" content=\"admin\" \/>\n\t<meta name=\"twitter:label2\" content=\"Tiempo de lectura\" \/>\n\t<meta name=\"twitter:data2\" content=\"1 minuto\" \/>\n<script type=\"application\/ld+json\" class=\"yoast-schema-graph\">{\"@context\":\"https:\/\/schema.org\",\"@graph\":[{\"@type\":\"Organization\",\"@id\":\"https:\/\/gruposae.online\/#organization\",\"name\":\"Grupo SAE\",\"url\":\"https:\/\/gruposae.online\/\",\"sameAs\":[],\"logo\":{\"@type\":\"ImageObject\",\"@id\":\"https:\/\/gruposae.online\/#logo\",\"inLanguage\":\"es\",\"url\":\"https:\/\/gruposae.online\/wp-content\/uploads\/2021\/08\/logo-gruposae-header.png\",\"contentUrl\":\"https:\/\/gruposae.online\/wp-content\/uploads\/2021\/08\/logo-gruposae-header.png\",\"width\":335,\"height\":70,\"caption\":\"Grupo SAE\"},\"image\":{\"@id\":\"https:\/\/gruposae.online\/#logo\"}},{\"@type\":\"WebSite\",\"@id\":\"https:\/\/gruposae.online\/#website\",\"url\":\"https:\/\/gruposae.online\/\",\"name\":\"Grupo SAE\",\"description\":\"\",\"publisher\":{\"@id\":\"https:\/\/gruposae.online\/#organization\"},\"potentialAction\":[{\"@type\":\"SearchAction\",\"target\":{\"@type\":\"EntryPoint\",\"urlTemplate\":\"https:\/\/gruposae.online\/?s={search_term_string}\"},\"query-input\":\"required name=search_term_string\"}],\"inLanguage\":\"es\"},{\"@type\":\"ImageObject\",\"@id\":\"https:\/\/gruposae.online\/index.php\/2019\/06\/13\/el-centro-de-fp-juan-valera-impartira-gran-parte-de-sus-ciclos-el-proximo-curso-academico-bajo-la-modalidad-de-fp-dual\/#primaryimage\",\"inLanguage\":\"es\",\"url\":\"https:\/\/gruposae.online\/wp-content\/uploads\/2021\/09\/3707d8f2be163bd14c78cf07586f13bb_XL.jpg\",\"contentUrl\":\"https:\/\/gruposae.online\/wp-content\/uploads\/2021\/09\/3707d8f2be163bd14c78cf07586f13bb_XL.jpg\",\"width\":1200,\"height\":748},{\"@type\":\"WebPage\",\"@id\":\"https:\/\/gruposae.online\/index.php\/2019\/06\/13\/el-centro-de-fp-juan-valera-impartira-gran-parte-de-sus-ciclos-el-proximo-curso-academico-bajo-la-modalidad-de-fp-dual\/#webpage\",\"url\":\"https:\/\/gruposae.online\/index.php\/2019\/06\/13\/el-centro-de-fp-juan-valera-impartira-gran-parte-de-sus-ciclos-el-proximo-curso-academico-bajo-la-modalidad-de-fp-dual\/\",\"name\":\"EL CENTRO DE FP JUAN VALERA, IMPARTIR\\u00c1 GRAN PARTE DE SUS CICLOS EL PR\\u00d3XIMO CURSO ACAD\\u00c9MICO BAJO LA MODALIDAD DE FP DUAL - Grupo SAE\",\"isPartOf\":{\"@id\":\"https:\/\/gruposae.online\/#website\"},\"primaryImageOfPage\":{\"@id\":\"https:\/\/gruposae.online\/index.php\/2019\/06\/13\/el-centro-de-fp-juan-valera-impartira-gran-parte-de-sus-ciclos-el-proximo-curso-academico-bajo-la-modalidad-de-fp-dual\/#primaryimage\"},\"datePublished\":\"2019-06-13T14:56:15+00:00\",\"dateModified\":\"2021-09-17T14:57:16+00:00\",\"breadcrumb\":{\"@id\":\"https:\/\/gruposae.online\/index.php\/2019\/06\/13\/el-centro-de-fp-juan-valera-impartira-gran-parte-de-sus-ciclos-el-proximo-curso-academico-bajo-la-modalidad-de-fp-dual\/#breadcrumb\"},\"inLanguage\":\"es\",\"potentialAction\":[{\"@type\":\"ReadAction\",\"target\":[\"https:\/\/gruposae.online\/index.php\/2019\/06\/13\/el-centro-de-fp-juan-valera-impartira-gran-parte-de-sus-ciclos-el-proximo-curso-academico-bajo-la-modalidad-de-fp-dual\/\"]}]},{\"@type\":\"BreadcrumbList\",\"@id\":\"https:\/\/gruposae.online\/index.php\/2019\/06\/13\/el-centro-de-fp-juan-valera-impartira-gran-parte-de-sus-ciclos-el-proximo-curso-academico-bajo-la-modalidad-de-fp-dual\/#breadcrumb\",\"itemListElement\":[{\"@type\":\"ListItem\",\"position\":1,\"name\":\"Portada\",\"item\":\"https:\/\/gruposae.online\/\"},{\"@type\":\"ListItem\",\"position\":2,\"name\":\"EL CENTRO DE FP JUAN VALERA, IMPARTIR\\u00c1 GRAN PARTE DE SUS CICLOS EL PR\\u00d3XIMO CURSO ACAD\\u00c9MICO BAJO LA MODALIDAD DE FP DUAL\"}]},{\"@type\":\"Article\",\"@id\":\"https:\/\/gruposae.online\/index.php\/2019\/06\/13\/el-centro-de-fp-juan-valera-impartira-gran-parte-de-sus-ciclos-el-proximo-curso-academico-bajo-la-modalidad-de-fp-dual\/#article\",\"isPartOf\":{\"@id\":\"https:\/\/gruposae.online\/index.php\/2019\/06\/13\/el-centro-de-fp-juan-valera-impartira-gran-parte-de-sus-ciclos-el-proximo-curso-academico-bajo-la-modalidad-de-fp-dual\/#webpage\"},\"author\":{\"@id\":\"https:\/\/gruposae.online\/#\/schema\/person\/d6fb6dc442a37fce8d62ef76e3d5066e\"},\"headline\":\"EL CENTRO DE FP JUAN VALERA, IMPARTIR\\u00c1 GRAN PARTE DE SUS CICLOS EL PR\\u00d3XIMO CURSO ACAD\\u00c9MICO BAJO LA MODALIDAD DE FP DUAL\",\"datePublished\":\"2019-06-13T14:56:15+00:00\",\"dateModified\":\"2021-09-17T14:57:16+00:00\",\"mainEntityOfPage\":{\"@id\":\"https:\/\/gruposae.online\/index.php\/2019\/06\/13\/el-centro-de-fp-juan-valera-impartira-gran-parte-de-sus-ciclos-el-proximo-curso-academico-bajo-la-modalidad-de-fp-dual\/#webpage\"},\"wordCount\":254,\"commentCount\":0,\"publisher\":{\"@id\":\"https:\/\/gruposae.online\/#organization\"},\"image\":{\"@id\":\"https:\/\/gruposae.online\/index.php\/2019\/06\/13\/el-centro-de-fp-juan-valera-impartira-gran-parte-de-sus-ciclos-el-proximo-curso-academico-bajo-la-modalidad-de-fp-dual\/#primaryimage\"},\"thumbnailUrl\":\"https:\/\/gruposae.online\/wp-content\/uploads\/2021\/09\/3707d8f2be163bd14c78cf07586f13bb_XL.jpg\",\"articleSection\":[\"Grupo SAE\"],\"inLanguage\":\"es\",\"potentialAction\":[{\"@type\":\"CommentAction\",\"name\":\"Comment\",\"target\":[\"https:\/\/gruposae.online\/index.php\/2019\/06\/13\/el-centro-de-fp-juan-valera-impartira-gran-parte-de-sus-ciclos-el-proximo-curso-academico-bajo-la-modalidad-de-fp-dual\/#respond\"]}]},{\"@type\":\"Person\",\"@id\":\"https:\/\/gruposae.online\/#\/schema\/person\/d6fb6dc442a37fce8d62ef76e3d5066e\",\"name\":\"admin\",\"image\":{\"@type\":\"ImageObject\",\"@id\":\"https:\/\/gruposae.online\/#personlogo\",\"inLanguage\":\"es\",\"url\":\"https:\/\/secure.gravatar.com\/avatar\/c46f05e54262093a8296c238813957ed?s=96&d=mm&r=g\",\"contentUrl\":\"https:\/\/secure.gravatar.com\/avatar\/c46f05e54262093a8296c238813957ed?s=96&d=mm&r=g\",\"caption\":\"admin\"},\"sameAs\":[\"https:\/\/gruposae.online\"]}]}<\/script>\n<!-- \/ Yoast SEO plugin. -->","yoast_head_json":{"title":"EL CENTRO DE FP JUAN VALERA, IMPARTIR\u00c1 GRAN PARTE DE SUS CICLOS EL PR\u00d3XIMO CURSO ACAD\u00c9MICO BAJO LA MODALIDAD DE FP DUAL - Grupo SAE","robots":{"index":"index","follow":"follow","max-snippet":"max-snippet:-1","max-image-preview":"max-image-preview:large","max-video-preview":"max-video-preview:-1"},"canonical":"https:\/\/gruposae.online\/index.php\/2019\/06\/13\/el-centro-de-fp-juan-valera-impartira-gran-parte-de-sus-ciclos-el-proximo-curso-academico-bajo-la-modalidad-de-fp-dual\/","og_locale":"es_ES","og_type":"article","og_title":"EL CENTRO DE FP JUAN VALERA, IMPARTIR\u00c1 GRAN PARTE DE SUS CICLOS EL PR\u00d3XIMO CURSO ACAD\u00c9MICO BAJO LA MODALIDAD DE FP DUAL - Grupo SAE","og_description":"El Centro Docente Privado de Formaci\u00f3n Profesional JUAN VALERA Centro Oficial y Autorizado por la\u00a0Consejer\u00eda de Educaci\u00f3n de la Junta de Andaluc\u00eda con n\u00ba 14012795, integrado [\u2026]","og_url":"https:\/\/gruposae.online\/index.php\/2019\/06\/13\/el-centro-de-fp-juan-valera-impartira-gran-parte-de-sus-ciclos-el-proximo-curso-academico-bajo-la-modalidad-de-fp-dual\/","og_site_name":"Grupo SAE","article_published_time":"2019-06-13T14:56:15+00:00","article_modified_time":"2021-09-17T14:57:16+00:00","og_image":[{"width":1200,"height":748,"url":"https:\/\/gruposae.online\/wp-content\/uploads\/2021\/09\/3707d8f2be163bd14c78cf07586f13bb_XL.jpg","type":"image\/jpeg"}],"twitter_card":"summary_large_image","twitter_misc":{"Escrito por":"admin","Tiempo de lectura":"1 minuto"},"schema":{"@context":"https:\/\/schema.org","@graph":[{"@type":"Organization","@id":"https:\/\/gruposae.online\/#organization","name":"Grupo SAE","url":"https:\/\/gruposae.online\/","sameAs":[],"logo":{"@type":"ImageObject","@id":"https:\/\/gruposae.online\/#logo","inLanguage":"es","url":"https:\/\/gruposae.online\/wp-content\/uploads\/2021\/08\/logo-gruposae-header.png","contentUrl":"https:\/\/gruposae.online\/wp-content\/uploads\/2021\/08\/logo-gruposae-header.png","width":335,"height":70,"caption":"Grupo SAE"},"image":{"@id":"https:\/\/gruposae.online\/#logo"}},{"@type":"WebSite","@id":"https:\/\/gruposae.online\/#website","url":"https:\/\/gruposae.online\/","name":"Grupo SAE","description":"","publisher":{"@id":"https:\/\/gruposae.online\/#organization"},"potentialAction":[{"@type":"SearchAction","target":{"@type":"EntryPoint","urlTemplate":"https:\/\/gruposae.online\/?s={search_term_string}"},"query-input":"required name=search_term_string"}],"inLanguage":"es"},{"@type":"ImageObject","@id":"https:\/\/gruposae.online\/index.php\/2019\/06\/13\/el-centro-de-fp-juan-valera-impartira-gran-parte-de-sus-ciclos-el-proximo-curso-academico-bajo-la-modalidad-de-fp-dual\/#primaryimage","inLanguage":"es","url":"https:\/\/gruposae.online\/wp-content\/uploads\/2021\/09\/3707d8f2be163bd14c78cf07586f13bb_XL.jpg","contentUrl":"https:\/\/gruposae.online\/wp-content\/uploads\/2021\/09\/3707d8f2be163bd14c78cf07586f13bb_XL.jpg","width":1200,"height":748},{"@type":"WebPage","@id":"https:\/\/gruposae.online\/index.php\/2019\/06\/13\/el-centro-de-fp-juan-valera-impartira-gran-parte-de-sus-ciclos-el-proximo-curso-academico-bajo-la-modalidad-de-fp-dual\/#webpage","url":"https:\/\/gruposae.online\/index.php\/2019\/06\/13\/el-centro-de-fp-juan-valera-impartira-gran-parte-de-sus-ciclos-el-proximo-curso-academico-bajo-la-modalidad-de-fp-dual\/","name":"EL CENTRO DE FP JUAN VALERA, IMPARTIR\u00c1 GRAN PARTE DE SUS CICLOS EL PR\u00d3XIMO CURSO ACAD\u00c9MICO BAJO LA MODALIDAD DE FP DUAL - Grupo SAE","isPartOf":{"@id":"https:\/\/gruposae.online\/#website"},"primaryImageOfPage":{"@id":"https:\/\/gruposae.online\/index.php\/2019\/06\/13\/el-centro-de-fp-juan-valera-impartira-gran-parte-de-sus-ciclos-el-proximo-curso-academico-bajo-la-modalidad-de-fp-dual\/#primaryimage"},"datePublished":"2019-06-13T14:56:15+00:00","dateModified":"2021-09-17T14:57:16+00:00","breadcrumb":{"@id":"https:\/\/gruposae.online\/index.php\/2019\/06\/13\/el-centro-de-fp-juan-valera-impartira-gran-parte-de-sus-ciclos-el-proximo-curso-academico-bajo-la-modalidad-de-fp-dual\/#breadcrumb"},"inLanguage":"es","potentialAction":[{"@type":"ReadAction","target":["https:\/\/gruposae.online\/index.php\/2019\/06\/13\/el-centro-de-fp-juan-valera-impartira-gran-parte-de-sus-ciclos-el-proximo-curso-academico-bajo-la-modalidad-de-fp-dual\/"]}]},{"@type":"BreadcrumbList","@id":"https:\/\/gruposae.online\/index.php\/2019\/06\/13\/el-centro-de-fp-juan-valera-impartira-gran-parte-de-sus-ciclos-el-proximo-curso-academico-bajo-la-modalidad-de-fp-dual\/#breadcrumb","itemListElement":[{"@type":"ListItem","position":1,"name":"Portada","item":"https:\/\/gruposae.online\/"},{"@type":"ListItem","position":2,"name":"EL CENTRO DE FP JUAN VALERA, IMPARTIR\u00c1 GRAN PARTE DE SUS CICLOS EL PR\u00d3XIMO CURSO ACAD\u00c9MICO BAJO LA MODALIDAD DE FP DUAL"}]},{"@type":"Article","@id":"https:\/\/gruposae.online\/index.php\/2019\/06\/13\/el-centro-de-fp-juan-valera-impartira-gran-parte-de-sus-ciclos-el-proximo-curso-academico-bajo-la-modalidad-de-fp-dual\/#article","isPartOf":{"@id":"https:\/\/gruposae.online\/index.php\/2019\/06\/13\/el-centro-de-fp-juan-valera-impartira-gran-parte-de-sus-ciclos-el-proximo-curso-academico-bajo-la-modalidad-de-fp-dual\/#webpage"},"author":{"@id":"https:\/\/gruposae.online\/#\/schema\/person\/d6fb6dc442a37fce8d62ef76e3d5066e"},"headline":"EL CENTRO DE FP JUAN VALERA, IMPARTIR\u00c1 GRAN PARTE DE SUS CICLOS EL PR\u00d3XIMO CURSO ACAD\u00c9MICO BAJO LA MODALIDAD DE FP DUAL","datePublished":"2019-06-13T14:56:15+00:00","dateModified":"2021-09-17T14:57:16+00:00","mainEntityOfPage":{"@id":"https:\/\/gruposae.online\/index.php\/2019\/06\/13\/el-centro-de-fp-juan-valera-impartira-gran-parte-de-sus-ciclos-el-proximo-curso-academico-bajo-la-modalidad-de-fp-dual\/#webpage"},"wordCount":254,"commentCount":0,"publisher":{"@id":"https:\/\/gruposae.online\/#organization"},"image":{"@id":"https:\/\/gruposae.online\/index.php\/2019\/06\/13\/el-centro-de-fp-juan-valera-impartira-gran-parte-de-sus-ciclos-el-proximo-curso-academico-bajo-la-modalidad-de-fp-dual\/#primaryimage"},"thumbnailUrl":"https:\/\/gruposae.online\/wp-content\/uploads\/2021\/09\/3707d8f2be163bd14c78cf07586f13bb_XL.jpg","articleSection":["Grupo SAE"],"inLanguage":"es","potentialAction":[{"@type":"CommentAction","name":"Comment","target":["https:\/\/gruposae.online\/index.php\/2019\/06\/13\/el-centro-de-fp-juan-valera-impartira-gran-parte-de-sus-ciclos-el-proximo-curso-academico-bajo-la-modalidad-de-fp-dual\/#respond"]}]},{"@type":"Person","@id":"https:\/\/gruposae.online\/#\/schema\/person\/d6fb6dc442a37fce8d62ef76e3d5066e","name":"admin","image":{"@type":"ImageObject","@id":"https:\/\/gruposae.online\/#personlogo","inLanguage":"es","url":"https:\/\/secure.gravatar.com\/avatar\/c46f05e54262093a8296c238813957ed?s=96&d=mm&r=g","contentUrl":"https:\/\/secure.gravatar.com\/avatar\/c46f05e54262093a8296c238813957ed?s=96&d=mm&r=g","caption":"admin"},"sameAs":["https:\/\/gruposae.online"]}]}},"_links":{"self":[{"href":"https:\/\/gruposae.online\/index.php\/wp-json\/wp\/v2\/posts\/317"}],"collection":[{"href":"https:\/\/gruposae.online\/index.php\/wp-json\/wp\/v2\/posts"}],"about":[{"href":"https:\/\/gruposae.online\/index.php\/wp-json\/wp\/v2\/types\/post"}],"author":[{"embeddable":true,"href":"https:\/\/gruposae.online\/index.php\/wp-json\/wp\/v2\/users\/1"}],"replies":[{"embeddable":true,"href":"https:\/\/gruposae.online\/index.php\/wp-json\/wp\/v2\/comments?post=317"}],"version-history":[{"count":1,"href":"https:\/\/gruposae.online\/index.php\/wp-json\/wp\/v2\/posts\/317\/revisions"}],"predecessor-version":[{"id":319,"href":"https:\/\/gruposae.online\/index.php\/wp-json\/wp\/v2\/posts\/317\/revisions\/319"}],"wp:featuredmedia":[{"embeddable":true,"href":"https:\/\/gruposae.online\/index.php\/wp-json\/wp\/v2\/media\/318"}],"wp:attachment":[{"href":"https:\/\/gruposae.online\/index.php\/wp-json\/wp\/v2\/media?parent=317"}],"wp:term":[{"taxonomy":"category","embeddable":true,"href":"https:\/\/gruposae.online\/index.php\/wp-json\/wp\/v2\/categories?post=317"},{"taxonomy":"post_tag","embeddable":true,"href":"https:\/\/gruposae.online\/index.php\/wp-json\/wp\/v2\/tags?post=317"}],"curies":[{"name":"wp","href":"https:\/\/api.w.org\/{rel}","templated":true}]}}