{"id":333,"date":"2019-05-22T15:04:25","date_gmt":"2019-05-22T15:04:25","guid":{"rendered":"https:\/\/gruposae.online\/?p=333"},"modified":"2021-09-17T15:05:45","modified_gmt":"2021-09-17T15:05:45","slug":"gruposae-participa-en-la-jornada-organizada-por-la-asociacion-de-comerciantes-y-empresarios-de-torremolinos-con-una-ponencia-sobre-los-contratos-de-formacion-y-aprendizaje","status":"publish","type":"post","link":"https:\/\/gruposae.online\/index.php\/2019\/05\/22\/gruposae-participa-en-la-jornada-organizada-por-la-asociacion-de-comerciantes-y-empresarios-de-torremolinos-con-una-ponencia-sobre-los-contratos-de-formacion-y-aprendizaje\/","title":{"rendered":"GRUPOSAE PARTICIPA EN LA JORNADA ORGANIZADA POR LA ASOCIACI\u00d3N DE COMERCIANTES Y EMPRESARIOS DE TORREMOLINOS, CON UNA PONENCIA SOBRE LOS CONTRATOS DE FORMACION Y APRENDIZAJE"},"content":{"rendered":"<p>El Pasado 30 de abril del 2019, la Asociaci\u00f3n de Comerciantes y Empresarios de Torremolinos ACET, organiz\u00f3 la Jornada: PLAN DE FORMACION ACET 2019, en la que Grupo SAE a trav\u00e9s de su Director General Antonio Toro, present\u00f3 la ponencia BONIFICACIONES EN LA CONTRATACIONES LABORALES. La jornada que cont\u00f3 con diversas ponencias, tuvo lugar en el Palacio de Congresos de Torremolinos, y a la misma acudieron un nutrido grupo de empresas de la ciudad.<\/p>\n","protected":false},"excerpt":{"rendered":"<p>El Pasado 30 de abril del 2019, la Asociaci\u00f3n de Comerciantes y Empresarios de Torremolinos ACET, organiz\u00f3 la Jornada: PLAN DE FORMACION ACET 2019, en la<span class=\"excerpt-hellip\"> [\u2026]<\/span><\/p>\n","protected":false},"author":1,"featured_media":334,"comment_status":"open","ping_status":"open","sticky":false,"template":"","format":"standard","meta":[],"categories":[1],"tags":[],"yoast_head":"<!-- This site is optimized with the Yoast SEO plugin v17.3 - https:\/\/yoast.com\/wordpress\/plugins\/seo\/ -->\n<title>GRUPOSAE PARTICIPA EN LA JORNADA ORGANIZADA POR LA ASOCIACI\u00d3N DE COMERCIANTES Y EMPRESARIOS DE TORREMOLINOS, CON UNA PONENCIA SOBRE LOS CONTRATOS DE FORMACION Y APRENDIZAJE - Grupo SAE<\/title>\n<meta name=\"robots\" content=\"index, follow, max-snippet:-1, max-image-preview:large, max-video-preview:-1\" \/>\n<link rel=\"canonical\" href=\"https:\/\/gruposae.online\/index.php\/2019\/05\/22\/gruposae-participa-en-la-jornada-organizada-por-la-asociacion-de-comerciantes-y-empresarios-de-torremolinos-con-una-ponencia-sobre-los-contratos-de-formacion-y-aprendizaje\/\" \/>\n<meta property=\"og:locale\" content=\"es_ES\" \/>\n<meta property=\"og:type\" content=\"article\" \/>\n<meta property=\"og:title\" content=\"GRUPOSAE PARTICIPA EN LA JORNADA ORGANIZADA POR LA ASOCIACI\u00d3N DE COMERCIANTES Y EMPRESARIOS DE TORREMOLINOS, CON UNA PONENCIA SOBRE LOS CONTRATOS DE FORMACION Y APRENDIZAJE - Grupo SAE\" \/>\n<meta property=\"og:description\" content=\"El Pasado 30 de abril del 2019, la Asociaci\u00f3n de Comerciantes y Empresarios de Torremolinos ACET, organiz\u00f3 la Jornada: PLAN DE FORMACION ACET 2019, en la [\u2026]\" \/>\n<meta property=\"og:url\" content=\"https:\/\/gruposae.online\/index.php\/2019\/05\/22\/gruposae-participa-en-la-jornada-organizada-por-la-asociacion-de-comerciantes-y-empresarios-de-torremolinos-con-una-ponencia-sobre-los-contratos-de-formacion-y-aprendizaje\/\" \/>\n<meta property=\"og:site_name\" content=\"Grupo SAE\" \/>\n<meta property=\"article:published_time\" content=\"2019-05-22T15:04:25+00:00\" \/>\n<meta property=\"article:modified_time\" content=\"2021-09-17T15:05:45+00:00\" \/>\n<meta property=\"og:image\" content=\"https:\/\/gruposae.online\/wp-content\/uploads\/2021\/09\/2a14beb1aee2d71c6fecb12f25c690f7_XL.jpg\" \/>\n\t<meta property=\"og:image:width\" content=\"1200\" \/>\n\t<meta property=\"og:image:height\" content=\"748\" \/>\n<meta name=\"twitter:card\" content=\"summary_large_image\" \/>\n<meta name=\"twitter:label1\" content=\"Escrito por\" \/>\n\t<meta name=\"twitter:data1\" content=\"admin\" \/>\n<script type=\"application\/ld+json\" class=\"yoast-schema-graph\">{\"@context\":\"https:\/\/schema.org\",\"@graph\":[{\"@type\":\"Organization\",\"@id\":\"https:\/\/gruposae.online\/#organization\",\"name\":\"Grupo SAE\",\"url\":\"https:\/\/gruposae.online\/\",\"sameAs\":[],\"logo\":{\"@type\":\"ImageObject\",\"@id\":\"https:\/\/gruposae.online\/#logo\",\"inLanguage\":\"es\",\"url\":\"https:\/\/gruposae.online\/wp-content\/uploads\/2021\/08\/logo-gruposae-header.png\",\"contentUrl\":\"https:\/\/gruposae.online\/wp-content\/uploads\/2021\/08\/logo-gruposae-header.png\",\"width\":335,\"height\":70,\"caption\":\"Grupo SAE\"},\"image\":{\"@id\":\"https:\/\/gruposae.online\/#logo\"}},{\"@type\":\"WebSite\",\"@id\":\"https:\/\/gruposae.online\/#website\",\"url\":\"https:\/\/gruposae.online\/\",\"name\":\"Grupo SAE\",\"description\":\"\",\"publisher\":{\"@id\":\"https:\/\/gruposae.online\/#organization\"},\"potentialAction\":[{\"@type\":\"SearchAction\",\"target\":{\"@type\":\"EntryPoint\",\"urlTemplate\":\"https:\/\/gruposae.online\/?s={search_term_string}\"},\"query-input\":\"required name=search_term_string\"}],\"inLanguage\":\"es\"},{\"@type\":\"ImageObject\",\"@id\":\"https:\/\/gruposae.online\/index.php\/2019\/05\/22\/gruposae-participa-en-la-jornada-organizada-por-la-asociacion-de-comerciantes-y-empresarios-de-torremolinos-con-una-ponencia-sobre-los-contratos-de-formacion-y-aprendizaje\/#primaryimage\",\"inLanguage\":\"es\",\"url\":\"https:\/\/gruposae.online\/wp-content\/uploads\/2021\/09\/2a14beb1aee2d71c6fecb12f25c690f7_XL.jpg\",\"contentUrl\":\"https:\/\/gruposae.online\/wp-content\/uploads\/2021\/09\/2a14beb1aee2d71c6fecb12f25c690f7_XL.jpg\",\"width\":1200,\"height\":748},{\"@type\":\"WebPage\",\"@id\":\"https:\/\/gruposae.online\/index.php\/2019\/05\/22\/gruposae-participa-en-la-jornada-organizada-por-la-asociacion-de-comerciantes-y-empresarios-de-torremolinos-con-una-ponencia-sobre-los-contratos-de-formacion-y-aprendizaje\/#webpage\",\"url\":\"https:\/\/gruposae.online\/index.php\/2019\/05\/22\/gruposae-participa-en-la-jornada-organizada-por-la-asociacion-de-comerciantes-y-empresarios-de-torremolinos-con-una-ponencia-sobre-los-contratos-de-formacion-y-aprendizaje\/\",\"name\":\"GRUPOSAE PARTICIPA EN LA JORNADA ORGANIZADA POR LA ASOCIACI\\u00d3N DE COMERCIANTES Y EMPRESARIOS DE TORREMOLINOS, CON UNA PONENCIA SOBRE LOS CONTRATOS DE FORMACION Y APRENDIZAJE - Grupo SAE\",\"isPartOf\":{\"@id\":\"https:\/\/gruposae.online\/#website\"},\"primaryImageOfPage\":{\"@id\":\"https:\/\/gruposae.online\/index.php\/2019\/05\/22\/gruposae-participa-en-la-jornada-organizada-por-la-asociacion-de-comerciantes-y-empresarios-de-torremolinos-con-una-ponencia-sobre-los-contratos-de-formacion-y-aprendizaje\/#primaryimage\"},\"datePublished\":\"2019-05-22T15:04:25+00:00\",\"dateModified\":\"2021-09-17T15:05:45+00:00\",\"breadcrumb\":{\"@id\":\"https:\/\/gruposae.online\/index.php\/2019\/05\/22\/gruposae-participa-en-la-jornada-organizada-por-la-asociacion-de-comerciantes-y-empresarios-de-torremolinos-con-una-ponencia-sobre-los-contratos-de-formacion-y-aprendizaje\/#breadcrumb\"},\"inLanguage\":\"es\",\"potentialAction\":[{\"@type\":\"ReadAction\",\"target\":[\"https:\/\/gruposae.online\/index.php\/2019\/05\/22\/gruposae-participa-en-la-jornada-organizada-por-la-asociacion-de-comerciantes-y-empresarios-de-torremolinos-con-una-ponencia-sobre-los-contratos-de-formacion-y-aprendizaje\/\"]}]},{\"@type\":\"BreadcrumbList\",\"@id\":\"https:\/\/gruposae.online\/index.php\/2019\/05\/22\/gruposae-participa-en-la-jornada-organizada-por-la-asociacion-de-comerciantes-y-empresarios-de-torremolinos-con-una-ponencia-sobre-los-contratos-de-formacion-y-aprendizaje\/#breadcrumb\",\"itemListElement\":[{\"@type\":\"ListItem\",\"position\":1,\"name\":\"Portada\",\"item\":\"https:\/\/gruposae.online\/\"},{\"@type\":\"ListItem\",\"position\":2,\"name\":\"GRUPOSAE PARTICIPA EN LA JORNADA ORGANIZADA POR LA ASOCIACI\\u00d3N DE COMERCIANTES Y EMPRESARIOS DE TORREMOLINOS, CON UNA PONENCIA SOBRE LOS CONTRATOS DE FORMACION Y APRENDIZAJE\"}]},{\"@type\":\"Article\",\"@id\":\"https:\/\/gruposae.online\/index.php\/2019\/05\/22\/gruposae-participa-en-la-jornada-organizada-por-la-asociacion-de-comerciantes-y-empresarios-de-torremolinos-con-una-ponencia-sobre-los-contratos-de-formacion-y-aprendizaje\/#article\",\"isPartOf\":{\"@id\":\"https:\/\/gruposae.online\/index.php\/2019\/05\/22\/gruposae-participa-en-la-jornada-organizada-por-la-asociacion-de-comerciantes-y-empresarios-de-torremolinos-con-una-ponencia-sobre-los-contratos-de-formacion-y-aprendizaje\/#webpage\"},\"author\":{\"@id\":\"https:\/\/gruposae.online\/#\/schema\/person\/d6fb6dc442a37fce8d62ef76e3d5066e\"},\"headline\":\"GRUPOSAE PARTICIPA EN LA JORNADA ORGANIZADA POR LA ASOCIACI\\u00d3N DE COMERCIANTES Y EMPRESARIOS DE TORREMOLINOS, CON UNA PONENCIA SOBRE LOS CONTRATOS DE FORMACION Y APRENDIZAJE\",\"datePublished\":\"2019-05-22T15:04:25+00:00\",\"dateModified\":\"2021-09-17T15:05:45+00:00\",\"mainEntityOfPage\":{\"@id\":\"https:\/\/gruposae.online\/index.php\/2019\/05\/22\/gruposae-participa-en-la-jornada-organizada-por-la-asociacion-de-comerciantes-y-empresarios-de-torremolinos-con-una-ponencia-sobre-los-contratos-de-formacion-y-aprendizaje\/#webpage\"},\"wordCount\":99,\"commentCount\":0,\"publisher\":{\"@id\":\"https:\/\/gruposae.online\/#organization\"},\"image\":{\"@id\":\"https:\/\/gruposae.online\/index.php\/2019\/05\/22\/gruposae-participa-en-la-jornada-organizada-por-la-asociacion-de-comerciantes-y-empresarios-de-torremolinos-con-una-ponencia-sobre-los-contratos-de-formacion-y-aprendizaje\/#primaryimage\"},\"thumbnailUrl\":\"https:\/\/gruposae.online\/wp-content\/uploads\/2021\/09\/2a14beb1aee2d71c6fecb12f25c690f7_XL.jpg\",\"articleSection\":[\"Grupo SAE\"],\"inLanguage\":\"es\",\"potentialAction\":[{\"@type\":\"CommentAction\",\"name\":\"Comment\",\"target\":[\"https:\/\/gruposae.online\/index.php\/2019\/05\/22\/gruposae-participa-en-la-jornada-organizada-por-la-asociacion-de-comerciantes-y-empresarios-de-torremolinos-con-una-ponencia-sobre-los-contratos-de-formacion-y-aprendizaje\/#respond\"]}]},{\"@type\":\"Person\",\"@id\":\"https:\/\/gruposae.online\/#\/schema\/person\/d6fb6dc442a37fce8d62ef76e3d5066e\",\"name\":\"admin\",\"image\":{\"@type\":\"ImageObject\",\"@id\":\"https:\/\/gruposae.online\/#personlogo\",\"inLanguage\":\"es\",\"url\":\"https:\/\/secure.gravatar.com\/avatar\/c46f05e54262093a8296c238813957ed?s=96&d=mm&r=g\",\"contentUrl\":\"https:\/\/secure.gravatar.com\/avatar\/c46f05e54262093a8296c238813957ed?s=96&d=mm&r=g\",\"caption\":\"admin\"},\"sameAs\":[\"https:\/\/gruposae.online\"]}]}<\/script>\n<!-- \/ Yoast SEO plugin. -->","yoast_head_json":{"title":"GRUPOSAE PARTICIPA EN LA JORNADA ORGANIZADA POR LA ASOCIACI\u00d3N DE COMERCIANTES Y EMPRESARIOS DE TORREMOLINOS, CON UNA PONENCIA SOBRE LOS CONTRATOS DE FORMACION Y APRENDIZAJE - Grupo SAE","robots":{"index":"index","follow":"follow","max-snippet":"max-snippet:-1","max-image-preview":"max-image-preview:large","max-video-preview":"max-video-preview:-1"},"canonical":"https:\/\/gruposae.online\/index.php\/2019\/05\/22\/gruposae-participa-en-la-jornada-organizada-por-la-asociacion-de-comerciantes-y-empresarios-de-torremolinos-con-una-ponencia-sobre-los-contratos-de-formacion-y-aprendizaje\/","og_locale":"es_ES","og_type":"article","og_title":"GRUPOSAE PARTICIPA EN LA JORNADA ORGANIZADA POR LA ASOCIACI\u00d3N DE COMERCIANTES Y EMPRESARIOS DE TORREMOLINOS, CON UNA PONENCIA SOBRE LOS CONTRATOS DE FORMACION Y APRENDIZAJE - Grupo SAE","og_description":"El Pasado 30 de abril del 2019, la Asociaci\u00f3n de Comerciantes y Empresarios de Torremolinos ACET, organiz\u00f3 la Jornada: PLAN DE FORMACION ACET 2019, en la [\u2026]","og_url":"https:\/\/gruposae.online\/index.php\/2019\/05\/22\/gruposae-participa-en-la-jornada-organizada-por-la-asociacion-de-comerciantes-y-empresarios-de-torremolinos-con-una-ponencia-sobre-los-contratos-de-formacion-y-aprendizaje\/","og_site_name":"Grupo SAE","article_published_time":"2019-05-22T15:04:25+00:00","article_modified_time":"2021-09-17T15:05:45+00:00","og_image":[{"width":1200,"height":748,"url":"https:\/\/gruposae.online\/wp-content\/uploads\/2021\/09\/2a14beb1aee2d71c6fecb12f25c690f7_XL.jpg","type":"image\/jpeg"}],"twitter_card":"summary_large_image","twitter_misc":{"Escrito por":"admin"},"schema":{"@context":"https:\/\/schema.org","@graph":[{"@type":"Organization","@id":"https:\/\/gruposae.online\/#organization","name":"Grupo SAE","url":"https:\/\/gruposae.online\/","sameAs":[],"logo":{"@type":"ImageObject","@id":"https:\/\/gruposae.online\/#logo","inLanguage":"es","url":"https:\/\/gruposae.online\/wp-content\/uploads\/2021\/08\/logo-gruposae-header.png","contentUrl":"https:\/\/gruposae.online\/wp-content\/uploads\/2021\/08\/logo-gruposae-header.png","width":335,"height":70,"caption":"Grupo SAE"},"image":{"@id":"https:\/\/gruposae.online\/#logo"}},{"@type":"WebSite","@id":"https:\/\/gruposae.online\/#website","url":"https:\/\/gruposae.online\/","name":"Grupo SAE","description":"","publisher":{"@id":"https:\/\/gruposae.online\/#organization"},"potentialAction":[{"@type":"SearchAction","target":{"@type":"EntryPoint","urlTemplate":"https:\/\/gruposae.online\/?s={search_term_string}"},"query-input":"required name=search_term_string"}],"inLanguage":"es"},{"@type":"ImageObject","@id":"https:\/\/gruposae.online\/index.php\/2019\/05\/22\/gruposae-participa-en-la-jornada-organizada-por-la-asociacion-de-comerciantes-y-empresarios-de-torremolinos-con-una-ponencia-sobre-los-contratos-de-formacion-y-aprendizaje\/#primaryimage","inLanguage":"es","url":"https:\/\/gruposae.online\/wp-content\/uploads\/2021\/09\/2a14beb1aee2d71c6fecb12f25c690f7_XL.jpg","contentUrl":"https:\/\/gruposae.online\/wp-content\/uploads\/2021\/09\/2a14beb1aee2d71c6fecb12f25c690f7_XL.jpg","width":1200,"height":748},{"@type":"WebPage","@id":"https:\/\/gruposae.online\/index.php\/2019\/05\/22\/gruposae-participa-en-la-jornada-organizada-por-la-asociacion-de-comerciantes-y-empresarios-de-torremolinos-con-una-ponencia-sobre-los-contratos-de-formacion-y-aprendizaje\/#webpage","url":"https:\/\/gruposae.online\/index.php\/2019\/05\/22\/gruposae-participa-en-la-jornada-organizada-por-la-asociacion-de-comerciantes-y-empresarios-de-torremolinos-con-una-ponencia-sobre-los-contratos-de-formacion-y-aprendizaje\/","name":"GRUPOSAE PARTICIPA EN LA JORNADA ORGANIZADA POR LA ASOCIACI\u00d3N DE COMERCIANTES Y EMPRESARIOS DE TORREMOLINOS, CON UNA PONENCIA SOBRE LOS CONTRATOS DE FORMACION Y APRENDIZAJE - Grupo SAE","isPartOf":{"@id":"https:\/\/gruposae.online\/#website"},"primaryImageOfPage":{"@id":"https:\/\/gruposae.online\/index.php\/2019\/05\/22\/gruposae-participa-en-la-jornada-organizada-por-la-asociacion-de-comerciantes-y-empresarios-de-torremolinos-con-una-ponencia-sobre-los-contratos-de-formacion-y-aprendizaje\/#primaryimage"},"datePublished":"2019-05-22T15:04:25+00:00","dateModified":"2021-09-17T15:05:45+00:00","breadcrumb":{"@id":"https:\/\/gruposae.online\/index.php\/2019\/05\/22\/gruposae-participa-en-la-jornada-organizada-por-la-asociacion-de-comerciantes-y-empresarios-de-torremolinos-con-una-ponencia-sobre-los-contratos-de-formacion-y-aprendizaje\/#breadcrumb"},"inLanguage":"es","potentialAction":[{"@type":"ReadAction","target":["https:\/\/gruposae.online\/index.php\/2019\/05\/22\/gruposae-participa-en-la-jornada-organizada-por-la-asociacion-de-comerciantes-y-empresarios-de-torremolinos-con-una-ponencia-sobre-los-contratos-de-formacion-y-aprendizaje\/"]}]},{"@type":"BreadcrumbList","@id":"https:\/\/gruposae.online\/index.php\/2019\/05\/22\/gruposae-participa-en-la-jornada-organizada-por-la-asociacion-de-comerciantes-y-empresarios-de-torremolinos-con-una-ponencia-sobre-los-contratos-de-formacion-y-aprendizaje\/#breadcrumb","itemListElement":[{"@type":"ListItem","position":1,"name":"Portada","item":"https:\/\/gruposae.online\/"},{"@type":"ListItem","position":2,"name":"GRUPOSAE PARTICIPA EN LA JORNADA ORGANIZADA POR LA ASOCIACI\u00d3N DE COMERCIANTES Y EMPRESARIOS DE TORREMOLINOS, CON UNA PONENCIA SOBRE LOS CONTRATOS DE FORMACION Y APRENDIZAJE"}]},{"@type":"Article","@id":"https:\/\/gruposae.online\/index.php\/2019\/05\/22\/gruposae-participa-en-la-jornada-organizada-por-la-asociacion-de-comerciantes-y-empresarios-de-torremolinos-con-una-ponencia-sobre-los-contratos-de-formacion-y-aprendizaje\/#article","isPartOf":{"@id":"https:\/\/gruposae.online\/index.php\/2019\/05\/22\/gruposae-participa-en-la-jornada-organizada-por-la-asociacion-de-comerciantes-y-empresarios-de-torremolinos-con-una-ponencia-sobre-los-contratos-de-formacion-y-aprendizaje\/#webpage"},"author":{"@id":"https:\/\/gruposae.online\/#\/schema\/person\/d6fb6dc442a37fce8d62ef76e3d5066e"},"headline":"GRUPOSAE PARTICIPA EN LA JORNADA ORGANIZADA POR LA ASOCIACI\u00d3N DE COMERCIANTES Y EMPRESARIOS DE TORREMOLINOS, CON UNA PONENCIA SOBRE LOS CONTRATOS DE FORMACION Y APRENDIZAJE","datePublished":"2019-05-22T15:04:25+00:00","dateModified":"2021-09-17T15:05:45+00:00","mainEntityOfPage":{"@id":"https:\/\/gruposae.online\/index.php\/2019\/05\/22\/gruposae-participa-en-la-jornada-organizada-por-la-asociacion-de-comerciantes-y-empresarios-de-torremolinos-con-una-ponencia-sobre-los-contratos-de-formacion-y-aprendizaje\/#webpage"},"wordCount":99,"commentCount":0,"publisher":{"@id":"https:\/\/gruposae.online\/#organization"},"image":{"@id":"https:\/\/gruposae.online\/index.php\/2019\/05\/22\/gruposae-participa-en-la-jornada-organizada-por-la-asociacion-de-comerciantes-y-empresarios-de-torremolinos-con-una-ponencia-sobre-los-contratos-de-formacion-y-aprendizaje\/#primaryimage"},"thumbnailUrl":"https:\/\/gruposae.online\/wp-content\/uploads\/2021\/09\/2a14beb1aee2d71c6fecb12f25c690f7_XL.jpg","articleSection":["Grupo SAE"],"inLanguage":"es","potentialAction":[{"@type":"CommentAction","name":"Comment","target":["https:\/\/gruposae.online\/index.php\/2019\/05\/22\/gruposae-participa-en-la-jornada-organizada-por-la-asociacion-de-comerciantes-y-empresarios-de-torremolinos-con-una-ponencia-sobre-los-contratos-de-formacion-y-aprendizaje\/#respond"]}]},{"@type":"Person","@id":"https:\/\/gruposae.online\/#\/schema\/person\/d6fb6dc442a37fce8d62ef76e3d5066e","name":"admin","image":{"@type":"ImageObject","@id":"https:\/\/gruposae.online\/#personlogo","inLanguage":"es","url":"https:\/\/secure.gravatar.com\/avatar\/c46f05e54262093a8296c238813957ed?s=96&d=mm&r=g","contentUrl":"https:\/\/secure.gravatar.com\/avatar\/c46f05e54262093a8296c238813957ed?s=96&d=mm&r=g","caption":"admin"},"sameAs":["https:\/\/gruposae.online"]}]}},"_links":{"self":[{"href":"https:\/\/gruposae.online\/index.php\/wp-json\/wp\/v2\/posts\/333"}],"collection":[{"href":"https:\/\/gruposae.online\/index.php\/wp-json\/wp\/v2\/posts"}],"about":[{"href":"https:\/\/gruposae.online\/index.php\/wp-json\/wp\/v2\/types\/post"}],"author":[{"embeddable":true,"href":"https:\/\/gruposae.online\/index.php\/wp-json\/wp\/v2\/users\/1"}],"replies":[{"embeddable":true,"href":"https:\/\/gruposae.online\/index.php\/wp-json\/wp\/v2\/comments?post=333"}],"version-history":[{"count":1,"href":"https:\/\/gruposae.online\/index.php\/wp-json\/wp\/v2\/posts\/333\/revisions"}],"predecessor-version":[{"id":335,"href":"https:\/\/gruposae.online\/index.php\/wp-json\/wp\/v2\/posts\/333\/revisions\/335"}],"wp:featuredmedia":[{"embeddable":true,"href":"https:\/\/gruposae.online\/index.php\/wp-json\/wp\/v2\/media\/334"}],"wp:attachment":[{"href":"https:\/\/gruposae.online\/index.php\/wp-json\/wp\/v2\/media?parent=333"}],"wp:term":[{"taxonomy":"category","embeddable":true,"href":"https:\/\/gruposae.online\/index.php\/wp-json\/wp\/v2\/categories?post=333"},{"taxonomy":"post_tag","embeddable":true,"href":"https:\/\/gruposae.online\/index.php\/wp-json\/wp\/v2\/tags?post=333"}],"curies":[{"name":"wp","href":"https:\/\/api.w.org\/{rel}","templated":true}]}}