{"id":339,"date":"2019-04-11T15:07:12","date_gmt":"2019-04-11T15:07:12","guid":{"rendered":"https:\/\/gruposae.online\/?p=339"},"modified":"2021-09-17T15:07:58","modified_gmt":"2021-09-17T15:07:58","slug":"cocemfe-y-grupo-sae-colaboraran-para-mejorar-el-empleo-de-las-personas-con-discapacidad-fisica-y-organica","status":"publish","type":"post","link":"https:\/\/gruposae.online\/index.php\/2019\/04\/11\/cocemfe-y-grupo-sae-colaboraran-para-mejorar-el-empleo-de-las-personas-con-discapacidad-fisica-y-organica\/","title":{"rendered":"COCEMFE Y GRUPO SAE COLABORAR\u00c1N PARA MEJORAR EL EMPLEO DE LAS PERSONAS CON DISCAPACIDAD F\u00cdSICA Y ORG\u00c1NICA"},"content":{"rendered":"<div>\n<p>La Confederaci\u00f3n Espa\u00f1ola de Personas con Discapacidad F\u00edsica y Org\u00e1nica (COCEMFE) y la empresa Grupo SAE firmaron este martes un convenio de colaboraci\u00f3n con el objetivo de mejorar el empleo, la calidad de vida, la participaci\u00f3n social y el cumplimiento efectivo de los derechos de las personas con discapacidad f\u00edsica y org\u00e1nica.<\/p>\n<\/div>\n<div>\n<p>A la firma del convenio acudieron el presidente de COCEMFE, Anxo Queiruga, y el director general de Grupo SAE, Antonio Toro.<\/p>\n<p>\u201cDesde COCEMFE promovemos el derecho al empleo de las personas con discapacidad como uno de los pilares fundamentales para la autonom\u00eda personal y el desarrollo de una vida independiente basada en la libertad de elecci\u00f3n\u201d, ha se\u00f1alado Queiruga durante la firma del convenio.<\/p>\n<p>En este sentido, el presidente de COCEMFE ha hecho hincapi\u00e9 en la importancia de colaborar con compa\u00f1\u00edas como el Grupo SAE para \u201cincrementar las oportunidades para el acceso al empleo, y mejorar la empleabilidad de las personas con discapacidad\u201c, al tiempo que ha incidido en el potencial de la formaci\u00f3n dual \u201cpara incrementar la formaci\u00f3n y acceder a nuevas ocupaciones de mayor calidad\u201d.<\/p>\n<p>Por su parte, Toro manifest\u00f3 que el colectivo de personas con discapacidad que representa COCEMFE, \u201cpuede y debe convertirse en un activo important\u00edsimo para las empresas, siendo la FP Dual a trav\u00e9s de los Contratos de Formaci\u00f3n, una de las mejores f\u00f3rmulas de inserci\u00f3n laboral estable, dado que la contrataci\u00f3n que aporta esta modalidad puede extenderse sin l\u00edmite de edad , lo que unido al grado de cualificaci\u00f3n, acreditaci\u00f3n y el horizonte de convertirse en indefinido que se obtiene para el trabajador, y la repercusi\u00f3n social y estimulo de competitividad salarial para la empresa, hacen un binomio perfecto\u201d.<\/p>\n<p>En concreto, se impulsar\u00e1 la incorporaci\u00f3n de trabajadores\/as con discapacidad f\u00edsica y org\u00e1nica en Grupo SAE, para lo cual, COCEMFE proporcionar\u00e1 candidaturas preseleccionadas por los Servicios de Empleo a requerimiento de ofertas de empleo enviadas por Grupo SAE o cualquiera de sus empresas adheridas.<\/p>\n<p>Asimismo, se promover\u00e1 el an\u00e1lisis de puestos de trabajo en la empresa susceptibles de ser ocupados por personas con discapacidad, as\u00ed como jornadas de sensibilizaci\u00f3n e informaci\u00f3n sobre las modalidades de contrataci\u00f3n asociadas a formaci\u00f3n y actuaciones dirigidas a mejorar la formaci\u00f3n y la empleabilidad de las personas con discapacidad.<\/p>\n<p>Por \u00faltimo, se acuerda la realizaci\u00f3n de acciones dirigidas a promover el cumplimiento de la Ley General de derechos de las personas con discapacidad y de su inclusi\u00f3n social en lo referente a la cuota de reserva de puesto de trabajo, o en su caso con car\u00e1cter excepcional el cumplimiento de las medidas alternativas establecidas, y de proyectos de colaboraci\u00f3n en cualquier otro \u00e1mbito que suponga una mejora de la calidad de vida para las personas con discapacidad.<\/p>\n<\/div>\n","protected":false},"excerpt":{"rendered":"<p>La Confederaci\u00f3n Espa\u00f1ola de Personas con Discapacidad F\u00edsica y Org\u00e1nica (COCEMFE) y la empresa Grupo SAE firmaron este martes un convenio de colaboraci\u00f3n con el objetivo<span class=\"excerpt-hellip\"> [\u2026]<\/span><\/p>\n","protected":false},"author":1,"featured_media":340,"comment_status":"open","ping_status":"open","sticky":false,"template":"","format":"standard","meta":[],"categories":[1],"tags":[],"yoast_head":"<!-- This site is optimized with the Yoast SEO plugin v17.3 - https:\/\/yoast.com\/wordpress\/plugins\/seo\/ -->\n<title>COCEMFE Y GRUPO SAE COLABORAR\u00c1N PARA MEJORAR EL EMPLEO DE LAS PERSONAS CON DISCAPACIDAD F\u00cdSICA Y ORG\u00c1NICA - Grupo SAE<\/title>\n<meta name=\"robots\" content=\"index, follow, max-snippet:-1, max-image-preview:large, max-video-preview:-1\" \/>\n<link rel=\"canonical\" href=\"https:\/\/gruposae.online\/index.php\/2019\/04\/11\/cocemfe-y-grupo-sae-colaboraran-para-mejorar-el-empleo-de-las-personas-con-discapacidad-fisica-y-organica\/\" \/>\n<meta property=\"og:locale\" content=\"es_ES\" \/>\n<meta property=\"og:type\" content=\"article\" \/>\n<meta property=\"og:title\" content=\"COCEMFE Y GRUPO SAE COLABORAR\u00c1N PARA MEJORAR EL EMPLEO DE LAS PERSONAS CON DISCAPACIDAD F\u00cdSICA Y ORG\u00c1NICA - Grupo SAE\" \/>\n<meta property=\"og:description\" content=\"La Confederaci\u00f3n Espa\u00f1ola de Personas con Discapacidad F\u00edsica y Org\u00e1nica (COCEMFE) y la empresa Grupo SAE firmaron este martes un convenio de colaboraci\u00f3n con el objetivo [\u2026]\" \/>\n<meta property=\"og:url\" content=\"https:\/\/gruposae.online\/index.php\/2019\/04\/11\/cocemfe-y-grupo-sae-colaboraran-para-mejorar-el-empleo-de-las-personas-con-discapacidad-fisica-y-organica\/\" \/>\n<meta property=\"og:site_name\" content=\"Grupo SAE\" \/>\n<meta property=\"article:published_time\" content=\"2019-04-11T15:07:12+00:00\" \/>\n<meta property=\"article:modified_time\" content=\"2021-09-17T15:07:58+00:00\" \/>\n<meta property=\"og:image\" content=\"https:\/\/gruposae.online\/wp-content\/uploads\/2021\/09\/1d73e13563b8be946c0f00bab252d7ea_XL.jpg\" \/>\n\t<meta property=\"og:image:width\" content=\"1200\" \/>\n\t<meta property=\"og:image:height\" content=\"748\" \/>\n<meta name=\"twitter:card\" content=\"summary_large_image\" \/>\n<meta name=\"twitter:label1\" content=\"Escrito por\" \/>\n\t<meta name=\"twitter:data1\" content=\"admin\" \/>\n\t<meta name=\"twitter:label2\" content=\"Tiempo de lectura\" \/>\n\t<meta name=\"twitter:data2\" content=\"2 minutos\" \/>\n<script type=\"application\/ld+json\" class=\"yoast-schema-graph\">{\"@context\":\"https:\/\/schema.org\",\"@graph\":[{\"@type\":\"Organization\",\"@id\":\"https:\/\/gruposae.online\/#organization\",\"name\":\"Grupo SAE\",\"url\":\"https:\/\/gruposae.online\/\",\"sameAs\":[],\"logo\":{\"@type\":\"ImageObject\",\"@id\":\"https:\/\/gruposae.online\/#logo\",\"inLanguage\":\"es\",\"url\":\"https:\/\/gruposae.online\/wp-content\/uploads\/2021\/08\/logo-gruposae-header.png\",\"contentUrl\":\"https:\/\/gruposae.online\/wp-content\/uploads\/2021\/08\/logo-gruposae-header.png\",\"width\":335,\"height\":70,\"caption\":\"Grupo SAE\"},\"image\":{\"@id\":\"https:\/\/gruposae.online\/#logo\"}},{\"@type\":\"WebSite\",\"@id\":\"https:\/\/gruposae.online\/#website\",\"url\":\"https:\/\/gruposae.online\/\",\"name\":\"Grupo SAE\",\"description\":\"\",\"publisher\":{\"@id\":\"https:\/\/gruposae.online\/#organization\"},\"potentialAction\":[{\"@type\":\"SearchAction\",\"target\":{\"@type\":\"EntryPoint\",\"urlTemplate\":\"https:\/\/gruposae.online\/?s={search_term_string}\"},\"query-input\":\"required name=search_term_string\"}],\"inLanguage\":\"es\"},{\"@type\":\"ImageObject\",\"@id\":\"https:\/\/gruposae.online\/index.php\/2019\/04\/11\/cocemfe-y-grupo-sae-colaboraran-para-mejorar-el-empleo-de-las-personas-con-discapacidad-fisica-y-organica\/#primaryimage\",\"inLanguage\":\"es\",\"url\":\"https:\/\/gruposae.online\/wp-content\/uploads\/2021\/09\/1d73e13563b8be946c0f00bab252d7ea_XL.jpg\",\"contentUrl\":\"https:\/\/gruposae.online\/wp-content\/uploads\/2021\/09\/1d73e13563b8be946c0f00bab252d7ea_XL.jpg\",\"width\":1200,\"height\":748},{\"@type\":\"WebPage\",\"@id\":\"https:\/\/gruposae.online\/index.php\/2019\/04\/11\/cocemfe-y-grupo-sae-colaboraran-para-mejorar-el-empleo-de-las-personas-con-discapacidad-fisica-y-organica\/#webpage\",\"url\":\"https:\/\/gruposae.online\/index.php\/2019\/04\/11\/cocemfe-y-grupo-sae-colaboraran-para-mejorar-el-empleo-de-las-personas-con-discapacidad-fisica-y-organica\/\",\"name\":\"COCEMFE Y GRUPO SAE COLABORAR\\u00c1N PARA MEJORAR EL EMPLEO DE LAS PERSONAS CON DISCAPACIDAD F\\u00cdSICA Y ORG\\u00c1NICA - Grupo SAE\",\"isPartOf\":{\"@id\":\"https:\/\/gruposae.online\/#website\"},\"primaryImageOfPage\":{\"@id\":\"https:\/\/gruposae.online\/index.php\/2019\/04\/11\/cocemfe-y-grupo-sae-colaboraran-para-mejorar-el-empleo-de-las-personas-con-discapacidad-fisica-y-organica\/#primaryimage\"},\"datePublished\":\"2019-04-11T15:07:12+00:00\",\"dateModified\":\"2021-09-17T15:07:58+00:00\",\"breadcrumb\":{\"@id\":\"https:\/\/gruposae.online\/index.php\/2019\/04\/11\/cocemfe-y-grupo-sae-colaboraran-para-mejorar-el-empleo-de-las-personas-con-discapacidad-fisica-y-organica\/#breadcrumb\"},\"inLanguage\":\"es\",\"potentialAction\":[{\"@type\":\"ReadAction\",\"target\":[\"https:\/\/gruposae.online\/index.php\/2019\/04\/11\/cocemfe-y-grupo-sae-colaboraran-para-mejorar-el-empleo-de-las-personas-con-discapacidad-fisica-y-organica\/\"]}]},{\"@type\":\"BreadcrumbList\",\"@id\":\"https:\/\/gruposae.online\/index.php\/2019\/04\/11\/cocemfe-y-grupo-sae-colaboraran-para-mejorar-el-empleo-de-las-personas-con-discapacidad-fisica-y-organica\/#breadcrumb\",\"itemListElement\":[{\"@type\":\"ListItem\",\"position\":1,\"name\":\"Portada\",\"item\":\"https:\/\/gruposae.online\/\"},{\"@type\":\"ListItem\",\"position\":2,\"name\":\"COCEMFE Y GRUPO SAE COLABORAR\\u00c1N PARA MEJORAR EL EMPLEO DE LAS PERSONAS CON DISCAPACIDAD F\\u00cdSICA Y ORG\\u00c1NICA\"}]},{\"@type\":\"Article\",\"@id\":\"https:\/\/gruposae.online\/index.php\/2019\/04\/11\/cocemfe-y-grupo-sae-colaboraran-para-mejorar-el-empleo-de-las-personas-con-discapacidad-fisica-y-organica\/#article\",\"isPartOf\":{\"@id\":\"https:\/\/gruposae.online\/index.php\/2019\/04\/11\/cocemfe-y-grupo-sae-colaboraran-para-mejorar-el-empleo-de-las-personas-con-discapacidad-fisica-y-organica\/#webpage\"},\"author\":{\"@id\":\"https:\/\/gruposae.online\/#\/schema\/person\/d6fb6dc442a37fce8d62ef76e3d5066e\"},\"headline\":\"COCEMFE Y GRUPO SAE COLABORAR\\u00c1N PARA MEJORAR EL EMPLEO DE LAS PERSONAS CON DISCAPACIDAD F\\u00cdSICA Y ORG\\u00c1NICA\",\"datePublished\":\"2019-04-11T15:07:12+00:00\",\"dateModified\":\"2021-09-17T15:07:58+00:00\",\"mainEntityOfPage\":{\"@id\":\"https:\/\/gruposae.online\/index.php\/2019\/04\/11\/cocemfe-y-grupo-sae-colaboraran-para-mejorar-el-empleo-de-las-personas-con-discapacidad-fisica-y-organica\/#webpage\"},\"wordCount\":506,\"commentCount\":0,\"publisher\":{\"@id\":\"https:\/\/gruposae.online\/#organization\"},\"image\":{\"@id\":\"https:\/\/gruposae.online\/index.php\/2019\/04\/11\/cocemfe-y-grupo-sae-colaboraran-para-mejorar-el-empleo-de-las-personas-con-discapacidad-fisica-y-organica\/#primaryimage\"},\"thumbnailUrl\":\"https:\/\/gruposae.online\/wp-content\/uploads\/2021\/09\/1d73e13563b8be946c0f00bab252d7ea_XL.jpg\",\"articleSection\":[\"Grupo SAE\"],\"inLanguage\":\"es\",\"potentialAction\":[{\"@type\":\"CommentAction\",\"name\":\"Comment\",\"target\":[\"https:\/\/gruposae.online\/index.php\/2019\/04\/11\/cocemfe-y-grupo-sae-colaboraran-para-mejorar-el-empleo-de-las-personas-con-discapacidad-fisica-y-organica\/#respond\"]}]},{\"@type\":\"Person\",\"@id\":\"https:\/\/gruposae.online\/#\/schema\/person\/d6fb6dc442a37fce8d62ef76e3d5066e\",\"name\":\"admin\",\"image\":{\"@type\":\"ImageObject\",\"@id\":\"https:\/\/gruposae.online\/#personlogo\",\"inLanguage\":\"es\",\"url\":\"https:\/\/secure.gravatar.com\/avatar\/c46f05e54262093a8296c238813957ed?s=96&d=mm&r=g\",\"contentUrl\":\"https:\/\/secure.gravatar.com\/avatar\/c46f05e54262093a8296c238813957ed?s=96&d=mm&r=g\",\"caption\":\"admin\"},\"sameAs\":[\"https:\/\/gruposae.online\"]}]}<\/script>\n<!-- \/ Yoast SEO plugin. -->","yoast_head_json":{"title":"COCEMFE Y GRUPO SAE COLABORAR\u00c1N PARA MEJORAR EL EMPLEO DE LAS PERSONAS CON DISCAPACIDAD F\u00cdSICA Y ORG\u00c1NICA - Grupo SAE","robots":{"index":"index","follow":"follow","max-snippet":"max-snippet:-1","max-image-preview":"max-image-preview:large","max-video-preview":"max-video-preview:-1"},"canonical":"https:\/\/gruposae.online\/index.php\/2019\/04\/11\/cocemfe-y-grupo-sae-colaboraran-para-mejorar-el-empleo-de-las-personas-con-discapacidad-fisica-y-organica\/","og_locale":"es_ES","og_type":"article","og_title":"COCEMFE Y GRUPO SAE COLABORAR\u00c1N PARA MEJORAR EL EMPLEO DE LAS PERSONAS CON DISCAPACIDAD F\u00cdSICA Y ORG\u00c1NICA - Grupo SAE","og_description":"La Confederaci\u00f3n Espa\u00f1ola de Personas con Discapacidad F\u00edsica y Org\u00e1nica (COCEMFE) y la empresa Grupo SAE firmaron este martes un convenio de colaboraci\u00f3n con el objetivo [\u2026]","og_url":"https:\/\/gruposae.online\/index.php\/2019\/04\/11\/cocemfe-y-grupo-sae-colaboraran-para-mejorar-el-empleo-de-las-personas-con-discapacidad-fisica-y-organica\/","og_site_name":"Grupo SAE","article_published_time":"2019-04-11T15:07:12+00:00","article_modified_time":"2021-09-17T15:07:58+00:00","og_image":[{"width":1200,"height":748,"url":"https:\/\/gruposae.online\/wp-content\/uploads\/2021\/09\/1d73e13563b8be946c0f00bab252d7ea_XL.jpg","type":"image\/jpeg"}],"twitter_card":"summary_large_image","twitter_misc":{"Escrito por":"admin","Tiempo de lectura":"2 minutos"},"schema":{"@context":"https:\/\/schema.org","@graph":[{"@type":"Organization","@id":"https:\/\/gruposae.online\/#organization","name":"Grupo SAE","url":"https:\/\/gruposae.online\/","sameAs":[],"logo":{"@type":"ImageObject","@id":"https:\/\/gruposae.online\/#logo","inLanguage":"es","url":"https:\/\/gruposae.online\/wp-content\/uploads\/2021\/08\/logo-gruposae-header.png","contentUrl":"https:\/\/gruposae.online\/wp-content\/uploads\/2021\/08\/logo-gruposae-header.png","width":335,"height":70,"caption":"Grupo SAE"},"image":{"@id":"https:\/\/gruposae.online\/#logo"}},{"@type":"WebSite","@id":"https:\/\/gruposae.online\/#website","url":"https:\/\/gruposae.online\/","name":"Grupo SAE","description":"","publisher":{"@id":"https:\/\/gruposae.online\/#organization"},"potentialAction":[{"@type":"SearchAction","target":{"@type":"EntryPoint","urlTemplate":"https:\/\/gruposae.online\/?s={search_term_string}"},"query-input":"required name=search_term_string"}],"inLanguage":"es"},{"@type":"ImageObject","@id":"https:\/\/gruposae.online\/index.php\/2019\/04\/11\/cocemfe-y-grupo-sae-colaboraran-para-mejorar-el-empleo-de-las-personas-con-discapacidad-fisica-y-organica\/#primaryimage","inLanguage":"es","url":"https:\/\/gruposae.online\/wp-content\/uploads\/2021\/09\/1d73e13563b8be946c0f00bab252d7ea_XL.jpg","contentUrl":"https:\/\/gruposae.online\/wp-content\/uploads\/2021\/09\/1d73e13563b8be946c0f00bab252d7ea_XL.jpg","width":1200,"height":748},{"@type":"WebPage","@id":"https:\/\/gruposae.online\/index.php\/2019\/04\/11\/cocemfe-y-grupo-sae-colaboraran-para-mejorar-el-empleo-de-las-personas-con-discapacidad-fisica-y-organica\/#webpage","url":"https:\/\/gruposae.online\/index.php\/2019\/04\/11\/cocemfe-y-grupo-sae-colaboraran-para-mejorar-el-empleo-de-las-personas-con-discapacidad-fisica-y-organica\/","name":"COCEMFE Y GRUPO SAE COLABORAR\u00c1N PARA MEJORAR EL EMPLEO DE LAS PERSONAS CON DISCAPACIDAD F\u00cdSICA Y ORG\u00c1NICA - Grupo SAE","isPartOf":{"@id":"https:\/\/gruposae.online\/#website"},"primaryImageOfPage":{"@id":"https:\/\/gruposae.online\/index.php\/2019\/04\/11\/cocemfe-y-grupo-sae-colaboraran-para-mejorar-el-empleo-de-las-personas-con-discapacidad-fisica-y-organica\/#primaryimage"},"datePublished":"2019-04-11T15:07:12+00:00","dateModified":"2021-09-17T15:07:58+00:00","breadcrumb":{"@id":"https:\/\/gruposae.online\/index.php\/2019\/04\/11\/cocemfe-y-grupo-sae-colaboraran-para-mejorar-el-empleo-de-las-personas-con-discapacidad-fisica-y-organica\/#breadcrumb"},"inLanguage":"es","potentialAction":[{"@type":"ReadAction","target":["https:\/\/gruposae.online\/index.php\/2019\/04\/11\/cocemfe-y-grupo-sae-colaboraran-para-mejorar-el-empleo-de-las-personas-con-discapacidad-fisica-y-organica\/"]}]},{"@type":"BreadcrumbList","@id":"https:\/\/gruposae.online\/index.php\/2019\/04\/11\/cocemfe-y-grupo-sae-colaboraran-para-mejorar-el-empleo-de-las-personas-con-discapacidad-fisica-y-organica\/#breadcrumb","itemListElement":[{"@type":"ListItem","position":1,"name":"Portada","item":"https:\/\/gruposae.online\/"},{"@type":"ListItem","position":2,"name":"COCEMFE Y GRUPO SAE COLABORAR\u00c1N PARA MEJORAR EL EMPLEO DE LAS PERSONAS CON DISCAPACIDAD F\u00cdSICA Y ORG\u00c1NICA"}]},{"@type":"Article","@id":"https:\/\/gruposae.online\/index.php\/2019\/04\/11\/cocemfe-y-grupo-sae-colaboraran-para-mejorar-el-empleo-de-las-personas-con-discapacidad-fisica-y-organica\/#article","isPartOf":{"@id":"https:\/\/gruposae.online\/index.php\/2019\/04\/11\/cocemfe-y-grupo-sae-colaboraran-para-mejorar-el-empleo-de-las-personas-con-discapacidad-fisica-y-organica\/#webpage"},"author":{"@id":"https:\/\/gruposae.online\/#\/schema\/person\/d6fb6dc442a37fce8d62ef76e3d5066e"},"headline":"COCEMFE Y GRUPO SAE COLABORAR\u00c1N PARA MEJORAR EL EMPLEO DE LAS PERSONAS CON DISCAPACIDAD F\u00cdSICA Y ORG\u00c1NICA","datePublished":"2019-04-11T15:07:12+00:00","dateModified":"2021-09-17T15:07:58+00:00","mainEntityOfPage":{"@id":"https:\/\/gruposae.online\/index.php\/2019\/04\/11\/cocemfe-y-grupo-sae-colaboraran-para-mejorar-el-empleo-de-las-personas-con-discapacidad-fisica-y-organica\/#webpage"},"wordCount":506,"commentCount":0,"publisher":{"@id":"https:\/\/gruposae.online\/#organization"},"image":{"@id":"https:\/\/gruposae.online\/index.php\/2019\/04\/11\/cocemfe-y-grupo-sae-colaboraran-para-mejorar-el-empleo-de-las-personas-con-discapacidad-fisica-y-organica\/#primaryimage"},"thumbnailUrl":"https:\/\/gruposae.online\/wp-content\/uploads\/2021\/09\/1d73e13563b8be946c0f00bab252d7ea_XL.jpg","articleSection":["Grupo SAE"],"inLanguage":"es","potentialAction":[{"@type":"CommentAction","name":"Comment","target":["https:\/\/gruposae.online\/index.php\/2019\/04\/11\/cocemfe-y-grupo-sae-colaboraran-para-mejorar-el-empleo-de-las-personas-con-discapacidad-fisica-y-organica\/#respond"]}]},{"@type":"Person","@id":"https:\/\/gruposae.online\/#\/schema\/person\/d6fb6dc442a37fce8d62ef76e3d5066e","name":"admin","image":{"@type":"ImageObject","@id":"https:\/\/gruposae.online\/#personlogo","inLanguage":"es","url":"https:\/\/secure.gravatar.com\/avatar\/c46f05e54262093a8296c238813957ed?s=96&d=mm&r=g","contentUrl":"https:\/\/secure.gravatar.com\/avatar\/c46f05e54262093a8296c238813957ed?s=96&d=mm&r=g","caption":"admin"},"sameAs":["https:\/\/gruposae.online"]}]}},"_links":{"self":[{"href":"https:\/\/gruposae.online\/index.php\/wp-json\/wp\/v2\/posts\/339"}],"collection":[{"href":"https:\/\/gruposae.online\/index.php\/wp-json\/wp\/v2\/posts"}],"about":[{"href":"https:\/\/gruposae.online\/index.php\/wp-json\/wp\/v2\/types\/post"}],"author":[{"embeddable":true,"href":"https:\/\/gruposae.online\/index.php\/wp-json\/wp\/v2\/users\/1"}],"replies":[{"embeddable":true,"href":"https:\/\/gruposae.online\/index.php\/wp-json\/wp\/v2\/comments?post=339"}],"version-history":[{"count":1,"href":"https:\/\/gruposae.online\/index.php\/wp-json\/wp\/v2\/posts\/339\/revisions"}],"predecessor-version":[{"id":341,"href":"https:\/\/gruposae.online\/index.php\/wp-json\/wp\/v2\/posts\/339\/revisions\/341"}],"wp:featuredmedia":[{"embeddable":true,"href":"https:\/\/gruposae.online\/index.php\/wp-json\/wp\/v2\/media\/340"}],"wp:attachment":[{"href":"https:\/\/gruposae.online\/index.php\/wp-json\/wp\/v2\/media?parent=339"}],"wp:term":[{"taxonomy":"category","embeddable":true,"href":"https:\/\/gruposae.online\/index.php\/wp-json\/wp\/v2\/categories?post=339"},{"taxonomy":"post_tag","embeddable":true,"href":"https:\/\/gruposae.online\/index.php\/wp-json\/wp\/v2\/tags?post=339"}],"curies":[{"name":"wp","href":"https:\/\/api.w.org\/{rel}","templated":true}]}}