{"id":342,"date":"2019-04-03T15:08:12","date_gmt":"2019-04-03T15:08:12","guid":{"rendered":"https:\/\/gruposae.online\/?p=342"},"modified":"2021-09-17T15:09:21","modified_gmt":"2021-09-17T15:09:21","slug":"jornada-el-contrato-de-formacion-y-aprendizaje-pilar-de-la-formacion-dual","status":"publish","type":"post","link":"https:\/\/gruposae.online\/index.php\/2019\/04\/03\/jornada-el-contrato-de-formacion-y-aprendizaje-pilar-de-la-formacion-dual\/","title":{"rendered":"JORNADA: EL CONTRATO DE FORMACI\u00d3N Y APRENDIZAJE, PILAR DE LA FORMACI\u00d3N DUAL"},"content":{"rendered":"<div>\n<p>Tras la publicaci\u00f3n del Real Decreto &#8211; Ley 28\/2018, de 28 de diciembre, para la revalorizaci\u00f3n de las pensiones p\u00fablicas y otras medidas urgentes en materia social, laboral y de empleo publicado en el BOE del pasado d\u00eda 29\/12\/2018, la norma incorpora la derogaci\u00f3n expresa de las medidas contractuales e incentivos a la contrataci\u00f3n vinculadas a una tasa de desempleo superior al 15 por ciento.<\/p>\n<\/div>\n<div>\n<p>Tras este nuevo escenario\u00a0<strong>la FP Dual a trav\u00e9s el Contrato de Formaci\u00f3n, cobra m\u00e1s importancia<\/strong>\u00a0que nunca por el grado de estabilidad laboral y de oportunidad de inserci\u00f3n y cualificaci\u00f3n que puede suponer entre los j\u00f3venes menores de 25 a\u00f1os.<\/p>\n<p>Para hablar y explicar esto, el\u00a0<strong>pr\u00f3ximo d\u00eda 10 de Abril<\/strong>\u00a0a las 09:30 se celebrar\u00e1 en el\u00a0<strong>Aula de la Oficina de Empleo de Coslada<\/strong>, sito en c\/ Del Puerto de C\u00e1diz, s\/n 28821 Coslada (Madrid) una\u00a0<strong>Jornada<\/strong>\u00a0de t\u00edtulo\u00a0<strong>EL CONTRATO DE FORMACI\u00d3N Y APRENDIZAJE: PILAR DE LA FORMACI\u00d3N DUAL<\/strong>\u00a0en la que abordaremos algunos temas interesantes como:<\/p>\n<ul>\n<li>La\u00a0<strong>trazabilidad<\/strong>\u00a0de la FP Dual en los Contratos de Formaci\u00f3n.<\/li>\n<li>Las\u00a0<strong>ventajas<\/strong>\u00a0de utilizar estos contratos desde el punto de vista de la Empresa y Trabajador.<\/li>\n<li>Datos sobre el\u00a0<strong>empleo juvenil<\/strong>.<\/li>\n<li>Las\u00a0<strong>medidas de control y preventivas<\/strong>\u00a0para evitar sanciones.<\/li>\n<\/ul>\n<p>Teniendo en cuenta que el aforo es limitado, le agradecer\u00edamos haga su reserva lo antes posible.<\/p>\n<p><strong>Informaci\u00f3n e inscripciones:<\/strong><\/p>\n<ul>\n<li>Tlfno: 91 669 48 90 Ext: 211406<\/li>\n<li><a href=\"mailto:ofoecoslada@madrid.org\">ofoecoslada@madrid.org<\/a><\/li>\n<\/ul>\n<p><img loading=\"lazy\" class=\"size-medium wp-image-344 aligncenter\" src=\"https:\/\/gruposae.online\/wp-content\/uploads\/2021\/09\/PHOTO-2019-05-28-17-47-04-300x187.jpg\" alt=\"\" width=\"300\" height=\"187\" srcset=\"https:\/\/gruposae.online\/wp-content\/uploads\/2021\/09\/PHOTO-2019-05-28-17-47-04-300x187.jpg 300w, https:\/\/gruposae.online\/wp-content\/uploads\/2021\/09\/PHOTO-2019-05-28-17-47-04-768x479.jpg 768w, https:\/\/gruposae.online\/wp-content\/uploads\/2021\/09\/PHOTO-2019-05-28-17-47-04-234x146.jpg 234w, https:\/\/gruposae.online\/wp-content\/uploads\/2021\/09\/PHOTO-2019-05-28-17-47-04-50x31.jpg 50w, https:\/\/gruposae.online\/wp-content\/uploads\/2021\/09\/PHOTO-2019-05-28-17-47-04-120x75.jpg 120w, https:\/\/gruposae.online\/wp-content\/uploads\/2021\/09\/PHOTO-2019-05-28-17-47-04.jpg 850w\" sizes=\"(max-width: 300px) 100vw, 300px\" \/><\/p>\n<\/div>\n","protected":false},"excerpt":{"rendered":"<p>Tras la publicaci\u00f3n del Real Decreto &#8211; Ley 28\/2018, de 28 de diciembre, para la revalorizaci\u00f3n de las pensiones p\u00fablicas y otras medidas urgentes en materia<span class=\"excerpt-hellip\"> [\u2026]<\/span><\/p>\n","protected":false},"author":1,"featured_media":343,"comment_status":"open","ping_status":"open","sticky":false,"template":"","format":"standard","meta":[],"categories":[1],"tags":[],"yoast_head":"<!-- This site is optimized with the Yoast SEO plugin v17.3 - https:\/\/yoast.com\/wordpress\/plugins\/seo\/ -->\n<title>JORNADA: EL CONTRATO DE FORMACI\u00d3N Y APRENDIZAJE, PILAR DE LA FORMACI\u00d3N DUAL - Grupo SAE<\/title>\n<meta name=\"robots\" content=\"index, follow, max-snippet:-1, max-image-preview:large, max-video-preview:-1\" \/>\n<link rel=\"canonical\" href=\"https:\/\/gruposae.online\/index.php\/2019\/04\/03\/jornada-el-contrato-de-formacion-y-aprendizaje-pilar-de-la-formacion-dual\/\" \/>\n<meta property=\"og:locale\" content=\"es_ES\" \/>\n<meta property=\"og:type\" content=\"article\" \/>\n<meta property=\"og:title\" content=\"JORNADA: EL CONTRATO DE FORMACI\u00d3N Y APRENDIZAJE, PILAR DE LA FORMACI\u00d3N DUAL - Grupo SAE\" \/>\n<meta property=\"og:description\" content=\"Tras la publicaci\u00f3n del Real Decreto &#8211; Ley 28\/2018, de 28 de diciembre, para la revalorizaci\u00f3n de las pensiones p\u00fablicas y otras medidas urgentes en materia [\u2026]\" \/>\n<meta property=\"og:url\" content=\"https:\/\/gruposae.online\/index.php\/2019\/04\/03\/jornada-el-contrato-de-formacion-y-aprendizaje-pilar-de-la-formacion-dual\/\" \/>\n<meta property=\"og:site_name\" content=\"Grupo SAE\" \/>\n<meta property=\"article:published_time\" content=\"2019-04-03T15:08:12+00:00\" \/>\n<meta property=\"article:modified_time\" content=\"2021-09-17T15:09:21+00:00\" \/>\n<meta property=\"og:image\" content=\"https:\/\/gruposae.online\/wp-content\/uploads\/2021\/09\/aaa082d2257ab65aecf61c2340e9c5b9_XL.jpg\" \/>\n\t<meta property=\"og:image:width\" content=\"1200\" \/>\n\t<meta property=\"og:image:height\" content=\"748\" \/>\n<meta name=\"twitter:card\" content=\"summary_large_image\" \/>\n<meta name=\"twitter:label1\" content=\"Escrito por\" \/>\n\t<meta name=\"twitter:data1\" content=\"admin\" \/>\n\t<meta name=\"twitter:label2\" content=\"Tiempo de lectura\" \/>\n\t<meta name=\"twitter:data2\" content=\"1 minuto\" \/>\n<script type=\"application\/ld+json\" class=\"yoast-schema-graph\">{\"@context\":\"https:\/\/schema.org\",\"@graph\":[{\"@type\":\"Organization\",\"@id\":\"https:\/\/gruposae.online\/#organization\",\"name\":\"Grupo SAE\",\"url\":\"https:\/\/gruposae.online\/\",\"sameAs\":[],\"logo\":{\"@type\":\"ImageObject\",\"@id\":\"https:\/\/gruposae.online\/#logo\",\"inLanguage\":\"es\",\"url\":\"https:\/\/gruposae.online\/wp-content\/uploads\/2021\/08\/logo-gruposae-header.png\",\"contentUrl\":\"https:\/\/gruposae.online\/wp-content\/uploads\/2021\/08\/logo-gruposae-header.png\",\"width\":335,\"height\":70,\"caption\":\"Grupo SAE\"},\"image\":{\"@id\":\"https:\/\/gruposae.online\/#logo\"}},{\"@type\":\"WebSite\",\"@id\":\"https:\/\/gruposae.online\/#website\",\"url\":\"https:\/\/gruposae.online\/\",\"name\":\"Grupo SAE\",\"description\":\"\",\"publisher\":{\"@id\":\"https:\/\/gruposae.online\/#organization\"},\"potentialAction\":[{\"@type\":\"SearchAction\",\"target\":{\"@type\":\"EntryPoint\",\"urlTemplate\":\"https:\/\/gruposae.online\/?s={search_term_string}\"},\"query-input\":\"required name=search_term_string\"}],\"inLanguage\":\"es\"},{\"@type\":\"ImageObject\",\"@id\":\"https:\/\/gruposae.online\/index.php\/2019\/04\/03\/jornada-el-contrato-de-formacion-y-aprendizaje-pilar-de-la-formacion-dual\/#primaryimage\",\"inLanguage\":\"es\",\"url\":\"https:\/\/gruposae.online\/wp-content\/uploads\/2021\/09\/aaa082d2257ab65aecf61c2340e9c5b9_XL.jpg\",\"contentUrl\":\"https:\/\/gruposae.online\/wp-content\/uploads\/2021\/09\/aaa082d2257ab65aecf61c2340e9c5b9_XL.jpg\",\"width\":1200,\"height\":748},{\"@type\":\"WebPage\",\"@id\":\"https:\/\/gruposae.online\/index.php\/2019\/04\/03\/jornada-el-contrato-de-formacion-y-aprendizaje-pilar-de-la-formacion-dual\/#webpage\",\"url\":\"https:\/\/gruposae.online\/index.php\/2019\/04\/03\/jornada-el-contrato-de-formacion-y-aprendizaje-pilar-de-la-formacion-dual\/\",\"name\":\"JORNADA: EL CONTRATO DE FORMACI\\u00d3N Y APRENDIZAJE, PILAR DE LA FORMACI\\u00d3N DUAL - Grupo SAE\",\"isPartOf\":{\"@id\":\"https:\/\/gruposae.online\/#website\"},\"primaryImageOfPage\":{\"@id\":\"https:\/\/gruposae.online\/index.php\/2019\/04\/03\/jornada-el-contrato-de-formacion-y-aprendizaje-pilar-de-la-formacion-dual\/#primaryimage\"},\"datePublished\":\"2019-04-03T15:08:12+00:00\",\"dateModified\":\"2021-09-17T15:09:21+00:00\",\"breadcrumb\":{\"@id\":\"https:\/\/gruposae.online\/index.php\/2019\/04\/03\/jornada-el-contrato-de-formacion-y-aprendizaje-pilar-de-la-formacion-dual\/#breadcrumb\"},\"inLanguage\":\"es\",\"potentialAction\":[{\"@type\":\"ReadAction\",\"target\":[\"https:\/\/gruposae.online\/index.php\/2019\/04\/03\/jornada-el-contrato-de-formacion-y-aprendizaje-pilar-de-la-formacion-dual\/\"]}]},{\"@type\":\"BreadcrumbList\",\"@id\":\"https:\/\/gruposae.online\/index.php\/2019\/04\/03\/jornada-el-contrato-de-formacion-y-aprendizaje-pilar-de-la-formacion-dual\/#breadcrumb\",\"itemListElement\":[{\"@type\":\"ListItem\",\"position\":1,\"name\":\"Portada\",\"item\":\"https:\/\/gruposae.online\/\"},{\"@type\":\"ListItem\",\"position\":2,\"name\":\"JORNADA: EL CONTRATO DE FORMACI\\u00d3N Y APRENDIZAJE, PILAR DE LA FORMACI\\u00d3N DUAL\"}]},{\"@type\":\"Article\",\"@id\":\"https:\/\/gruposae.online\/index.php\/2019\/04\/03\/jornada-el-contrato-de-formacion-y-aprendizaje-pilar-de-la-formacion-dual\/#article\",\"isPartOf\":{\"@id\":\"https:\/\/gruposae.online\/index.php\/2019\/04\/03\/jornada-el-contrato-de-formacion-y-aprendizaje-pilar-de-la-formacion-dual\/#webpage\"},\"author\":{\"@id\":\"https:\/\/gruposae.online\/#\/schema\/person\/d6fb6dc442a37fce8d62ef76e3d5066e\"},\"headline\":\"JORNADA: EL CONTRATO DE FORMACI\\u00d3N Y APRENDIZAJE, PILAR DE LA FORMACI\\u00d3N DUAL\",\"datePublished\":\"2019-04-03T15:08:12+00:00\",\"dateModified\":\"2021-09-17T15:09:21+00:00\",\"mainEntityOfPage\":{\"@id\":\"https:\/\/gruposae.online\/index.php\/2019\/04\/03\/jornada-el-contrato-de-formacion-y-aprendizaje-pilar-de-la-formacion-dual\/#webpage\"},\"wordCount\":260,\"commentCount\":0,\"publisher\":{\"@id\":\"https:\/\/gruposae.online\/#organization\"},\"image\":{\"@id\":\"https:\/\/gruposae.online\/index.php\/2019\/04\/03\/jornada-el-contrato-de-formacion-y-aprendizaje-pilar-de-la-formacion-dual\/#primaryimage\"},\"thumbnailUrl\":\"https:\/\/gruposae.online\/wp-content\/uploads\/2021\/09\/aaa082d2257ab65aecf61c2340e9c5b9_XL.jpg\",\"articleSection\":[\"Grupo SAE\"],\"inLanguage\":\"es\",\"potentialAction\":[{\"@type\":\"CommentAction\",\"name\":\"Comment\",\"target\":[\"https:\/\/gruposae.online\/index.php\/2019\/04\/03\/jornada-el-contrato-de-formacion-y-aprendizaje-pilar-de-la-formacion-dual\/#respond\"]}]},{\"@type\":\"Person\",\"@id\":\"https:\/\/gruposae.online\/#\/schema\/person\/d6fb6dc442a37fce8d62ef76e3d5066e\",\"name\":\"admin\",\"image\":{\"@type\":\"ImageObject\",\"@id\":\"https:\/\/gruposae.online\/#personlogo\",\"inLanguage\":\"es\",\"url\":\"https:\/\/secure.gravatar.com\/avatar\/c46f05e54262093a8296c238813957ed?s=96&d=mm&r=g\",\"contentUrl\":\"https:\/\/secure.gravatar.com\/avatar\/c46f05e54262093a8296c238813957ed?s=96&d=mm&r=g\",\"caption\":\"admin\"},\"sameAs\":[\"https:\/\/gruposae.online\"]}]}<\/script>\n<!-- \/ Yoast SEO plugin. -->","yoast_head_json":{"title":"JORNADA: EL CONTRATO DE FORMACI\u00d3N Y APRENDIZAJE, PILAR DE LA FORMACI\u00d3N DUAL - Grupo SAE","robots":{"index":"index","follow":"follow","max-snippet":"max-snippet:-1","max-image-preview":"max-image-preview:large","max-video-preview":"max-video-preview:-1"},"canonical":"https:\/\/gruposae.online\/index.php\/2019\/04\/03\/jornada-el-contrato-de-formacion-y-aprendizaje-pilar-de-la-formacion-dual\/","og_locale":"es_ES","og_type":"article","og_title":"JORNADA: EL CONTRATO DE FORMACI\u00d3N Y APRENDIZAJE, PILAR DE LA FORMACI\u00d3N DUAL - Grupo SAE","og_description":"Tras la publicaci\u00f3n del Real Decreto &#8211; Ley 28\/2018, de 28 de diciembre, para la revalorizaci\u00f3n de las pensiones p\u00fablicas y otras medidas urgentes en materia [\u2026]","og_url":"https:\/\/gruposae.online\/index.php\/2019\/04\/03\/jornada-el-contrato-de-formacion-y-aprendizaje-pilar-de-la-formacion-dual\/","og_site_name":"Grupo SAE","article_published_time":"2019-04-03T15:08:12+00:00","article_modified_time":"2021-09-17T15:09:21+00:00","og_image":[{"width":1200,"height":748,"url":"https:\/\/gruposae.online\/wp-content\/uploads\/2021\/09\/aaa082d2257ab65aecf61c2340e9c5b9_XL.jpg","type":"image\/jpeg"}],"twitter_card":"summary_large_image","twitter_misc":{"Escrito por":"admin","Tiempo de lectura":"1 minuto"},"schema":{"@context":"https:\/\/schema.org","@graph":[{"@type":"Organization","@id":"https:\/\/gruposae.online\/#organization","name":"Grupo SAE","url":"https:\/\/gruposae.online\/","sameAs":[],"logo":{"@type":"ImageObject","@id":"https:\/\/gruposae.online\/#logo","inLanguage":"es","url":"https:\/\/gruposae.online\/wp-content\/uploads\/2021\/08\/logo-gruposae-header.png","contentUrl":"https:\/\/gruposae.online\/wp-content\/uploads\/2021\/08\/logo-gruposae-header.png","width":335,"height":70,"caption":"Grupo SAE"},"image":{"@id":"https:\/\/gruposae.online\/#logo"}},{"@type":"WebSite","@id":"https:\/\/gruposae.online\/#website","url":"https:\/\/gruposae.online\/","name":"Grupo SAE","description":"","publisher":{"@id":"https:\/\/gruposae.online\/#organization"},"potentialAction":[{"@type":"SearchAction","target":{"@type":"EntryPoint","urlTemplate":"https:\/\/gruposae.online\/?s={search_term_string}"},"query-input":"required name=search_term_string"}],"inLanguage":"es"},{"@type":"ImageObject","@id":"https:\/\/gruposae.online\/index.php\/2019\/04\/03\/jornada-el-contrato-de-formacion-y-aprendizaje-pilar-de-la-formacion-dual\/#primaryimage","inLanguage":"es","url":"https:\/\/gruposae.online\/wp-content\/uploads\/2021\/09\/aaa082d2257ab65aecf61c2340e9c5b9_XL.jpg","contentUrl":"https:\/\/gruposae.online\/wp-content\/uploads\/2021\/09\/aaa082d2257ab65aecf61c2340e9c5b9_XL.jpg","width":1200,"height":748},{"@type":"WebPage","@id":"https:\/\/gruposae.online\/index.php\/2019\/04\/03\/jornada-el-contrato-de-formacion-y-aprendizaje-pilar-de-la-formacion-dual\/#webpage","url":"https:\/\/gruposae.online\/index.php\/2019\/04\/03\/jornada-el-contrato-de-formacion-y-aprendizaje-pilar-de-la-formacion-dual\/","name":"JORNADA: EL CONTRATO DE FORMACI\u00d3N Y APRENDIZAJE, PILAR DE LA FORMACI\u00d3N DUAL - Grupo SAE","isPartOf":{"@id":"https:\/\/gruposae.online\/#website"},"primaryImageOfPage":{"@id":"https:\/\/gruposae.online\/index.php\/2019\/04\/03\/jornada-el-contrato-de-formacion-y-aprendizaje-pilar-de-la-formacion-dual\/#primaryimage"},"datePublished":"2019-04-03T15:08:12+00:00","dateModified":"2021-09-17T15:09:21+00:00","breadcrumb":{"@id":"https:\/\/gruposae.online\/index.php\/2019\/04\/03\/jornada-el-contrato-de-formacion-y-aprendizaje-pilar-de-la-formacion-dual\/#breadcrumb"},"inLanguage":"es","potentialAction":[{"@type":"ReadAction","target":["https:\/\/gruposae.online\/index.php\/2019\/04\/03\/jornada-el-contrato-de-formacion-y-aprendizaje-pilar-de-la-formacion-dual\/"]}]},{"@type":"BreadcrumbList","@id":"https:\/\/gruposae.online\/index.php\/2019\/04\/03\/jornada-el-contrato-de-formacion-y-aprendizaje-pilar-de-la-formacion-dual\/#breadcrumb","itemListElement":[{"@type":"ListItem","position":1,"name":"Portada","item":"https:\/\/gruposae.online\/"},{"@type":"ListItem","position":2,"name":"JORNADA: EL CONTRATO DE FORMACI\u00d3N Y APRENDIZAJE, PILAR DE LA FORMACI\u00d3N DUAL"}]},{"@type":"Article","@id":"https:\/\/gruposae.online\/index.php\/2019\/04\/03\/jornada-el-contrato-de-formacion-y-aprendizaje-pilar-de-la-formacion-dual\/#article","isPartOf":{"@id":"https:\/\/gruposae.online\/index.php\/2019\/04\/03\/jornada-el-contrato-de-formacion-y-aprendizaje-pilar-de-la-formacion-dual\/#webpage"},"author":{"@id":"https:\/\/gruposae.online\/#\/schema\/person\/d6fb6dc442a37fce8d62ef76e3d5066e"},"headline":"JORNADA: EL CONTRATO DE FORMACI\u00d3N Y APRENDIZAJE, PILAR DE LA FORMACI\u00d3N DUAL","datePublished":"2019-04-03T15:08:12+00:00","dateModified":"2021-09-17T15:09:21+00:00","mainEntityOfPage":{"@id":"https:\/\/gruposae.online\/index.php\/2019\/04\/03\/jornada-el-contrato-de-formacion-y-aprendizaje-pilar-de-la-formacion-dual\/#webpage"},"wordCount":260,"commentCount":0,"publisher":{"@id":"https:\/\/gruposae.online\/#organization"},"image":{"@id":"https:\/\/gruposae.online\/index.php\/2019\/04\/03\/jornada-el-contrato-de-formacion-y-aprendizaje-pilar-de-la-formacion-dual\/#primaryimage"},"thumbnailUrl":"https:\/\/gruposae.online\/wp-content\/uploads\/2021\/09\/aaa082d2257ab65aecf61c2340e9c5b9_XL.jpg","articleSection":["Grupo SAE"],"inLanguage":"es","potentialAction":[{"@type":"CommentAction","name":"Comment","target":["https:\/\/gruposae.online\/index.php\/2019\/04\/03\/jornada-el-contrato-de-formacion-y-aprendizaje-pilar-de-la-formacion-dual\/#respond"]}]},{"@type":"Person","@id":"https:\/\/gruposae.online\/#\/schema\/person\/d6fb6dc442a37fce8d62ef76e3d5066e","name":"admin","image":{"@type":"ImageObject","@id":"https:\/\/gruposae.online\/#personlogo","inLanguage":"es","url":"https:\/\/secure.gravatar.com\/avatar\/c46f05e54262093a8296c238813957ed?s=96&d=mm&r=g","contentUrl":"https:\/\/secure.gravatar.com\/avatar\/c46f05e54262093a8296c238813957ed?s=96&d=mm&r=g","caption":"admin"},"sameAs":["https:\/\/gruposae.online"]}]}},"_links":{"self":[{"href":"https:\/\/gruposae.online\/index.php\/wp-json\/wp\/v2\/posts\/342"}],"collection":[{"href":"https:\/\/gruposae.online\/index.php\/wp-json\/wp\/v2\/posts"}],"about":[{"href":"https:\/\/gruposae.online\/index.php\/wp-json\/wp\/v2\/types\/post"}],"author":[{"embeddable":true,"href":"https:\/\/gruposae.online\/index.php\/wp-json\/wp\/v2\/users\/1"}],"replies":[{"embeddable":true,"href":"https:\/\/gruposae.online\/index.php\/wp-json\/wp\/v2\/comments?post=342"}],"version-history":[{"count":1,"href":"https:\/\/gruposae.online\/index.php\/wp-json\/wp\/v2\/posts\/342\/revisions"}],"predecessor-version":[{"id":345,"href":"https:\/\/gruposae.online\/index.php\/wp-json\/wp\/v2\/posts\/342\/revisions\/345"}],"wp:featuredmedia":[{"embeddable":true,"href":"https:\/\/gruposae.online\/index.php\/wp-json\/wp\/v2\/media\/343"}],"wp:attachment":[{"href":"https:\/\/gruposae.online\/index.php\/wp-json\/wp\/v2\/media?parent=342"}],"wp:term":[{"taxonomy":"category","embeddable":true,"href":"https:\/\/gruposae.online\/index.php\/wp-json\/wp\/v2\/categories?post=342"},{"taxonomy":"post_tag","embeddable":true,"href":"https:\/\/gruposae.online\/index.php\/wp-json\/wp\/v2\/tags?post=342"}],"curies":[{"name":"wp","href":"https:\/\/api.w.org\/{rel}","templated":true}]}}