{"id":346,"date":"2019-04-02T15:09:33","date_gmt":"2019-04-02T15:09:33","guid":{"rendered":"https:\/\/gruposae.online\/?p=346"},"modified":"2021-09-17T15:10:16","modified_gmt":"2021-09-17T15:10:16","slug":"lidera-y-el-grupo-sae-estudian-posibles-lineas-de-colaboracion-en-el-ambito-de-la-formacion","status":"publish","type":"post","link":"https:\/\/gruposae.online\/index.php\/2019\/04\/02\/lidera-y-el-grupo-sae-estudian-posibles-lineas-de-colaboracion-en-el-ambito-de-la-formacion\/","title":{"rendered":"LIDERA Y EL GRUPO SAE ESTUDIAN POSIBLES L\u00cdNEAS DE COLABORACI\u00d3N EN EL \u00c1MBITO DE LA FORMACI\u00d3N"},"content":{"rendered":"<div>\n<p>En pasado seis de marzo, Lidera mantuvo una reuni\u00f3n con el Grupo SAE en la sede que la empresa, l\u00edder en el \u00e1mbito de la formaci\u00f3n a nivel nacional, tiene en Lucena (C\u00f3rdoba).<\/p>\n<\/div>\n<div>\n<p>Por parte de la consultora deportiva asisti\u00f3 al encuentro el socio Juan Luis Navarro y los consultores Jos\u00e9 Mar\u00eda Rodr\u00edguez Salmer\u00f3n y Jorge Ortiz Cejas, los tres fueron recibidos por el Director General de SAE Antonio Toro Caballero.<\/p>\n<p>SAE es una compa\u00f1\u00eda con una gran experiencia en formaci\u00f3n para el empleo y contratos de formaci\u00f3n en las empresas, en este marco Lidera puede aportar su conocimiento para la capacitaci\u00f3n en el sector del deporte, en el que SAE no ha desarrollado todav\u00eda ninguna actuaci\u00f3n especifica.<\/p>\n<p>La sinergia de las dos compa\u00f1\u00edas se puede concretar en la puesta en el mercado de cursos para la preparaci\u00f3n de profesionales en el mercado del fitness; as\u00ed como, la gesti\u00f3n de los cr\u00e9ditos de formaci\u00f3n para empresas del deporte.<\/p>\n<p>La reuni\u00f3n puso de manifiesto las sinergias entre las actividades de las dos entidades y abri\u00f3 muchas posibilidades de cooperaci\u00f3n que se concretar\u00e1n en los pr\u00f3ximos d\u00edas en la firma de un convenio de colaboraci\u00f3n.<\/p>\n<\/div>\n","protected":false},"excerpt":{"rendered":"<p>En pasado seis de marzo, Lidera mantuvo una reuni\u00f3n con el Grupo SAE en la sede que la empresa, l\u00edder en el \u00e1mbito de la formaci\u00f3n<span class=\"excerpt-hellip\"> [\u2026]<\/span><\/p>\n","protected":false},"author":1,"featured_media":347,"comment_status":"open","ping_status":"open","sticky":false,"template":"","format":"standard","meta":[],"categories":[1],"tags":[],"yoast_head":"<!-- This site is optimized with the Yoast SEO plugin v17.3 - https:\/\/yoast.com\/wordpress\/plugins\/seo\/ -->\n<title>LIDERA Y EL GRUPO SAE ESTUDIAN POSIBLES L\u00cdNEAS DE COLABORACI\u00d3N EN EL \u00c1MBITO DE LA FORMACI\u00d3N - Grupo SAE<\/title>\n<meta name=\"robots\" content=\"index, follow, max-snippet:-1, max-image-preview:large, max-video-preview:-1\" \/>\n<link rel=\"canonical\" href=\"https:\/\/gruposae.online\/index.php\/2019\/04\/02\/lidera-y-el-grupo-sae-estudian-posibles-lineas-de-colaboracion-en-el-ambito-de-la-formacion\/\" \/>\n<meta property=\"og:locale\" content=\"es_ES\" \/>\n<meta property=\"og:type\" content=\"article\" \/>\n<meta property=\"og:title\" content=\"LIDERA Y EL GRUPO SAE ESTUDIAN POSIBLES L\u00cdNEAS DE COLABORACI\u00d3N EN EL \u00c1MBITO DE LA FORMACI\u00d3N - Grupo SAE\" \/>\n<meta property=\"og:description\" content=\"En pasado seis de marzo, Lidera mantuvo una reuni\u00f3n con el Grupo SAE en la sede que la empresa, l\u00edder en el \u00e1mbito de la formaci\u00f3n [\u2026]\" \/>\n<meta property=\"og:url\" content=\"https:\/\/gruposae.online\/index.php\/2019\/04\/02\/lidera-y-el-grupo-sae-estudian-posibles-lineas-de-colaboracion-en-el-ambito-de-la-formacion\/\" \/>\n<meta property=\"og:site_name\" content=\"Grupo SAE\" \/>\n<meta property=\"article:published_time\" content=\"2019-04-02T15:09:33+00:00\" \/>\n<meta property=\"article:modified_time\" content=\"2021-09-17T15:10:16+00:00\" \/>\n<meta property=\"og:image\" content=\"https:\/\/gruposae.online\/wp-content\/uploads\/2021\/09\/267b1948fa84309bc99f9c0289cabe44_XL.jpg\" \/>\n\t<meta property=\"og:image:width\" content=\"1200\" \/>\n\t<meta property=\"og:image:height\" content=\"748\" \/>\n<meta name=\"twitter:card\" content=\"summary_large_image\" \/>\n<meta name=\"twitter:label1\" content=\"Escrito por\" \/>\n\t<meta name=\"twitter:data1\" content=\"admin\" \/>\n\t<meta name=\"twitter:label2\" content=\"Tiempo de lectura\" \/>\n\t<meta name=\"twitter:data2\" content=\"1 minuto\" \/>\n<script type=\"application\/ld+json\" class=\"yoast-schema-graph\">{\"@context\":\"https:\/\/schema.org\",\"@graph\":[{\"@type\":\"Organization\",\"@id\":\"https:\/\/gruposae.online\/#organization\",\"name\":\"Grupo SAE\",\"url\":\"https:\/\/gruposae.online\/\",\"sameAs\":[],\"logo\":{\"@type\":\"ImageObject\",\"@id\":\"https:\/\/gruposae.online\/#logo\",\"inLanguage\":\"es\",\"url\":\"https:\/\/gruposae.online\/wp-content\/uploads\/2021\/08\/logo-gruposae-header.png\",\"contentUrl\":\"https:\/\/gruposae.online\/wp-content\/uploads\/2021\/08\/logo-gruposae-header.png\",\"width\":335,\"height\":70,\"caption\":\"Grupo SAE\"},\"image\":{\"@id\":\"https:\/\/gruposae.online\/#logo\"}},{\"@type\":\"WebSite\",\"@id\":\"https:\/\/gruposae.online\/#website\",\"url\":\"https:\/\/gruposae.online\/\",\"name\":\"Grupo SAE\",\"description\":\"\",\"publisher\":{\"@id\":\"https:\/\/gruposae.online\/#organization\"},\"potentialAction\":[{\"@type\":\"SearchAction\",\"target\":{\"@type\":\"EntryPoint\",\"urlTemplate\":\"https:\/\/gruposae.online\/?s={search_term_string}\"},\"query-input\":\"required name=search_term_string\"}],\"inLanguage\":\"es\"},{\"@type\":\"ImageObject\",\"@id\":\"https:\/\/gruposae.online\/index.php\/2019\/04\/02\/lidera-y-el-grupo-sae-estudian-posibles-lineas-de-colaboracion-en-el-ambito-de-la-formacion\/#primaryimage\",\"inLanguage\":\"es\",\"url\":\"https:\/\/gruposae.online\/wp-content\/uploads\/2021\/09\/267b1948fa84309bc99f9c0289cabe44_XL.jpg\",\"contentUrl\":\"https:\/\/gruposae.online\/wp-content\/uploads\/2021\/09\/267b1948fa84309bc99f9c0289cabe44_XL.jpg\",\"width\":1200,\"height\":748},{\"@type\":\"WebPage\",\"@id\":\"https:\/\/gruposae.online\/index.php\/2019\/04\/02\/lidera-y-el-grupo-sae-estudian-posibles-lineas-de-colaboracion-en-el-ambito-de-la-formacion\/#webpage\",\"url\":\"https:\/\/gruposae.online\/index.php\/2019\/04\/02\/lidera-y-el-grupo-sae-estudian-posibles-lineas-de-colaboracion-en-el-ambito-de-la-formacion\/\",\"name\":\"LIDERA Y EL GRUPO SAE ESTUDIAN POSIBLES L\\u00cdNEAS DE COLABORACI\\u00d3N EN EL \\u00c1MBITO DE LA FORMACI\\u00d3N - Grupo SAE\",\"isPartOf\":{\"@id\":\"https:\/\/gruposae.online\/#website\"},\"primaryImageOfPage\":{\"@id\":\"https:\/\/gruposae.online\/index.php\/2019\/04\/02\/lidera-y-el-grupo-sae-estudian-posibles-lineas-de-colaboracion-en-el-ambito-de-la-formacion\/#primaryimage\"},\"datePublished\":\"2019-04-02T15:09:33+00:00\",\"dateModified\":\"2021-09-17T15:10:16+00:00\",\"breadcrumb\":{\"@id\":\"https:\/\/gruposae.online\/index.php\/2019\/04\/02\/lidera-y-el-grupo-sae-estudian-posibles-lineas-de-colaboracion-en-el-ambito-de-la-formacion\/#breadcrumb\"},\"inLanguage\":\"es\",\"potentialAction\":[{\"@type\":\"ReadAction\",\"target\":[\"https:\/\/gruposae.online\/index.php\/2019\/04\/02\/lidera-y-el-grupo-sae-estudian-posibles-lineas-de-colaboracion-en-el-ambito-de-la-formacion\/\"]}]},{\"@type\":\"BreadcrumbList\",\"@id\":\"https:\/\/gruposae.online\/index.php\/2019\/04\/02\/lidera-y-el-grupo-sae-estudian-posibles-lineas-de-colaboracion-en-el-ambito-de-la-formacion\/#breadcrumb\",\"itemListElement\":[{\"@type\":\"ListItem\",\"position\":1,\"name\":\"Portada\",\"item\":\"https:\/\/gruposae.online\/\"},{\"@type\":\"ListItem\",\"position\":2,\"name\":\"LIDERA Y EL GRUPO SAE ESTUDIAN POSIBLES L\\u00cdNEAS DE COLABORACI\\u00d3N EN EL \\u00c1MBITO DE LA FORMACI\\u00d3N\"}]},{\"@type\":\"Article\",\"@id\":\"https:\/\/gruposae.online\/index.php\/2019\/04\/02\/lidera-y-el-grupo-sae-estudian-posibles-lineas-de-colaboracion-en-el-ambito-de-la-formacion\/#article\",\"isPartOf\":{\"@id\":\"https:\/\/gruposae.online\/index.php\/2019\/04\/02\/lidera-y-el-grupo-sae-estudian-posibles-lineas-de-colaboracion-en-el-ambito-de-la-formacion\/#webpage\"},\"author\":{\"@id\":\"https:\/\/gruposae.online\/#\/schema\/person\/d6fb6dc442a37fce8d62ef76e3d5066e\"},\"headline\":\"LIDERA Y EL GRUPO SAE ESTUDIAN POSIBLES L\\u00cdNEAS DE COLABORACI\\u00d3N EN EL \\u00c1MBITO DE LA FORMACI\\u00d3N\",\"datePublished\":\"2019-04-02T15:09:33+00:00\",\"dateModified\":\"2021-09-17T15:10:16+00:00\",\"mainEntityOfPage\":{\"@id\":\"https:\/\/gruposae.online\/index.php\/2019\/04\/02\/lidera-y-el-grupo-sae-estudian-posibles-lineas-de-colaboracion-en-el-ambito-de-la-formacion\/#webpage\"},\"wordCount\":236,\"commentCount\":0,\"publisher\":{\"@id\":\"https:\/\/gruposae.online\/#organization\"},\"image\":{\"@id\":\"https:\/\/gruposae.online\/index.php\/2019\/04\/02\/lidera-y-el-grupo-sae-estudian-posibles-lineas-de-colaboracion-en-el-ambito-de-la-formacion\/#primaryimage\"},\"thumbnailUrl\":\"https:\/\/gruposae.online\/wp-content\/uploads\/2021\/09\/267b1948fa84309bc99f9c0289cabe44_XL.jpg\",\"articleSection\":[\"Grupo SAE\"],\"inLanguage\":\"es\",\"potentialAction\":[{\"@type\":\"CommentAction\",\"name\":\"Comment\",\"target\":[\"https:\/\/gruposae.online\/index.php\/2019\/04\/02\/lidera-y-el-grupo-sae-estudian-posibles-lineas-de-colaboracion-en-el-ambito-de-la-formacion\/#respond\"]}]},{\"@type\":\"Person\",\"@id\":\"https:\/\/gruposae.online\/#\/schema\/person\/d6fb6dc442a37fce8d62ef76e3d5066e\",\"name\":\"admin\",\"image\":{\"@type\":\"ImageObject\",\"@id\":\"https:\/\/gruposae.online\/#personlogo\",\"inLanguage\":\"es\",\"url\":\"https:\/\/secure.gravatar.com\/avatar\/c46f05e54262093a8296c238813957ed?s=96&d=mm&r=g\",\"contentUrl\":\"https:\/\/secure.gravatar.com\/avatar\/c46f05e54262093a8296c238813957ed?s=96&d=mm&r=g\",\"caption\":\"admin\"},\"sameAs\":[\"https:\/\/gruposae.online\"]}]}<\/script>\n<!-- \/ Yoast SEO plugin. -->","yoast_head_json":{"title":"LIDERA Y EL GRUPO SAE ESTUDIAN POSIBLES L\u00cdNEAS DE COLABORACI\u00d3N EN EL \u00c1MBITO DE LA FORMACI\u00d3N - Grupo SAE","robots":{"index":"index","follow":"follow","max-snippet":"max-snippet:-1","max-image-preview":"max-image-preview:large","max-video-preview":"max-video-preview:-1"},"canonical":"https:\/\/gruposae.online\/index.php\/2019\/04\/02\/lidera-y-el-grupo-sae-estudian-posibles-lineas-de-colaboracion-en-el-ambito-de-la-formacion\/","og_locale":"es_ES","og_type":"article","og_title":"LIDERA Y EL GRUPO SAE ESTUDIAN POSIBLES L\u00cdNEAS DE COLABORACI\u00d3N EN EL \u00c1MBITO DE LA FORMACI\u00d3N - Grupo SAE","og_description":"En pasado seis de marzo, Lidera mantuvo una reuni\u00f3n con el Grupo SAE en la sede que la empresa, l\u00edder en el \u00e1mbito de la formaci\u00f3n [\u2026]","og_url":"https:\/\/gruposae.online\/index.php\/2019\/04\/02\/lidera-y-el-grupo-sae-estudian-posibles-lineas-de-colaboracion-en-el-ambito-de-la-formacion\/","og_site_name":"Grupo SAE","article_published_time":"2019-04-02T15:09:33+00:00","article_modified_time":"2021-09-17T15:10:16+00:00","og_image":[{"width":1200,"height":748,"url":"https:\/\/gruposae.online\/wp-content\/uploads\/2021\/09\/267b1948fa84309bc99f9c0289cabe44_XL.jpg","type":"image\/jpeg"}],"twitter_card":"summary_large_image","twitter_misc":{"Escrito por":"admin","Tiempo de lectura":"1 minuto"},"schema":{"@context":"https:\/\/schema.org","@graph":[{"@type":"Organization","@id":"https:\/\/gruposae.online\/#organization","name":"Grupo SAE","url":"https:\/\/gruposae.online\/","sameAs":[],"logo":{"@type":"ImageObject","@id":"https:\/\/gruposae.online\/#logo","inLanguage":"es","url":"https:\/\/gruposae.online\/wp-content\/uploads\/2021\/08\/logo-gruposae-header.png","contentUrl":"https:\/\/gruposae.online\/wp-content\/uploads\/2021\/08\/logo-gruposae-header.png","width":335,"height":70,"caption":"Grupo SAE"},"image":{"@id":"https:\/\/gruposae.online\/#logo"}},{"@type":"WebSite","@id":"https:\/\/gruposae.online\/#website","url":"https:\/\/gruposae.online\/","name":"Grupo SAE","description":"","publisher":{"@id":"https:\/\/gruposae.online\/#organization"},"potentialAction":[{"@type":"SearchAction","target":{"@type":"EntryPoint","urlTemplate":"https:\/\/gruposae.online\/?s={search_term_string}"},"query-input":"required name=search_term_string"}],"inLanguage":"es"},{"@type":"ImageObject","@id":"https:\/\/gruposae.online\/index.php\/2019\/04\/02\/lidera-y-el-grupo-sae-estudian-posibles-lineas-de-colaboracion-en-el-ambito-de-la-formacion\/#primaryimage","inLanguage":"es","url":"https:\/\/gruposae.online\/wp-content\/uploads\/2021\/09\/267b1948fa84309bc99f9c0289cabe44_XL.jpg","contentUrl":"https:\/\/gruposae.online\/wp-content\/uploads\/2021\/09\/267b1948fa84309bc99f9c0289cabe44_XL.jpg","width":1200,"height":748},{"@type":"WebPage","@id":"https:\/\/gruposae.online\/index.php\/2019\/04\/02\/lidera-y-el-grupo-sae-estudian-posibles-lineas-de-colaboracion-en-el-ambito-de-la-formacion\/#webpage","url":"https:\/\/gruposae.online\/index.php\/2019\/04\/02\/lidera-y-el-grupo-sae-estudian-posibles-lineas-de-colaboracion-en-el-ambito-de-la-formacion\/","name":"LIDERA Y EL GRUPO SAE ESTUDIAN POSIBLES L\u00cdNEAS DE COLABORACI\u00d3N EN EL \u00c1MBITO DE LA FORMACI\u00d3N - Grupo SAE","isPartOf":{"@id":"https:\/\/gruposae.online\/#website"},"primaryImageOfPage":{"@id":"https:\/\/gruposae.online\/index.php\/2019\/04\/02\/lidera-y-el-grupo-sae-estudian-posibles-lineas-de-colaboracion-en-el-ambito-de-la-formacion\/#primaryimage"},"datePublished":"2019-04-02T15:09:33+00:00","dateModified":"2021-09-17T15:10:16+00:00","breadcrumb":{"@id":"https:\/\/gruposae.online\/index.php\/2019\/04\/02\/lidera-y-el-grupo-sae-estudian-posibles-lineas-de-colaboracion-en-el-ambito-de-la-formacion\/#breadcrumb"},"inLanguage":"es","potentialAction":[{"@type":"ReadAction","target":["https:\/\/gruposae.online\/index.php\/2019\/04\/02\/lidera-y-el-grupo-sae-estudian-posibles-lineas-de-colaboracion-en-el-ambito-de-la-formacion\/"]}]},{"@type":"BreadcrumbList","@id":"https:\/\/gruposae.online\/index.php\/2019\/04\/02\/lidera-y-el-grupo-sae-estudian-posibles-lineas-de-colaboracion-en-el-ambito-de-la-formacion\/#breadcrumb","itemListElement":[{"@type":"ListItem","position":1,"name":"Portada","item":"https:\/\/gruposae.online\/"},{"@type":"ListItem","position":2,"name":"LIDERA Y EL GRUPO SAE ESTUDIAN POSIBLES L\u00cdNEAS DE COLABORACI\u00d3N EN EL \u00c1MBITO DE LA FORMACI\u00d3N"}]},{"@type":"Article","@id":"https:\/\/gruposae.online\/index.php\/2019\/04\/02\/lidera-y-el-grupo-sae-estudian-posibles-lineas-de-colaboracion-en-el-ambito-de-la-formacion\/#article","isPartOf":{"@id":"https:\/\/gruposae.online\/index.php\/2019\/04\/02\/lidera-y-el-grupo-sae-estudian-posibles-lineas-de-colaboracion-en-el-ambito-de-la-formacion\/#webpage"},"author":{"@id":"https:\/\/gruposae.online\/#\/schema\/person\/d6fb6dc442a37fce8d62ef76e3d5066e"},"headline":"LIDERA Y EL GRUPO SAE ESTUDIAN POSIBLES L\u00cdNEAS DE COLABORACI\u00d3N EN EL \u00c1MBITO DE LA FORMACI\u00d3N","datePublished":"2019-04-02T15:09:33+00:00","dateModified":"2021-09-17T15:10:16+00:00","mainEntityOfPage":{"@id":"https:\/\/gruposae.online\/index.php\/2019\/04\/02\/lidera-y-el-grupo-sae-estudian-posibles-lineas-de-colaboracion-en-el-ambito-de-la-formacion\/#webpage"},"wordCount":236,"commentCount":0,"publisher":{"@id":"https:\/\/gruposae.online\/#organization"},"image":{"@id":"https:\/\/gruposae.online\/index.php\/2019\/04\/02\/lidera-y-el-grupo-sae-estudian-posibles-lineas-de-colaboracion-en-el-ambito-de-la-formacion\/#primaryimage"},"thumbnailUrl":"https:\/\/gruposae.online\/wp-content\/uploads\/2021\/09\/267b1948fa84309bc99f9c0289cabe44_XL.jpg","articleSection":["Grupo SAE"],"inLanguage":"es","potentialAction":[{"@type":"CommentAction","name":"Comment","target":["https:\/\/gruposae.online\/index.php\/2019\/04\/02\/lidera-y-el-grupo-sae-estudian-posibles-lineas-de-colaboracion-en-el-ambito-de-la-formacion\/#respond"]}]},{"@type":"Person","@id":"https:\/\/gruposae.online\/#\/schema\/person\/d6fb6dc442a37fce8d62ef76e3d5066e","name":"admin","image":{"@type":"ImageObject","@id":"https:\/\/gruposae.online\/#personlogo","inLanguage":"es","url":"https:\/\/secure.gravatar.com\/avatar\/c46f05e54262093a8296c238813957ed?s=96&d=mm&r=g","contentUrl":"https:\/\/secure.gravatar.com\/avatar\/c46f05e54262093a8296c238813957ed?s=96&d=mm&r=g","caption":"admin"},"sameAs":["https:\/\/gruposae.online"]}]}},"_links":{"self":[{"href":"https:\/\/gruposae.online\/index.php\/wp-json\/wp\/v2\/posts\/346"}],"collection":[{"href":"https:\/\/gruposae.online\/index.php\/wp-json\/wp\/v2\/posts"}],"about":[{"href":"https:\/\/gruposae.online\/index.php\/wp-json\/wp\/v2\/types\/post"}],"author":[{"embeddable":true,"href":"https:\/\/gruposae.online\/index.php\/wp-json\/wp\/v2\/users\/1"}],"replies":[{"embeddable":true,"href":"https:\/\/gruposae.online\/index.php\/wp-json\/wp\/v2\/comments?post=346"}],"version-history":[{"count":1,"href":"https:\/\/gruposae.online\/index.php\/wp-json\/wp\/v2\/posts\/346\/revisions"}],"predecessor-version":[{"id":348,"href":"https:\/\/gruposae.online\/index.php\/wp-json\/wp\/v2\/posts\/346\/revisions\/348"}],"wp:featuredmedia":[{"embeddable":true,"href":"https:\/\/gruposae.online\/index.php\/wp-json\/wp\/v2\/media\/347"}],"wp:attachment":[{"href":"https:\/\/gruposae.online\/index.php\/wp-json\/wp\/v2\/media?parent=346"}],"wp:term":[{"taxonomy":"category","embeddable":true,"href":"https:\/\/gruposae.online\/index.php\/wp-json\/wp\/v2\/categories?post=346"},{"taxonomy":"post_tag","embeddable":true,"href":"https:\/\/gruposae.online\/index.php\/wp-json\/wp\/v2\/tags?post=346"}],"curies":[{"name":"wp","href":"https:\/\/api.w.org\/{rel}","templated":true}]}}