{"id":349,"date":"2019-03-19T15:10:30","date_gmt":"2019-03-19T15:10:30","guid":{"rendered":"https:\/\/gruposae.online\/?p=349"},"modified":"2021-09-17T15:11:21","modified_gmt":"2021-09-17T15:11:21","slug":"ceco-y-grupo-sae-firma-un-acuerdo-especifico-para-impulsar-la-fp-dual-a-traves-de-los-contratos-de-formacion-y-aprendizaje-entre-el-tejido-empresarial-cordobes","status":"publish","type":"post","link":"https:\/\/gruposae.online\/index.php\/2019\/03\/19\/ceco-y-grupo-sae-firma-un-acuerdo-especifico-para-impulsar-la-fp-dual-a-traves-de-los-contratos-de-formacion-y-aprendizaje-entre-el-tejido-empresarial-cordobes\/","title":{"rendered":"CECO Y GRUPO SAE, FIRMA UN ACUERDO ESPEC\u00cdFICO PARA IMPULSAR LA FP DUAL A TRAV\u00c9S DE LOS CONTRATOS DE FORMACI\u00d3N Y APRENDIZAJE ENTRE EL TEJIDO EMPRESARIAL CORDOB\u00c9S"},"content":{"rendered":"<div>\n<p>El paso 11 de marzo, tuvo lugar en la sede de la Confederaci\u00f3n de Empresarios de C\u00f3rdoba, la firma del convenio espec\u00edfico en materia formativa, para Impulsar la FP Dual a trav\u00e9s de los Contratos de Formaci\u00f3n y Aprendizaje. Dicho acuerdo recoge una serie de medidas dirigidas a divulgar y dinamizar esta L\u00ednea de Contrataci\u00f3n como uno de los instrumentos con mayor efecto de inserci\u00f3n laboral entre los j\u00f3venes menores de 25 a\u00f1os y las personas con discapacidad, para las que no existe limitaci\u00f3n en cuanto a la edad, a la hora contratar por las empresas.<\/p>\n<\/div>\n<div>\n<p>As\u00ed mismo desde Grupo SAE, se habilitar\u00e1 una Oficina de Informaci\u00f3n para dar respuesta a las consultas que puedan generar las empresas Cordobesas sobre este modelo de contrato.<\/p>\n<p>Al acto de la firma acudieron el Presidente de CECO D. Antonio D\u00edaz y el Director General de SAE D. Antonio Toro.<\/p>\n<\/div>\n","protected":false},"excerpt":{"rendered":"<p>El paso 11 de marzo, tuvo lugar en la sede de la Confederaci\u00f3n de Empresarios de C\u00f3rdoba, la firma del convenio espec\u00edfico en materia formativa, para<span class=\"excerpt-hellip\"> [\u2026]<\/span><\/p>\n","protected":false},"author":1,"featured_media":350,"comment_status":"open","ping_status":"open","sticky":false,"template":"","format":"standard","meta":[],"categories":[1],"tags":[],"yoast_head":"<!-- This site is optimized with the Yoast SEO plugin v17.3 - https:\/\/yoast.com\/wordpress\/plugins\/seo\/ -->\n<title>CECO Y GRUPO SAE, FIRMA UN ACUERDO ESPEC\u00cdFICO PARA IMPULSAR LA FP DUAL A TRAV\u00c9S DE LOS CONTRATOS DE FORMACI\u00d3N Y APRENDIZAJE ENTRE EL TEJIDO EMPRESARIAL CORDOB\u00c9S - Grupo SAE<\/title>\n<meta name=\"robots\" content=\"index, follow, max-snippet:-1, max-image-preview:large, max-video-preview:-1\" \/>\n<link rel=\"canonical\" href=\"https:\/\/gruposae.online\/index.php\/2019\/03\/19\/ceco-y-grupo-sae-firma-un-acuerdo-especifico-para-impulsar-la-fp-dual-a-traves-de-los-contratos-de-formacion-y-aprendizaje-entre-el-tejido-empresarial-cordobes\/\" \/>\n<meta property=\"og:locale\" content=\"es_ES\" \/>\n<meta property=\"og:type\" content=\"article\" \/>\n<meta property=\"og:title\" content=\"CECO Y GRUPO SAE, FIRMA UN ACUERDO ESPEC\u00cdFICO PARA IMPULSAR LA FP DUAL A TRAV\u00c9S DE LOS CONTRATOS DE FORMACI\u00d3N Y APRENDIZAJE ENTRE EL TEJIDO EMPRESARIAL CORDOB\u00c9S - Grupo SAE\" \/>\n<meta property=\"og:description\" content=\"El paso 11 de marzo, tuvo lugar en la sede de la Confederaci\u00f3n de Empresarios de C\u00f3rdoba, la firma del convenio espec\u00edfico en materia formativa, para [\u2026]\" \/>\n<meta property=\"og:url\" content=\"https:\/\/gruposae.online\/index.php\/2019\/03\/19\/ceco-y-grupo-sae-firma-un-acuerdo-especifico-para-impulsar-la-fp-dual-a-traves-de-los-contratos-de-formacion-y-aprendizaje-entre-el-tejido-empresarial-cordobes\/\" \/>\n<meta property=\"og:site_name\" content=\"Grupo SAE\" \/>\n<meta property=\"article:published_time\" content=\"2019-03-19T15:10:30+00:00\" \/>\n<meta property=\"article:modified_time\" content=\"2021-09-17T15:11:21+00:00\" \/>\n<meta property=\"og:image\" content=\"https:\/\/gruposae.online\/wp-content\/uploads\/2021\/09\/deb45d333d0414ba3de42155789fdb4a_XL.jpg\" \/>\n\t<meta property=\"og:image:width\" content=\"1200\" \/>\n\t<meta property=\"og:image:height\" content=\"748\" \/>\n<meta name=\"twitter:card\" content=\"summary_large_image\" \/>\n<meta name=\"twitter:label1\" content=\"Escrito por\" \/>\n\t<meta name=\"twitter:data1\" content=\"admin\" \/>\n\t<meta name=\"twitter:label2\" content=\"Tiempo de lectura\" \/>\n\t<meta name=\"twitter:data2\" content=\"1 minuto\" \/>\n<script type=\"application\/ld+json\" class=\"yoast-schema-graph\">{\"@context\":\"https:\/\/schema.org\",\"@graph\":[{\"@type\":\"Organization\",\"@id\":\"https:\/\/gruposae.online\/#organization\",\"name\":\"Grupo SAE\",\"url\":\"https:\/\/gruposae.online\/\",\"sameAs\":[],\"logo\":{\"@type\":\"ImageObject\",\"@id\":\"https:\/\/gruposae.online\/#logo\",\"inLanguage\":\"es\",\"url\":\"https:\/\/gruposae.online\/wp-content\/uploads\/2021\/08\/logo-gruposae-header.png\",\"contentUrl\":\"https:\/\/gruposae.online\/wp-content\/uploads\/2021\/08\/logo-gruposae-header.png\",\"width\":335,\"height\":70,\"caption\":\"Grupo SAE\"},\"image\":{\"@id\":\"https:\/\/gruposae.online\/#logo\"}},{\"@type\":\"WebSite\",\"@id\":\"https:\/\/gruposae.online\/#website\",\"url\":\"https:\/\/gruposae.online\/\",\"name\":\"Grupo SAE\",\"description\":\"\",\"publisher\":{\"@id\":\"https:\/\/gruposae.online\/#organization\"},\"potentialAction\":[{\"@type\":\"SearchAction\",\"target\":{\"@type\":\"EntryPoint\",\"urlTemplate\":\"https:\/\/gruposae.online\/?s={search_term_string}\"},\"query-input\":\"required name=search_term_string\"}],\"inLanguage\":\"es\"},{\"@type\":\"ImageObject\",\"@id\":\"https:\/\/gruposae.online\/index.php\/2019\/03\/19\/ceco-y-grupo-sae-firma-un-acuerdo-especifico-para-impulsar-la-fp-dual-a-traves-de-los-contratos-de-formacion-y-aprendizaje-entre-el-tejido-empresarial-cordobes\/#primaryimage\",\"inLanguage\":\"es\",\"url\":\"https:\/\/gruposae.online\/wp-content\/uploads\/2021\/09\/deb45d333d0414ba3de42155789fdb4a_XL.jpg\",\"contentUrl\":\"https:\/\/gruposae.online\/wp-content\/uploads\/2021\/09\/deb45d333d0414ba3de42155789fdb4a_XL.jpg\",\"width\":1200,\"height\":748},{\"@type\":\"WebPage\",\"@id\":\"https:\/\/gruposae.online\/index.php\/2019\/03\/19\/ceco-y-grupo-sae-firma-un-acuerdo-especifico-para-impulsar-la-fp-dual-a-traves-de-los-contratos-de-formacion-y-aprendizaje-entre-el-tejido-empresarial-cordobes\/#webpage\",\"url\":\"https:\/\/gruposae.online\/index.php\/2019\/03\/19\/ceco-y-grupo-sae-firma-un-acuerdo-especifico-para-impulsar-la-fp-dual-a-traves-de-los-contratos-de-formacion-y-aprendizaje-entre-el-tejido-empresarial-cordobes\/\",\"name\":\"CECO Y GRUPO SAE, FIRMA UN ACUERDO ESPEC\\u00cdFICO PARA IMPULSAR LA FP DUAL A TRAV\\u00c9S DE LOS CONTRATOS DE FORMACI\\u00d3N Y APRENDIZAJE ENTRE EL TEJIDO EMPRESARIAL CORDOB\\u00c9S - Grupo SAE\",\"isPartOf\":{\"@id\":\"https:\/\/gruposae.online\/#website\"},\"primaryImageOfPage\":{\"@id\":\"https:\/\/gruposae.online\/index.php\/2019\/03\/19\/ceco-y-grupo-sae-firma-un-acuerdo-especifico-para-impulsar-la-fp-dual-a-traves-de-los-contratos-de-formacion-y-aprendizaje-entre-el-tejido-empresarial-cordobes\/#primaryimage\"},\"datePublished\":\"2019-03-19T15:10:30+00:00\",\"dateModified\":\"2021-09-17T15:11:21+00:00\",\"breadcrumb\":{\"@id\":\"https:\/\/gruposae.online\/index.php\/2019\/03\/19\/ceco-y-grupo-sae-firma-un-acuerdo-especifico-para-impulsar-la-fp-dual-a-traves-de-los-contratos-de-formacion-y-aprendizaje-entre-el-tejido-empresarial-cordobes\/#breadcrumb\"},\"inLanguage\":\"es\",\"potentialAction\":[{\"@type\":\"ReadAction\",\"target\":[\"https:\/\/gruposae.online\/index.php\/2019\/03\/19\/ceco-y-grupo-sae-firma-un-acuerdo-especifico-para-impulsar-la-fp-dual-a-traves-de-los-contratos-de-formacion-y-aprendizaje-entre-el-tejido-empresarial-cordobes\/\"]}]},{\"@type\":\"BreadcrumbList\",\"@id\":\"https:\/\/gruposae.online\/index.php\/2019\/03\/19\/ceco-y-grupo-sae-firma-un-acuerdo-especifico-para-impulsar-la-fp-dual-a-traves-de-los-contratos-de-formacion-y-aprendizaje-entre-el-tejido-empresarial-cordobes\/#breadcrumb\",\"itemListElement\":[{\"@type\":\"ListItem\",\"position\":1,\"name\":\"Portada\",\"item\":\"https:\/\/gruposae.online\/\"},{\"@type\":\"ListItem\",\"position\":2,\"name\":\"CECO Y GRUPO SAE, FIRMA UN ACUERDO ESPEC\\u00cdFICO PARA IMPULSAR LA FP DUAL A TRAV\\u00c9S DE LOS CONTRATOS DE FORMACI\\u00d3N Y APRENDIZAJE ENTRE EL TEJIDO EMPRESARIAL CORDOB\\u00c9S\"}]},{\"@type\":\"Article\",\"@id\":\"https:\/\/gruposae.online\/index.php\/2019\/03\/19\/ceco-y-grupo-sae-firma-un-acuerdo-especifico-para-impulsar-la-fp-dual-a-traves-de-los-contratos-de-formacion-y-aprendizaje-entre-el-tejido-empresarial-cordobes\/#article\",\"isPartOf\":{\"@id\":\"https:\/\/gruposae.online\/index.php\/2019\/03\/19\/ceco-y-grupo-sae-firma-un-acuerdo-especifico-para-impulsar-la-fp-dual-a-traves-de-los-contratos-de-formacion-y-aprendizaje-entre-el-tejido-empresarial-cordobes\/#webpage\"},\"author\":{\"@id\":\"https:\/\/gruposae.online\/#\/schema\/person\/d6fb6dc442a37fce8d62ef76e3d5066e\"},\"headline\":\"CECO Y GRUPO SAE, FIRMA UN ACUERDO ESPEC\\u00cdFICO PARA IMPULSAR LA FP DUAL A TRAV\\u00c9S DE LOS CONTRATOS DE FORMACI\\u00d3N Y APRENDIZAJE ENTRE EL TEJIDO EMPRESARIAL CORDOB\\u00c9S\",\"datePublished\":\"2019-03-19T15:10:30+00:00\",\"dateModified\":\"2021-09-17T15:11:21+00:00\",\"mainEntityOfPage\":{\"@id\":\"https:\/\/gruposae.online\/index.php\/2019\/03\/19\/ceco-y-grupo-sae-firma-un-acuerdo-especifico-para-impulsar-la-fp-dual-a-traves-de-los-contratos-de-formacion-y-aprendizaje-entre-el-tejido-empresarial-cordobes\/#webpage\"},\"wordCount\":188,\"commentCount\":0,\"publisher\":{\"@id\":\"https:\/\/gruposae.online\/#organization\"},\"image\":{\"@id\":\"https:\/\/gruposae.online\/index.php\/2019\/03\/19\/ceco-y-grupo-sae-firma-un-acuerdo-especifico-para-impulsar-la-fp-dual-a-traves-de-los-contratos-de-formacion-y-aprendizaje-entre-el-tejido-empresarial-cordobes\/#primaryimage\"},\"thumbnailUrl\":\"https:\/\/gruposae.online\/wp-content\/uploads\/2021\/09\/deb45d333d0414ba3de42155789fdb4a_XL.jpg\",\"articleSection\":[\"Grupo SAE\"],\"inLanguage\":\"es\",\"potentialAction\":[{\"@type\":\"CommentAction\",\"name\":\"Comment\",\"target\":[\"https:\/\/gruposae.online\/index.php\/2019\/03\/19\/ceco-y-grupo-sae-firma-un-acuerdo-especifico-para-impulsar-la-fp-dual-a-traves-de-los-contratos-de-formacion-y-aprendizaje-entre-el-tejido-empresarial-cordobes\/#respond\"]}]},{\"@type\":\"Person\",\"@id\":\"https:\/\/gruposae.online\/#\/schema\/person\/d6fb6dc442a37fce8d62ef76e3d5066e\",\"name\":\"admin\",\"image\":{\"@type\":\"ImageObject\",\"@id\":\"https:\/\/gruposae.online\/#personlogo\",\"inLanguage\":\"es\",\"url\":\"https:\/\/secure.gravatar.com\/avatar\/c46f05e54262093a8296c238813957ed?s=96&d=mm&r=g\",\"contentUrl\":\"https:\/\/secure.gravatar.com\/avatar\/c46f05e54262093a8296c238813957ed?s=96&d=mm&r=g\",\"caption\":\"admin\"},\"sameAs\":[\"https:\/\/gruposae.online\"]}]}<\/script>\n<!-- \/ Yoast SEO plugin. -->","yoast_head_json":{"title":"CECO Y GRUPO SAE, FIRMA UN ACUERDO ESPEC\u00cdFICO PARA IMPULSAR LA FP DUAL A TRAV\u00c9S DE LOS CONTRATOS DE FORMACI\u00d3N Y APRENDIZAJE ENTRE EL TEJIDO EMPRESARIAL CORDOB\u00c9S - Grupo SAE","robots":{"index":"index","follow":"follow","max-snippet":"max-snippet:-1","max-image-preview":"max-image-preview:large","max-video-preview":"max-video-preview:-1"},"canonical":"https:\/\/gruposae.online\/index.php\/2019\/03\/19\/ceco-y-grupo-sae-firma-un-acuerdo-especifico-para-impulsar-la-fp-dual-a-traves-de-los-contratos-de-formacion-y-aprendizaje-entre-el-tejido-empresarial-cordobes\/","og_locale":"es_ES","og_type":"article","og_title":"CECO Y GRUPO SAE, FIRMA UN ACUERDO ESPEC\u00cdFICO PARA IMPULSAR LA FP DUAL A TRAV\u00c9S DE LOS CONTRATOS DE FORMACI\u00d3N Y APRENDIZAJE ENTRE EL TEJIDO EMPRESARIAL CORDOB\u00c9S - Grupo SAE","og_description":"El paso 11 de marzo, tuvo lugar en la sede de la Confederaci\u00f3n de Empresarios de C\u00f3rdoba, la firma del convenio espec\u00edfico en materia formativa, para [\u2026]","og_url":"https:\/\/gruposae.online\/index.php\/2019\/03\/19\/ceco-y-grupo-sae-firma-un-acuerdo-especifico-para-impulsar-la-fp-dual-a-traves-de-los-contratos-de-formacion-y-aprendizaje-entre-el-tejido-empresarial-cordobes\/","og_site_name":"Grupo SAE","article_published_time":"2019-03-19T15:10:30+00:00","article_modified_time":"2021-09-17T15:11:21+00:00","og_image":[{"width":1200,"height":748,"url":"https:\/\/gruposae.online\/wp-content\/uploads\/2021\/09\/deb45d333d0414ba3de42155789fdb4a_XL.jpg","type":"image\/jpeg"}],"twitter_card":"summary_large_image","twitter_misc":{"Escrito por":"admin","Tiempo de lectura":"1 minuto"},"schema":{"@context":"https:\/\/schema.org","@graph":[{"@type":"Organization","@id":"https:\/\/gruposae.online\/#organization","name":"Grupo SAE","url":"https:\/\/gruposae.online\/","sameAs":[],"logo":{"@type":"ImageObject","@id":"https:\/\/gruposae.online\/#logo","inLanguage":"es","url":"https:\/\/gruposae.online\/wp-content\/uploads\/2021\/08\/logo-gruposae-header.png","contentUrl":"https:\/\/gruposae.online\/wp-content\/uploads\/2021\/08\/logo-gruposae-header.png","width":335,"height":70,"caption":"Grupo SAE"},"image":{"@id":"https:\/\/gruposae.online\/#logo"}},{"@type":"WebSite","@id":"https:\/\/gruposae.online\/#website","url":"https:\/\/gruposae.online\/","name":"Grupo SAE","description":"","publisher":{"@id":"https:\/\/gruposae.online\/#organization"},"potentialAction":[{"@type":"SearchAction","target":{"@type":"EntryPoint","urlTemplate":"https:\/\/gruposae.online\/?s={search_term_string}"},"query-input":"required name=search_term_string"}],"inLanguage":"es"},{"@type":"ImageObject","@id":"https:\/\/gruposae.online\/index.php\/2019\/03\/19\/ceco-y-grupo-sae-firma-un-acuerdo-especifico-para-impulsar-la-fp-dual-a-traves-de-los-contratos-de-formacion-y-aprendizaje-entre-el-tejido-empresarial-cordobes\/#primaryimage","inLanguage":"es","url":"https:\/\/gruposae.online\/wp-content\/uploads\/2021\/09\/deb45d333d0414ba3de42155789fdb4a_XL.jpg","contentUrl":"https:\/\/gruposae.online\/wp-content\/uploads\/2021\/09\/deb45d333d0414ba3de42155789fdb4a_XL.jpg","width":1200,"height":748},{"@type":"WebPage","@id":"https:\/\/gruposae.online\/index.php\/2019\/03\/19\/ceco-y-grupo-sae-firma-un-acuerdo-especifico-para-impulsar-la-fp-dual-a-traves-de-los-contratos-de-formacion-y-aprendizaje-entre-el-tejido-empresarial-cordobes\/#webpage","url":"https:\/\/gruposae.online\/index.php\/2019\/03\/19\/ceco-y-grupo-sae-firma-un-acuerdo-especifico-para-impulsar-la-fp-dual-a-traves-de-los-contratos-de-formacion-y-aprendizaje-entre-el-tejido-empresarial-cordobes\/","name":"CECO Y GRUPO SAE, FIRMA UN ACUERDO ESPEC\u00cdFICO PARA IMPULSAR LA FP DUAL A TRAV\u00c9S DE LOS CONTRATOS DE FORMACI\u00d3N Y APRENDIZAJE ENTRE EL TEJIDO EMPRESARIAL CORDOB\u00c9S - Grupo SAE","isPartOf":{"@id":"https:\/\/gruposae.online\/#website"},"primaryImageOfPage":{"@id":"https:\/\/gruposae.online\/index.php\/2019\/03\/19\/ceco-y-grupo-sae-firma-un-acuerdo-especifico-para-impulsar-la-fp-dual-a-traves-de-los-contratos-de-formacion-y-aprendizaje-entre-el-tejido-empresarial-cordobes\/#primaryimage"},"datePublished":"2019-03-19T15:10:30+00:00","dateModified":"2021-09-17T15:11:21+00:00","breadcrumb":{"@id":"https:\/\/gruposae.online\/index.php\/2019\/03\/19\/ceco-y-grupo-sae-firma-un-acuerdo-especifico-para-impulsar-la-fp-dual-a-traves-de-los-contratos-de-formacion-y-aprendizaje-entre-el-tejido-empresarial-cordobes\/#breadcrumb"},"inLanguage":"es","potentialAction":[{"@type":"ReadAction","target":["https:\/\/gruposae.online\/index.php\/2019\/03\/19\/ceco-y-grupo-sae-firma-un-acuerdo-especifico-para-impulsar-la-fp-dual-a-traves-de-los-contratos-de-formacion-y-aprendizaje-entre-el-tejido-empresarial-cordobes\/"]}]},{"@type":"BreadcrumbList","@id":"https:\/\/gruposae.online\/index.php\/2019\/03\/19\/ceco-y-grupo-sae-firma-un-acuerdo-especifico-para-impulsar-la-fp-dual-a-traves-de-los-contratos-de-formacion-y-aprendizaje-entre-el-tejido-empresarial-cordobes\/#breadcrumb","itemListElement":[{"@type":"ListItem","position":1,"name":"Portada","item":"https:\/\/gruposae.online\/"},{"@type":"ListItem","position":2,"name":"CECO Y GRUPO SAE, FIRMA UN ACUERDO ESPEC\u00cdFICO PARA IMPULSAR LA FP DUAL A TRAV\u00c9S DE LOS CONTRATOS DE FORMACI\u00d3N Y APRENDIZAJE ENTRE EL TEJIDO EMPRESARIAL CORDOB\u00c9S"}]},{"@type":"Article","@id":"https:\/\/gruposae.online\/index.php\/2019\/03\/19\/ceco-y-grupo-sae-firma-un-acuerdo-especifico-para-impulsar-la-fp-dual-a-traves-de-los-contratos-de-formacion-y-aprendizaje-entre-el-tejido-empresarial-cordobes\/#article","isPartOf":{"@id":"https:\/\/gruposae.online\/index.php\/2019\/03\/19\/ceco-y-grupo-sae-firma-un-acuerdo-especifico-para-impulsar-la-fp-dual-a-traves-de-los-contratos-de-formacion-y-aprendizaje-entre-el-tejido-empresarial-cordobes\/#webpage"},"author":{"@id":"https:\/\/gruposae.online\/#\/schema\/person\/d6fb6dc442a37fce8d62ef76e3d5066e"},"headline":"CECO Y GRUPO SAE, FIRMA UN ACUERDO ESPEC\u00cdFICO PARA IMPULSAR LA FP DUAL A TRAV\u00c9S DE LOS CONTRATOS DE FORMACI\u00d3N Y APRENDIZAJE ENTRE EL TEJIDO EMPRESARIAL CORDOB\u00c9S","datePublished":"2019-03-19T15:10:30+00:00","dateModified":"2021-09-17T15:11:21+00:00","mainEntityOfPage":{"@id":"https:\/\/gruposae.online\/index.php\/2019\/03\/19\/ceco-y-grupo-sae-firma-un-acuerdo-especifico-para-impulsar-la-fp-dual-a-traves-de-los-contratos-de-formacion-y-aprendizaje-entre-el-tejido-empresarial-cordobes\/#webpage"},"wordCount":188,"commentCount":0,"publisher":{"@id":"https:\/\/gruposae.online\/#organization"},"image":{"@id":"https:\/\/gruposae.online\/index.php\/2019\/03\/19\/ceco-y-grupo-sae-firma-un-acuerdo-especifico-para-impulsar-la-fp-dual-a-traves-de-los-contratos-de-formacion-y-aprendizaje-entre-el-tejido-empresarial-cordobes\/#primaryimage"},"thumbnailUrl":"https:\/\/gruposae.online\/wp-content\/uploads\/2021\/09\/deb45d333d0414ba3de42155789fdb4a_XL.jpg","articleSection":["Grupo SAE"],"inLanguage":"es","potentialAction":[{"@type":"CommentAction","name":"Comment","target":["https:\/\/gruposae.online\/index.php\/2019\/03\/19\/ceco-y-grupo-sae-firma-un-acuerdo-especifico-para-impulsar-la-fp-dual-a-traves-de-los-contratos-de-formacion-y-aprendizaje-entre-el-tejido-empresarial-cordobes\/#respond"]}]},{"@type":"Person","@id":"https:\/\/gruposae.online\/#\/schema\/person\/d6fb6dc442a37fce8d62ef76e3d5066e","name":"admin","image":{"@type":"ImageObject","@id":"https:\/\/gruposae.online\/#personlogo","inLanguage":"es","url":"https:\/\/secure.gravatar.com\/avatar\/c46f05e54262093a8296c238813957ed?s=96&d=mm&r=g","contentUrl":"https:\/\/secure.gravatar.com\/avatar\/c46f05e54262093a8296c238813957ed?s=96&d=mm&r=g","caption":"admin"},"sameAs":["https:\/\/gruposae.online"]}]}},"_links":{"self":[{"href":"https:\/\/gruposae.online\/index.php\/wp-json\/wp\/v2\/posts\/349"}],"collection":[{"href":"https:\/\/gruposae.online\/index.php\/wp-json\/wp\/v2\/posts"}],"about":[{"href":"https:\/\/gruposae.online\/index.php\/wp-json\/wp\/v2\/types\/post"}],"author":[{"embeddable":true,"href":"https:\/\/gruposae.online\/index.php\/wp-json\/wp\/v2\/users\/1"}],"replies":[{"embeddable":true,"href":"https:\/\/gruposae.online\/index.php\/wp-json\/wp\/v2\/comments?post=349"}],"version-history":[{"count":1,"href":"https:\/\/gruposae.online\/index.php\/wp-json\/wp\/v2\/posts\/349\/revisions"}],"predecessor-version":[{"id":351,"href":"https:\/\/gruposae.online\/index.php\/wp-json\/wp\/v2\/posts\/349\/revisions\/351"}],"wp:featuredmedia":[{"embeddable":true,"href":"https:\/\/gruposae.online\/index.php\/wp-json\/wp\/v2\/media\/350"}],"wp:attachment":[{"href":"https:\/\/gruposae.online\/index.php\/wp-json\/wp\/v2\/media?parent=349"}],"wp:term":[{"taxonomy":"category","embeddable":true,"href":"https:\/\/gruposae.online\/index.php\/wp-json\/wp\/v2\/categories?post=349"},{"taxonomy":"post_tag","embeddable":true,"href":"https:\/\/gruposae.online\/index.php\/wp-json\/wp\/v2\/tags?post=349"}],"curies":[{"name":"wp","href":"https:\/\/api.w.org\/{rel}","templated":true}]}}