{"id":362,"date":"2019-02-07T15:15:08","date_gmt":"2019-02-07T15:15:08","guid":{"rendered":"https:\/\/gruposae.online\/?p=362"},"modified":"2021-09-17T15:16:03","modified_gmt":"2021-09-17T15:16:03","slug":"i-jornada-de-competitividad-salarial-organizada-por-aceb-asociacion-de-comerciantes-y-empresarios-de-benalmadena-y-centro-comercial-abierto-y-grupo-sae","status":"publish","type":"post","link":"https:\/\/gruposae.online\/index.php\/2019\/02\/07\/i-jornada-de-competitividad-salarial-organizada-por-aceb-asociacion-de-comerciantes-y-empresarios-de-benalmadena-y-centro-comercial-abierto-y-grupo-sae\/","title":{"rendered":"I JORNADA DE COMPETITIVIDAD SALARIAL ORGANIZADA POR ACEB (ASOCIACI\u00d3N DE COMERCIANTES Y EMPRESARIOS DE BENALM\u00c1DENA Y CENTRO COMERCIAL ABIERTO) Y GRUPO SAE"},"content":{"rendered":"<div>\n<p>El pr\u00f3ximo d\u00eda 21 de Octubre a las 17:30 se celebrar\u00e1 en la Sede ACEB, sito en C\/ Parra, S\/N Edificio ACEB de Arroyo de la Miel (Benalm\u00e1dena), la I Jornada de Competitividad Salarial en que abordaremos temas actuales y de considerable importancia para los miembros de dicha asociaci\u00f3n empresarial.<\/p>\n<\/div>\n<div>\n<p>Algunos de los temas a tratar son:<\/p>\n<ul>\n<li>Formalizaci\u00f3n de Contratos de Formaci\u00f3n, desde el \u00e1mbito laboral y educativo.<\/li>\n<li>Aspectos m\u00e1s destacados de la normativa que lo regula para un correcto uso del mismo.<\/li>\n<li>Importancia de cualificar y acreditar las competencias de los trabajadores en ocupaciones como comercio, hosteler\u00eda, administraci\u00f3n e inform\u00e1tica, entre otros.<\/li>\n<li>Nuevo escenario que se ha abierto tras la derogaci\u00f3n de contratos bonificables para j\u00f3venes.<\/li>\n<li>Importancia de la Formaci\u00f3n Programada para las empresas.<\/li>\n<\/ul>\n<p>Teniendo en cuenta que el aforo es limitado, le agradecer\u00edamos haga su reserva lo antes posible.<\/p>\n<\/div>\n","protected":false},"excerpt":{"rendered":"<p>El pr\u00f3ximo d\u00eda 21 de Octubre a las 17:30 se celebrar\u00e1 en la Sede ACEB, sito en C\/ Parra, S\/N Edificio ACEB de Arroyo de la<span class=\"excerpt-hellip\"> [\u2026]<\/span><\/p>\n","protected":false},"author":1,"featured_media":363,"comment_status":"open","ping_status":"open","sticky":false,"template":"","format":"standard","meta":[],"categories":[1],"tags":[],"yoast_head":"<!-- This site is optimized with the Yoast SEO plugin v17.3 - https:\/\/yoast.com\/wordpress\/plugins\/seo\/ -->\n<title>I JORNADA DE COMPETITIVIDAD SALARIAL ORGANIZADA POR ACEB (ASOCIACI\u00d3N DE COMERCIANTES Y EMPRESARIOS DE BENALM\u00c1DENA Y CENTRO COMERCIAL ABIERTO) Y GRUPO SAE - Grupo SAE<\/title>\n<meta name=\"robots\" content=\"index, follow, max-snippet:-1, max-image-preview:large, max-video-preview:-1\" \/>\n<link rel=\"canonical\" href=\"https:\/\/gruposae.online\/index.php\/2019\/02\/07\/i-jornada-de-competitividad-salarial-organizada-por-aceb-asociacion-de-comerciantes-y-empresarios-de-benalmadena-y-centro-comercial-abierto-y-grupo-sae\/\" \/>\n<meta property=\"og:locale\" content=\"es_ES\" \/>\n<meta property=\"og:type\" content=\"article\" \/>\n<meta property=\"og:title\" content=\"I JORNADA DE COMPETITIVIDAD SALARIAL ORGANIZADA POR ACEB (ASOCIACI\u00d3N DE COMERCIANTES Y EMPRESARIOS DE BENALM\u00c1DENA Y CENTRO COMERCIAL ABIERTO) Y GRUPO SAE - Grupo SAE\" \/>\n<meta property=\"og:description\" content=\"El pr\u00f3ximo d\u00eda 21 de Octubre a las 17:30 se celebrar\u00e1 en la Sede ACEB, sito en C\/ Parra, S\/N Edificio ACEB de Arroyo de la [\u2026]\" \/>\n<meta property=\"og:url\" content=\"https:\/\/gruposae.online\/index.php\/2019\/02\/07\/i-jornada-de-competitividad-salarial-organizada-por-aceb-asociacion-de-comerciantes-y-empresarios-de-benalmadena-y-centro-comercial-abierto-y-grupo-sae\/\" \/>\n<meta property=\"og:site_name\" content=\"Grupo SAE\" \/>\n<meta property=\"article:published_time\" content=\"2019-02-07T15:15:08+00:00\" \/>\n<meta property=\"article:modified_time\" content=\"2021-09-17T15:16:03+00:00\" \/>\n<meta property=\"og:image\" content=\"https:\/\/gruposae.online\/wp-content\/uploads\/2021\/09\/68b62085e41e8f225811766f8d5eb2bb_XL.jpg\" \/>\n\t<meta property=\"og:image:width\" content=\"1200\" \/>\n\t<meta property=\"og:image:height\" content=\"748\" \/>\n<meta name=\"twitter:card\" content=\"summary_large_image\" \/>\n<meta name=\"twitter:label1\" content=\"Escrito por\" \/>\n\t<meta name=\"twitter:data1\" content=\"admin\" \/>\n\t<meta name=\"twitter:label2\" content=\"Tiempo de lectura\" \/>\n\t<meta name=\"twitter:data2\" content=\"1 minuto\" \/>\n<script type=\"application\/ld+json\" class=\"yoast-schema-graph\">{\"@context\":\"https:\/\/schema.org\",\"@graph\":[{\"@type\":\"Organization\",\"@id\":\"https:\/\/gruposae.online\/#organization\",\"name\":\"Grupo SAE\",\"url\":\"https:\/\/gruposae.online\/\",\"sameAs\":[],\"logo\":{\"@type\":\"ImageObject\",\"@id\":\"https:\/\/gruposae.online\/#logo\",\"inLanguage\":\"es\",\"url\":\"https:\/\/gruposae.online\/wp-content\/uploads\/2021\/08\/logo-gruposae-header.png\",\"contentUrl\":\"https:\/\/gruposae.online\/wp-content\/uploads\/2021\/08\/logo-gruposae-header.png\",\"width\":335,\"height\":70,\"caption\":\"Grupo SAE\"},\"image\":{\"@id\":\"https:\/\/gruposae.online\/#logo\"}},{\"@type\":\"WebSite\",\"@id\":\"https:\/\/gruposae.online\/#website\",\"url\":\"https:\/\/gruposae.online\/\",\"name\":\"Grupo SAE\",\"description\":\"\",\"publisher\":{\"@id\":\"https:\/\/gruposae.online\/#organization\"},\"potentialAction\":[{\"@type\":\"SearchAction\",\"target\":{\"@type\":\"EntryPoint\",\"urlTemplate\":\"https:\/\/gruposae.online\/?s={search_term_string}\"},\"query-input\":\"required name=search_term_string\"}],\"inLanguage\":\"es\"},{\"@type\":\"ImageObject\",\"@id\":\"https:\/\/gruposae.online\/index.php\/2019\/02\/07\/i-jornada-de-competitividad-salarial-organizada-por-aceb-asociacion-de-comerciantes-y-empresarios-de-benalmadena-y-centro-comercial-abierto-y-grupo-sae\/#primaryimage\",\"inLanguage\":\"es\",\"url\":\"https:\/\/gruposae.online\/wp-content\/uploads\/2021\/09\/68b62085e41e8f225811766f8d5eb2bb_XL.jpg\",\"contentUrl\":\"https:\/\/gruposae.online\/wp-content\/uploads\/2021\/09\/68b62085e41e8f225811766f8d5eb2bb_XL.jpg\",\"width\":1200,\"height\":748},{\"@type\":\"WebPage\",\"@id\":\"https:\/\/gruposae.online\/index.php\/2019\/02\/07\/i-jornada-de-competitividad-salarial-organizada-por-aceb-asociacion-de-comerciantes-y-empresarios-de-benalmadena-y-centro-comercial-abierto-y-grupo-sae\/#webpage\",\"url\":\"https:\/\/gruposae.online\/index.php\/2019\/02\/07\/i-jornada-de-competitividad-salarial-organizada-por-aceb-asociacion-de-comerciantes-y-empresarios-de-benalmadena-y-centro-comercial-abierto-y-grupo-sae\/\",\"name\":\"I JORNADA DE COMPETITIVIDAD SALARIAL ORGANIZADA POR ACEB (ASOCIACI\\u00d3N DE COMERCIANTES Y EMPRESARIOS DE BENALM\\u00c1DENA Y CENTRO COMERCIAL ABIERTO) Y GRUPO SAE - Grupo SAE\",\"isPartOf\":{\"@id\":\"https:\/\/gruposae.online\/#website\"},\"primaryImageOfPage\":{\"@id\":\"https:\/\/gruposae.online\/index.php\/2019\/02\/07\/i-jornada-de-competitividad-salarial-organizada-por-aceb-asociacion-de-comerciantes-y-empresarios-de-benalmadena-y-centro-comercial-abierto-y-grupo-sae\/#primaryimage\"},\"datePublished\":\"2019-02-07T15:15:08+00:00\",\"dateModified\":\"2021-09-17T15:16:03+00:00\",\"breadcrumb\":{\"@id\":\"https:\/\/gruposae.online\/index.php\/2019\/02\/07\/i-jornada-de-competitividad-salarial-organizada-por-aceb-asociacion-de-comerciantes-y-empresarios-de-benalmadena-y-centro-comercial-abierto-y-grupo-sae\/#breadcrumb\"},\"inLanguage\":\"es\",\"potentialAction\":[{\"@type\":\"ReadAction\",\"target\":[\"https:\/\/gruposae.online\/index.php\/2019\/02\/07\/i-jornada-de-competitividad-salarial-organizada-por-aceb-asociacion-de-comerciantes-y-empresarios-de-benalmadena-y-centro-comercial-abierto-y-grupo-sae\/\"]}]},{\"@type\":\"BreadcrumbList\",\"@id\":\"https:\/\/gruposae.online\/index.php\/2019\/02\/07\/i-jornada-de-competitividad-salarial-organizada-por-aceb-asociacion-de-comerciantes-y-empresarios-de-benalmadena-y-centro-comercial-abierto-y-grupo-sae\/#breadcrumb\",\"itemListElement\":[{\"@type\":\"ListItem\",\"position\":1,\"name\":\"Portada\",\"item\":\"https:\/\/gruposae.online\/\"},{\"@type\":\"ListItem\",\"position\":2,\"name\":\"I JORNADA DE COMPETITIVIDAD SALARIAL ORGANIZADA POR ACEB (ASOCIACI\\u00d3N DE COMERCIANTES Y EMPRESARIOS DE BENALM\\u00c1DENA Y CENTRO COMERCIAL ABIERTO) Y GRUPO SAE\"}]},{\"@type\":\"Article\",\"@id\":\"https:\/\/gruposae.online\/index.php\/2019\/02\/07\/i-jornada-de-competitividad-salarial-organizada-por-aceb-asociacion-de-comerciantes-y-empresarios-de-benalmadena-y-centro-comercial-abierto-y-grupo-sae\/#article\",\"isPartOf\":{\"@id\":\"https:\/\/gruposae.online\/index.php\/2019\/02\/07\/i-jornada-de-competitividad-salarial-organizada-por-aceb-asociacion-de-comerciantes-y-empresarios-de-benalmadena-y-centro-comercial-abierto-y-grupo-sae\/#webpage\"},\"author\":{\"@id\":\"https:\/\/gruposae.online\/#\/schema\/person\/d6fb6dc442a37fce8d62ef76e3d5066e\"},\"headline\":\"I JORNADA DE COMPETITIVIDAD SALARIAL ORGANIZADA POR ACEB (ASOCIACI\\u00d3N DE COMERCIANTES Y EMPRESARIOS DE BENALM\\u00c1DENA Y CENTRO COMERCIAL ABIERTO) Y GRUPO SAE\",\"datePublished\":\"2019-02-07T15:15:08+00:00\",\"dateModified\":\"2021-09-17T15:16:03+00:00\",\"mainEntityOfPage\":{\"@id\":\"https:\/\/gruposae.online\/index.php\/2019\/02\/07\/i-jornada-de-competitividad-salarial-organizada-por-aceb-asociacion-de-comerciantes-y-empresarios-de-benalmadena-y-centro-comercial-abierto-y-grupo-sae\/#webpage\"},\"wordCount\":178,\"commentCount\":0,\"publisher\":{\"@id\":\"https:\/\/gruposae.online\/#organization\"},\"image\":{\"@id\":\"https:\/\/gruposae.online\/index.php\/2019\/02\/07\/i-jornada-de-competitividad-salarial-organizada-por-aceb-asociacion-de-comerciantes-y-empresarios-de-benalmadena-y-centro-comercial-abierto-y-grupo-sae\/#primaryimage\"},\"thumbnailUrl\":\"https:\/\/gruposae.online\/wp-content\/uploads\/2021\/09\/68b62085e41e8f225811766f8d5eb2bb_XL.jpg\",\"articleSection\":[\"Grupo SAE\"],\"inLanguage\":\"es\",\"potentialAction\":[{\"@type\":\"CommentAction\",\"name\":\"Comment\",\"target\":[\"https:\/\/gruposae.online\/index.php\/2019\/02\/07\/i-jornada-de-competitividad-salarial-organizada-por-aceb-asociacion-de-comerciantes-y-empresarios-de-benalmadena-y-centro-comercial-abierto-y-grupo-sae\/#respond\"]}]},{\"@type\":\"Person\",\"@id\":\"https:\/\/gruposae.online\/#\/schema\/person\/d6fb6dc442a37fce8d62ef76e3d5066e\",\"name\":\"admin\",\"image\":{\"@type\":\"ImageObject\",\"@id\":\"https:\/\/gruposae.online\/#personlogo\",\"inLanguage\":\"es\",\"url\":\"https:\/\/secure.gravatar.com\/avatar\/c46f05e54262093a8296c238813957ed?s=96&d=mm&r=g\",\"contentUrl\":\"https:\/\/secure.gravatar.com\/avatar\/c46f05e54262093a8296c238813957ed?s=96&d=mm&r=g\",\"caption\":\"admin\"},\"sameAs\":[\"https:\/\/gruposae.online\"]}]}<\/script>\n<!-- \/ Yoast SEO plugin. -->","yoast_head_json":{"title":"I JORNADA DE COMPETITIVIDAD SALARIAL ORGANIZADA POR ACEB (ASOCIACI\u00d3N DE COMERCIANTES Y EMPRESARIOS DE BENALM\u00c1DENA Y CENTRO COMERCIAL ABIERTO) Y GRUPO SAE - Grupo SAE","robots":{"index":"index","follow":"follow","max-snippet":"max-snippet:-1","max-image-preview":"max-image-preview:large","max-video-preview":"max-video-preview:-1"},"canonical":"https:\/\/gruposae.online\/index.php\/2019\/02\/07\/i-jornada-de-competitividad-salarial-organizada-por-aceb-asociacion-de-comerciantes-y-empresarios-de-benalmadena-y-centro-comercial-abierto-y-grupo-sae\/","og_locale":"es_ES","og_type":"article","og_title":"I JORNADA DE COMPETITIVIDAD SALARIAL ORGANIZADA POR ACEB (ASOCIACI\u00d3N DE COMERCIANTES Y EMPRESARIOS DE BENALM\u00c1DENA Y CENTRO COMERCIAL ABIERTO) Y GRUPO SAE - Grupo SAE","og_description":"El pr\u00f3ximo d\u00eda 21 de Octubre a las 17:30 se celebrar\u00e1 en la Sede ACEB, sito en C\/ Parra, S\/N Edificio ACEB de Arroyo de la [\u2026]","og_url":"https:\/\/gruposae.online\/index.php\/2019\/02\/07\/i-jornada-de-competitividad-salarial-organizada-por-aceb-asociacion-de-comerciantes-y-empresarios-de-benalmadena-y-centro-comercial-abierto-y-grupo-sae\/","og_site_name":"Grupo SAE","article_published_time":"2019-02-07T15:15:08+00:00","article_modified_time":"2021-09-17T15:16:03+00:00","og_image":[{"width":1200,"height":748,"url":"https:\/\/gruposae.online\/wp-content\/uploads\/2021\/09\/68b62085e41e8f225811766f8d5eb2bb_XL.jpg","type":"image\/jpeg"}],"twitter_card":"summary_large_image","twitter_misc":{"Escrito por":"admin","Tiempo de lectura":"1 minuto"},"schema":{"@context":"https:\/\/schema.org","@graph":[{"@type":"Organization","@id":"https:\/\/gruposae.online\/#organization","name":"Grupo SAE","url":"https:\/\/gruposae.online\/","sameAs":[],"logo":{"@type":"ImageObject","@id":"https:\/\/gruposae.online\/#logo","inLanguage":"es","url":"https:\/\/gruposae.online\/wp-content\/uploads\/2021\/08\/logo-gruposae-header.png","contentUrl":"https:\/\/gruposae.online\/wp-content\/uploads\/2021\/08\/logo-gruposae-header.png","width":335,"height":70,"caption":"Grupo SAE"},"image":{"@id":"https:\/\/gruposae.online\/#logo"}},{"@type":"WebSite","@id":"https:\/\/gruposae.online\/#website","url":"https:\/\/gruposae.online\/","name":"Grupo SAE","description":"","publisher":{"@id":"https:\/\/gruposae.online\/#organization"},"potentialAction":[{"@type":"SearchAction","target":{"@type":"EntryPoint","urlTemplate":"https:\/\/gruposae.online\/?s={search_term_string}"},"query-input":"required name=search_term_string"}],"inLanguage":"es"},{"@type":"ImageObject","@id":"https:\/\/gruposae.online\/index.php\/2019\/02\/07\/i-jornada-de-competitividad-salarial-organizada-por-aceb-asociacion-de-comerciantes-y-empresarios-de-benalmadena-y-centro-comercial-abierto-y-grupo-sae\/#primaryimage","inLanguage":"es","url":"https:\/\/gruposae.online\/wp-content\/uploads\/2021\/09\/68b62085e41e8f225811766f8d5eb2bb_XL.jpg","contentUrl":"https:\/\/gruposae.online\/wp-content\/uploads\/2021\/09\/68b62085e41e8f225811766f8d5eb2bb_XL.jpg","width":1200,"height":748},{"@type":"WebPage","@id":"https:\/\/gruposae.online\/index.php\/2019\/02\/07\/i-jornada-de-competitividad-salarial-organizada-por-aceb-asociacion-de-comerciantes-y-empresarios-de-benalmadena-y-centro-comercial-abierto-y-grupo-sae\/#webpage","url":"https:\/\/gruposae.online\/index.php\/2019\/02\/07\/i-jornada-de-competitividad-salarial-organizada-por-aceb-asociacion-de-comerciantes-y-empresarios-de-benalmadena-y-centro-comercial-abierto-y-grupo-sae\/","name":"I JORNADA DE COMPETITIVIDAD SALARIAL ORGANIZADA POR ACEB (ASOCIACI\u00d3N DE COMERCIANTES Y EMPRESARIOS DE BENALM\u00c1DENA Y CENTRO COMERCIAL ABIERTO) Y GRUPO SAE - Grupo SAE","isPartOf":{"@id":"https:\/\/gruposae.online\/#website"},"primaryImageOfPage":{"@id":"https:\/\/gruposae.online\/index.php\/2019\/02\/07\/i-jornada-de-competitividad-salarial-organizada-por-aceb-asociacion-de-comerciantes-y-empresarios-de-benalmadena-y-centro-comercial-abierto-y-grupo-sae\/#primaryimage"},"datePublished":"2019-02-07T15:15:08+00:00","dateModified":"2021-09-17T15:16:03+00:00","breadcrumb":{"@id":"https:\/\/gruposae.online\/index.php\/2019\/02\/07\/i-jornada-de-competitividad-salarial-organizada-por-aceb-asociacion-de-comerciantes-y-empresarios-de-benalmadena-y-centro-comercial-abierto-y-grupo-sae\/#breadcrumb"},"inLanguage":"es","potentialAction":[{"@type":"ReadAction","target":["https:\/\/gruposae.online\/index.php\/2019\/02\/07\/i-jornada-de-competitividad-salarial-organizada-por-aceb-asociacion-de-comerciantes-y-empresarios-de-benalmadena-y-centro-comercial-abierto-y-grupo-sae\/"]}]},{"@type":"BreadcrumbList","@id":"https:\/\/gruposae.online\/index.php\/2019\/02\/07\/i-jornada-de-competitividad-salarial-organizada-por-aceb-asociacion-de-comerciantes-y-empresarios-de-benalmadena-y-centro-comercial-abierto-y-grupo-sae\/#breadcrumb","itemListElement":[{"@type":"ListItem","position":1,"name":"Portada","item":"https:\/\/gruposae.online\/"},{"@type":"ListItem","position":2,"name":"I JORNADA DE COMPETITIVIDAD SALARIAL ORGANIZADA POR ACEB (ASOCIACI\u00d3N DE COMERCIANTES Y EMPRESARIOS DE BENALM\u00c1DENA Y CENTRO COMERCIAL ABIERTO) Y GRUPO SAE"}]},{"@type":"Article","@id":"https:\/\/gruposae.online\/index.php\/2019\/02\/07\/i-jornada-de-competitividad-salarial-organizada-por-aceb-asociacion-de-comerciantes-y-empresarios-de-benalmadena-y-centro-comercial-abierto-y-grupo-sae\/#article","isPartOf":{"@id":"https:\/\/gruposae.online\/index.php\/2019\/02\/07\/i-jornada-de-competitividad-salarial-organizada-por-aceb-asociacion-de-comerciantes-y-empresarios-de-benalmadena-y-centro-comercial-abierto-y-grupo-sae\/#webpage"},"author":{"@id":"https:\/\/gruposae.online\/#\/schema\/person\/d6fb6dc442a37fce8d62ef76e3d5066e"},"headline":"I JORNADA DE COMPETITIVIDAD SALARIAL ORGANIZADA POR ACEB (ASOCIACI\u00d3N DE COMERCIANTES Y EMPRESARIOS DE BENALM\u00c1DENA Y CENTRO COMERCIAL ABIERTO) Y GRUPO SAE","datePublished":"2019-02-07T15:15:08+00:00","dateModified":"2021-09-17T15:16:03+00:00","mainEntityOfPage":{"@id":"https:\/\/gruposae.online\/index.php\/2019\/02\/07\/i-jornada-de-competitividad-salarial-organizada-por-aceb-asociacion-de-comerciantes-y-empresarios-de-benalmadena-y-centro-comercial-abierto-y-grupo-sae\/#webpage"},"wordCount":178,"commentCount":0,"publisher":{"@id":"https:\/\/gruposae.online\/#organization"},"image":{"@id":"https:\/\/gruposae.online\/index.php\/2019\/02\/07\/i-jornada-de-competitividad-salarial-organizada-por-aceb-asociacion-de-comerciantes-y-empresarios-de-benalmadena-y-centro-comercial-abierto-y-grupo-sae\/#primaryimage"},"thumbnailUrl":"https:\/\/gruposae.online\/wp-content\/uploads\/2021\/09\/68b62085e41e8f225811766f8d5eb2bb_XL.jpg","articleSection":["Grupo SAE"],"inLanguage":"es","potentialAction":[{"@type":"CommentAction","name":"Comment","target":["https:\/\/gruposae.online\/index.php\/2019\/02\/07\/i-jornada-de-competitividad-salarial-organizada-por-aceb-asociacion-de-comerciantes-y-empresarios-de-benalmadena-y-centro-comercial-abierto-y-grupo-sae\/#respond"]}]},{"@type":"Person","@id":"https:\/\/gruposae.online\/#\/schema\/person\/d6fb6dc442a37fce8d62ef76e3d5066e","name":"admin","image":{"@type":"ImageObject","@id":"https:\/\/gruposae.online\/#personlogo","inLanguage":"es","url":"https:\/\/secure.gravatar.com\/avatar\/c46f05e54262093a8296c238813957ed?s=96&d=mm&r=g","contentUrl":"https:\/\/secure.gravatar.com\/avatar\/c46f05e54262093a8296c238813957ed?s=96&d=mm&r=g","caption":"admin"},"sameAs":["https:\/\/gruposae.online"]}]}},"_links":{"self":[{"href":"https:\/\/gruposae.online\/index.php\/wp-json\/wp\/v2\/posts\/362"}],"collection":[{"href":"https:\/\/gruposae.online\/index.php\/wp-json\/wp\/v2\/posts"}],"about":[{"href":"https:\/\/gruposae.online\/index.php\/wp-json\/wp\/v2\/types\/post"}],"author":[{"embeddable":true,"href":"https:\/\/gruposae.online\/index.php\/wp-json\/wp\/v2\/users\/1"}],"replies":[{"embeddable":true,"href":"https:\/\/gruposae.online\/index.php\/wp-json\/wp\/v2\/comments?post=362"}],"version-history":[{"count":1,"href":"https:\/\/gruposae.online\/index.php\/wp-json\/wp\/v2\/posts\/362\/revisions"}],"predecessor-version":[{"id":364,"href":"https:\/\/gruposae.online\/index.php\/wp-json\/wp\/v2\/posts\/362\/revisions\/364"}],"wp:featuredmedia":[{"embeddable":true,"href":"https:\/\/gruposae.online\/index.php\/wp-json\/wp\/v2\/media\/363"}],"wp:attachment":[{"href":"https:\/\/gruposae.online\/index.php\/wp-json\/wp\/v2\/media?parent=362"}],"wp:term":[{"taxonomy":"category","embeddable":true,"href":"https:\/\/gruposae.online\/index.php\/wp-json\/wp\/v2\/categories?post=362"},{"taxonomy":"post_tag","embeddable":true,"href":"https:\/\/gruposae.online\/index.php\/wp-json\/wp\/v2\/tags?post=362"}],"curies":[{"name":"wp","href":"https:\/\/api.w.org\/{rel}","templated":true}]}}