{"id":365,"date":"2019-01-16T15:18:51","date_gmt":"2019-01-16T15:18:51","guid":{"rendered":"https:\/\/gruposae.online\/?p=365"},"modified":"2021-09-17T15:19:48","modified_gmt":"2021-09-17T15:19:48","slug":"grupo-sae-se-incorpora-a-la-confederacion-de-empresarios-de-cordoba-ceco-como-miembro-asociado","status":"publish","type":"post","link":"https:\/\/gruposae.online\/index.php\/2019\/01\/16\/grupo-sae-se-incorpora-a-la-confederacion-de-empresarios-de-cordoba-ceco-como-miembro-asociado\/","title":{"rendered":"GRUPO SAE SE INCORPORA A LA CONFEDERACI\u00d3N DE EMPRESARIOS DE C\u00d3RDOBA (CECO) COMO MIEMBRO ASOCIADO"},"content":{"rendered":"<div>\n<p>La trayectoria del Grupo cuyas empresas llevan m\u00e1s de 40 a\u00f1os en el sector de la formaci\u00f3n, la sit\u00faan actualmente como una de las empresas l\u00edderes en la Formaci\u00f3n Dual para los Contratos de Formaci\u00f3n y Aprendizaje en toda Espa\u00f1a, con m\u00e1s de 6.000 empresas, confi\u00e1ndonos la Formaci\u00f3n de sus trabajadores en \u201caprendizaje\u201d. A trav\u00e9s de esta incorporaci\u00f3n a CECO, pretendemos poner al servicio de todas las Empresas Cordobesas, uno de los modelos m\u00e1s importantes para la inserci\u00f3n de los J\u00f3venes entre 16 y 24 a\u00f1os cuyo objetivo fundamental es la cualificaci\u00f3n y acreditaci\u00f3n de competencias para el desarrollo de una ocupaci\u00f3n profesional, y al mismo tiempo las empresas incorporar\u00e1n nuevas generaciones que las har\u00e1n m\u00e1s competitivas, unido al importante ahorro de costes salariales que supondr\u00e1 dicho tipo de Contrato.<\/p>\n<\/div>\n<div>\n<p>Con unas modernas instalaciones de m\u00e1s de 1.000 m2 un equipo humano formado por m\u00e1s de 50 profesionales, estamos en disposici\u00f3n de prestar a todo el tejido empresarial de C\u00f3rdoba y Provincia, todo el asesoramiento necesario, para una correcta utilizaci\u00f3n de este modelo, as\u00ed como otras l\u00edneas de formaci\u00f3n, de inter\u00e9s para las empresas.<\/p>\n<p>La firma del Convenio, tuvo lugar el pasado d\u00eda 11 de enero en la Sede de CECO, con la presencia del Presidente de la organizaci\u00f3n empresarial D. Antonio D\u00edaz y el Director General de Grupo SAE, D. Antonio Toro.<\/p>\n<\/div>\n","protected":false},"excerpt":{"rendered":"<p>La trayectoria del Grupo cuyas empresas llevan m\u00e1s de 40 a\u00f1os en el sector de la formaci\u00f3n, la sit\u00faan actualmente como una de las empresas l\u00edderes<span class=\"excerpt-hellip\"> [\u2026]<\/span><\/p>\n","protected":false},"author":1,"featured_media":366,"comment_status":"open","ping_status":"open","sticky":false,"template":"","format":"standard","meta":[],"categories":[1],"tags":[],"yoast_head":"<!-- This site is optimized with the Yoast SEO plugin v17.3 - https:\/\/yoast.com\/wordpress\/plugins\/seo\/ -->\n<title>GRUPO SAE SE INCORPORA A LA CONFEDERACI\u00d3N DE EMPRESARIOS DE C\u00d3RDOBA (CECO) COMO MIEMBRO ASOCIADO - Grupo SAE<\/title>\n<meta name=\"robots\" content=\"index, follow, max-snippet:-1, max-image-preview:large, max-video-preview:-1\" \/>\n<link rel=\"canonical\" href=\"https:\/\/gruposae.online\/index.php\/2019\/01\/16\/grupo-sae-se-incorpora-a-la-confederacion-de-empresarios-de-cordoba-ceco-como-miembro-asociado\/\" \/>\n<meta property=\"og:locale\" content=\"es_ES\" \/>\n<meta property=\"og:type\" content=\"article\" \/>\n<meta property=\"og:title\" content=\"GRUPO SAE SE INCORPORA A LA CONFEDERACI\u00d3N DE EMPRESARIOS DE C\u00d3RDOBA (CECO) COMO MIEMBRO ASOCIADO - Grupo SAE\" \/>\n<meta property=\"og:description\" content=\"La trayectoria del Grupo cuyas empresas llevan m\u00e1s de 40 a\u00f1os en el sector de la formaci\u00f3n, la sit\u00faan actualmente como una de las empresas l\u00edderes [\u2026]\" \/>\n<meta property=\"og:url\" content=\"https:\/\/gruposae.online\/index.php\/2019\/01\/16\/grupo-sae-se-incorpora-a-la-confederacion-de-empresarios-de-cordoba-ceco-como-miembro-asociado\/\" \/>\n<meta property=\"og:site_name\" content=\"Grupo SAE\" \/>\n<meta property=\"article:published_time\" content=\"2019-01-16T15:18:51+00:00\" \/>\n<meta property=\"article:modified_time\" content=\"2021-09-17T15:19:48+00:00\" \/>\n<meta property=\"og:image\" content=\"https:\/\/gruposae.online\/wp-content\/uploads\/2021\/09\/5483e331a9bace540b3a2478fc014e25_XL.jpg\" \/>\n\t<meta property=\"og:image:width\" content=\"1200\" \/>\n\t<meta property=\"og:image:height\" content=\"748\" \/>\n<meta name=\"twitter:card\" content=\"summary_large_image\" \/>\n<meta name=\"twitter:label1\" content=\"Escrito por\" \/>\n\t<meta name=\"twitter:data1\" content=\"admin\" \/>\n\t<meta name=\"twitter:label2\" content=\"Tiempo de lectura\" \/>\n\t<meta name=\"twitter:data2\" content=\"1 minuto\" \/>\n<script type=\"application\/ld+json\" class=\"yoast-schema-graph\">{\"@context\":\"https:\/\/schema.org\",\"@graph\":[{\"@type\":\"Organization\",\"@id\":\"https:\/\/gruposae.online\/#organization\",\"name\":\"Grupo SAE\",\"url\":\"https:\/\/gruposae.online\/\",\"sameAs\":[],\"logo\":{\"@type\":\"ImageObject\",\"@id\":\"https:\/\/gruposae.online\/#logo\",\"inLanguage\":\"es\",\"url\":\"https:\/\/gruposae.online\/wp-content\/uploads\/2021\/08\/logo-gruposae-header.png\",\"contentUrl\":\"https:\/\/gruposae.online\/wp-content\/uploads\/2021\/08\/logo-gruposae-header.png\",\"width\":335,\"height\":70,\"caption\":\"Grupo SAE\"},\"image\":{\"@id\":\"https:\/\/gruposae.online\/#logo\"}},{\"@type\":\"WebSite\",\"@id\":\"https:\/\/gruposae.online\/#website\",\"url\":\"https:\/\/gruposae.online\/\",\"name\":\"Grupo SAE\",\"description\":\"\",\"publisher\":{\"@id\":\"https:\/\/gruposae.online\/#organization\"},\"potentialAction\":[{\"@type\":\"SearchAction\",\"target\":{\"@type\":\"EntryPoint\",\"urlTemplate\":\"https:\/\/gruposae.online\/?s={search_term_string}\"},\"query-input\":\"required name=search_term_string\"}],\"inLanguage\":\"es\"},{\"@type\":\"ImageObject\",\"@id\":\"https:\/\/gruposae.online\/index.php\/2019\/01\/16\/grupo-sae-se-incorpora-a-la-confederacion-de-empresarios-de-cordoba-ceco-como-miembro-asociado\/#primaryimage\",\"inLanguage\":\"es\",\"url\":\"https:\/\/gruposae.online\/wp-content\/uploads\/2021\/09\/5483e331a9bace540b3a2478fc014e25_XL.jpg\",\"contentUrl\":\"https:\/\/gruposae.online\/wp-content\/uploads\/2021\/09\/5483e331a9bace540b3a2478fc014e25_XL.jpg\",\"width\":1200,\"height\":748},{\"@type\":\"WebPage\",\"@id\":\"https:\/\/gruposae.online\/index.php\/2019\/01\/16\/grupo-sae-se-incorpora-a-la-confederacion-de-empresarios-de-cordoba-ceco-como-miembro-asociado\/#webpage\",\"url\":\"https:\/\/gruposae.online\/index.php\/2019\/01\/16\/grupo-sae-se-incorpora-a-la-confederacion-de-empresarios-de-cordoba-ceco-como-miembro-asociado\/\",\"name\":\"GRUPO SAE SE INCORPORA A LA CONFEDERACI\\u00d3N DE EMPRESARIOS DE C\\u00d3RDOBA (CECO) COMO MIEMBRO ASOCIADO - Grupo SAE\",\"isPartOf\":{\"@id\":\"https:\/\/gruposae.online\/#website\"},\"primaryImageOfPage\":{\"@id\":\"https:\/\/gruposae.online\/index.php\/2019\/01\/16\/grupo-sae-se-incorpora-a-la-confederacion-de-empresarios-de-cordoba-ceco-como-miembro-asociado\/#primaryimage\"},\"datePublished\":\"2019-01-16T15:18:51+00:00\",\"dateModified\":\"2021-09-17T15:19:48+00:00\",\"breadcrumb\":{\"@id\":\"https:\/\/gruposae.online\/index.php\/2019\/01\/16\/grupo-sae-se-incorpora-a-la-confederacion-de-empresarios-de-cordoba-ceco-como-miembro-asociado\/#breadcrumb\"},\"inLanguage\":\"es\",\"potentialAction\":[{\"@type\":\"ReadAction\",\"target\":[\"https:\/\/gruposae.online\/index.php\/2019\/01\/16\/grupo-sae-se-incorpora-a-la-confederacion-de-empresarios-de-cordoba-ceco-como-miembro-asociado\/\"]}]},{\"@type\":\"BreadcrumbList\",\"@id\":\"https:\/\/gruposae.online\/index.php\/2019\/01\/16\/grupo-sae-se-incorpora-a-la-confederacion-de-empresarios-de-cordoba-ceco-como-miembro-asociado\/#breadcrumb\",\"itemListElement\":[{\"@type\":\"ListItem\",\"position\":1,\"name\":\"Portada\",\"item\":\"https:\/\/gruposae.online\/\"},{\"@type\":\"ListItem\",\"position\":2,\"name\":\"GRUPO SAE SE INCORPORA A LA CONFEDERACI\\u00d3N DE EMPRESARIOS DE C\\u00d3RDOBA (CECO) COMO MIEMBRO ASOCIADO\"}]},{\"@type\":\"Article\",\"@id\":\"https:\/\/gruposae.online\/index.php\/2019\/01\/16\/grupo-sae-se-incorpora-a-la-confederacion-de-empresarios-de-cordoba-ceco-como-miembro-asociado\/#article\",\"isPartOf\":{\"@id\":\"https:\/\/gruposae.online\/index.php\/2019\/01\/16\/grupo-sae-se-incorpora-a-la-confederacion-de-empresarios-de-cordoba-ceco-como-miembro-asociado\/#webpage\"},\"author\":{\"@id\":\"https:\/\/gruposae.online\/#\/schema\/person\/d6fb6dc442a37fce8d62ef76e3d5066e\"},\"headline\":\"GRUPO SAE SE INCORPORA A LA CONFEDERACI\\u00d3N DE EMPRESARIOS DE C\\u00d3RDOBA (CECO) COMO MIEMBRO ASOCIADO\",\"datePublished\":\"2019-01-16T15:18:51+00:00\",\"dateModified\":\"2021-09-17T15:19:48+00:00\",\"mainEntityOfPage\":{\"@id\":\"https:\/\/gruposae.online\/index.php\/2019\/01\/16\/grupo-sae-se-incorpora-a-la-confederacion-de-empresarios-de-cordoba-ceco-como-miembro-asociado\/#webpage\"},\"wordCount\":267,\"commentCount\":0,\"publisher\":{\"@id\":\"https:\/\/gruposae.online\/#organization\"},\"image\":{\"@id\":\"https:\/\/gruposae.online\/index.php\/2019\/01\/16\/grupo-sae-se-incorpora-a-la-confederacion-de-empresarios-de-cordoba-ceco-como-miembro-asociado\/#primaryimage\"},\"thumbnailUrl\":\"https:\/\/gruposae.online\/wp-content\/uploads\/2021\/09\/5483e331a9bace540b3a2478fc014e25_XL.jpg\",\"articleSection\":[\"Grupo SAE\"],\"inLanguage\":\"es\",\"potentialAction\":[{\"@type\":\"CommentAction\",\"name\":\"Comment\",\"target\":[\"https:\/\/gruposae.online\/index.php\/2019\/01\/16\/grupo-sae-se-incorpora-a-la-confederacion-de-empresarios-de-cordoba-ceco-como-miembro-asociado\/#respond\"]}]},{\"@type\":\"Person\",\"@id\":\"https:\/\/gruposae.online\/#\/schema\/person\/d6fb6dc442a37fce8d62ef76e3d5066e\",\"name\":\"admin\",\"image\":{\"@type\":\"ImageObject\",\"@id\":\"https:\/\/gruposae.online\/#personlogo\",\"inLanguage\":\"es\",\"url\":\"https:\/\/secure.gravatar.com\/avatar\/c46f05e54262093a8296c238813957ed?s=96&d=mm&r=g\",\"contentUrl\":\"https:\/\/secure.gravatar.com\/avatar\/c46f05e54262093a8296c238813957ed?s=96&d=mm&r=g\",\"caption\":\"admin\"},\"sameAs\":[\"https:\/\/gruposae.online\"]}]}<\/script>\n<!-- \/ Yoast SEO plugin. -->","yoast_head_json":{"title":"GRUPO SAE SE INCORPORA A LA CONFEDERACI\u00d3N DE EMPRESARIOS DE C\u00d3RDOBA (CECO) COMO MIEMBRO ASOCIADO - Grupo SAE","robots":{"index":"index","follow":"follow","max-snippet":"max-snippet:-1","max-image-preview":"max-image-preview:large","max-video-preview":"max-video-preview:-1"},"canonical":"https:\/\/gruposae.online\/index.php\/2019\/01\/16\/grupo-sae-se-incorpora-a-la-confederacion-de-empresarios-de-cordoba-ceco-como-miembro-asociado\/","og_locale":"es_ES","og_type":"article","og_title":"GRUPO SAE SE INCORPORA A LA CONFEDERACI\u00d3N DE EMPRESARIOS DE C\u00d3RDOBA (CECO) COMO MIEMBRO ASOCIADO - Grupo SAE","og_description":"La trayectoria del Grupo cuyas empresas llevan m\u00e1s de 40 a\u00f1os en el sector de la formaci\u00f3n, la sit\u00faan actualmente como una de las empresas l\u00edderes [\u2026]","og_url":"https:\/\/gruposae.online\/index.php\/2019\/01\/16\/grupo-sae-se-incorpora-a-la-confederacion-de-empresarios-de-cordoba-ceco-como-miembro-asociado\/","og_site_name":"Grupo SAE","article_published_time":"2019-01-16T15:18:51+00:00","article_modified_time":"2021-09-17T15:19:48+00:00","og_image":[{"width":1200,"height":748,"url":"https:\/\/gruposae.online\/wp-content\/uploads\/2021\/09\/5483e331a9bace540b3a2478fc014e25_XL.jpg","type":"image\/jpeg"}],"twitter_card":"summary_large_image","twitter_misc":{"Escrito por":"admin","Tiempo de lectura":"1 minuto"},"schema":{"@context":"https:\/\/schema.org","@graph":[{"@type":"Organization","@id":"https:\/\/gruposae.online\/#organization","name":"Grupo SAE","url":"https:\/\/gruposae.online\/","sameAs":[],"logo":{"@type":"ImageObject","@id":"https:\/\/gruposae.online\/#logo","inLanguage":"es","url":"https:\/\/gruposae.online\/wp-content\/uploads\/2021\/08\/logo-gruposae-header.png","contentUrl":"https:\/\/gruposae.online\/wp-content\/uploads\/2021\/08\/logo-gruposae-header.png","width":335,"height":70,"caption":"Grupo SAE"},"image":{"@id":"https:\/\/gruposae.online\/#logo"}},{"@type":"WebSite","@id":"https:\/\/gruposae.online\/#website","url":"https:\/\/gruposae.online\/","name":"Grupo SAE","description":"","publisher":{"@id":"https:\/\/gruposae.online\/#organization"},"potentialAction":[{"@type":"SearchAction","target":{"@type":"EntryPoint","urlTemplate":"https:\/\/gruposae.online\/?s={search_term_string}"},"query-input":"required name=search_term_string"}],"inLanguage":"es"},{"@type":"ImageObject","@id":"https:\/\/gruposae.online\/index.php\/2019\/01\/16\/grupo-sae-se-incorpora-a-la-confederacion-de-empresarios-de-cordoba-ceco-como-miembro-asociado\/#primaryimage","inLanguage":"es","url":"https:\/\/gruposae.online\/wp-content\/uploads\/2021\/09\/5483e331a9bace540b3a2478fc014e25_XL.jpg","contentUrl":"https:\/\/gruposae.online\/wp-content\/uploads\/2021\/09\/5483e331a9bace540b3a2478fc014e25_XL.jpg","width":1200,"height":748},{"@type":"WebPage","@id":"https:\/\/gruposae.online\/index.php\/2019\/01\/16\/grupo-sae-se-incorpora-a-la-confederacion-de-empresarios-de-cordoba-ceco-como-miembro-asociado\/#webpage","url":"https:\/\/gruposae.online\/index.php\/2019\/01\/16\/grupo-sae-se-incorpora-a-la-confederacion-de-empresarios-de-cordoba-ceco-como-miembro-asociado\/","name":"GRUPO SAE SE INCORPORA A LA CONFEDERACI\u00d3N DE EMPRESARIOS DE C\u00d3RDOBA (CECO) COMO MIEMBRO ASOCIADO - Grupo SAE","isPartOf":{"@id":"https:\/\/gruposae.online\/#website"},"primaryImageOfPage":{"@id":"https:\/\/gruposae.online\/index.php\/2019\/01\/16\/grupo-sae-se-incorpora-a-la-confederacion-de-empresarios-de-cordoba-ceco-como-miembro-asociado\/#primaryimage"},"datePublished":"2019-01-16T15:18:51+00:00","dateModified":"2021-09-17T15:19:48+00:00","breadcrumb":{"@id":"https:\/\/gruposae.online\/index.php\/2019\/01\/16\/grupo-sae-se-incorpora-a-la-confederacion-de-empresarios-de-cordoba-ceco-como-miembro-asociado\/#breadcrumb"},"inLanguage":"es","potentialAction":[{"@type":"ReadAction","target":["https:\/\/gruposae.online\/index.php\/2019\/01\/16\/grupo-sae-se-incorpora-a-la-confederacion-de-empresarios-de-cordoba-ceco-como-miembro-asociado\/"]}]},{"@type":"BreadcrumbList","@id":"https:\/\/gruposae.online\/index.php\/2019\/01\/16\/grupo-sae-se-incorpora-a-la-confederacion-de-empresarios-de-cordoba-ceco-como-miembro-asociado\/#breadcrumb","itemListElement":[{"@type":"ListItem","position":1,"name":"Portada","item":"https:\/\/gruposae.online\/"},{"@type":"ListItem","position":2,"name":"GRUPO SAE SE INCORPORA A LA CONFEDERACI\u00d3N DE EMPRESARIOS DE C\u00d3RDOBA (CECO) COMO MIEMBRO ASOCIADO"}]},{"@type":"Article","@id":"https:\/\/gruposae.online\/index.php\/2019\/01\/16\/grupo-sae-se-incorpora-a-la-confederacion-de-empresarios-de-cordoba-ceco-como-miembro-asociado\/#article","isPartOf":{"@id":"https:\/\/gruposae.online\/index.php\/2019\/01\/16\/grupo-sae-se-incorpora-a-la-confederacion-de-empresarios-de-cordoba-ceco-como-miembro-asociado\/#webpage"},"author":{"@id":"https:\/\/gruposae.online\/#\/schema\/person\/d6fb6dc442a37fce8d62ef76e3d5066e"},"headline":"GRUPO SAE SE INCORPORA A LA CONFEDERACI\u00d3N DE EMPRESARIOS DE C\u00d3RDOBA (CECO) COMO MIEMBRO ASOCIADO","datePublished":"2019-01-16T15:18:51+00:00","dateModified":"2021-09-17T15:19:48+00:00","mainEntityOfPage":{"@id":"https:\/\/gruposae.online\/index.php\/2019\/01\/16\/grupo-sae-se-incorpora-a-la-confederacion-de-empresarios-de-cordoba-ceco-como-miembro-asociado\/#webpage"},"wordCount":267,"commentCount":0,"publisher":{"@id":"https:\/\/gruposae.online\/#organization"},"image":{"@id":"https:\/\/gruposae.online\/index.php\/2019\/01\/16\/grupo-sae-se-incorpora-a-la-confederacion-de-empresarios-de-cordoba-ceco-como-miembro-asociado\/#primaryimage"},"thumbnailUrl":"https:\/\/gruposae.online\/wp-content\/uploads\/2021\/09\/5483e331a9bace540b3a2478fc014e25_XL.jpg","articleSection":["Grupo SAE"],"inLanguage":"es","potentialAction":[{"@type":"CommentAction","name":"Comment","target":["https:\/\/gruposae.online\/index.php\/2019\/01\/16\/grupo-sae-se-incorpora-a-la-confederacion-de-empresarios-de-cordoba-ceco-como-miembro-asociado\/#respond"]}]},{"@type":"Person","@id":"https:\/\/gruposae.online\/#\/schema\/person\/d6fb6dc442a37fce8d62ef76e3d5066e","name":"admin","image":{"@type":"ImageObject","@id":"https:\/\/gruposae.online\/#personlogo","inLanguage":"es","url":"https:\/\/secure.gravatar.com\/avatar\/c46f05e54262093a8296c238813957ed?s=96&d=mm&r=g","contentUrl":"https:\/\/secure.gravatar.com\/avatar\/c46f05e54262093a8296c238813957ed?s=96&d=mm&r=g","caption":"admin"},"sameAs":["https:\/\/gruposae.online"]}]}},"_links":{"self":[{"href":"https:\/\/gruposae.online\/index.php\/wp-json\/wp\/v2\/posts\/365"}],"collection":[{"href":"https:\/\/gruposae.online\/index.php\/wp-json\/wp\/v2\/posts"}],"about":[{"href":"https:\/\/gruposae.online\/index.php\/wp-json\/wp\/v2\/types\/post"}],"author":[{"embeddable":true,"href":"https:\/\/gruposae.online\/index.php\/wp-json\/wp\/v2\/users\/1"}],"replies":[{"embeddable":true,"href":"https:\/\/gruposae.online\/index.php\/wp-json\/wp\/v2\/comments?post=365"}],"version-history":[{"count":1,"href":"https:\/\/gruposae.online\/index.php\/wp-json\/wp\/v2\/posts\/365\/revisions"}],"predecessor-version":[{"id":367,"href":"https:\/\/gruposae.online\/index.php\/wp-json\/wp\/v2\/posts\/365\/revisions\/367"}],"wp:featuredmedia":[{"embeddable":true,"href":"https:\/\/gruposae.online\/index.php\/wp-json\/wp\/v2\/media\/366"}],"wp:attachment":[{"href":"https:\/\/gruposae.online\/index.php\/wp-json\/wp\/v2\/media?parent=365"}],"wp:term":[{"taxonomy":"category","embeddable":true,"href":"https:\/\/gruposae.online\/index.php\/wp-json\/wp\/v2\/categories?post=365"},{"taxonomy":"post_tag","embeddable":true,"href":"https:\/\/gruposae.online\/index.php\/wp-json\/wp\/v2\/tags?post=365"}],"curies":[{"name":"wp","href":"https:\/\/api.w.org\/{rel}","templated":true}]}}