{"id":375,"date":"2018-10-31T15:22:08","date_gmt":"2018-10-31T15:22:08","guid":{"rendered":"https:\/\/gruposae.online\/?p=375"},"modified":"2021-09-17T15:22:57","modified_gmt":"2021-09-17T15:22:57","slug":"convenio-marco-de-colaboracion-con-la-asociacion-de-empresarios-de-comercios-del-habitat-de-madrid","status":"publish","type":"post","link":"https:\/\/gruposae.online\/index.php\/2018\/10\/31\/convenio-marco-de-colaboracion-con-la-asociacion-de-empresarios-de-comercios-del-habitat-de-madrid\/","title":{"rendered":"CONVENIO MARCO DE COLABORACI\u00d3N CON LA ASOCIACI\u00d3N DE EMPRESARIOS DE COMERCIOS DEL HABITAT DE MADRID"},"content":{"rendered":"<div>\n<p>Grupo SAE ha firmado un Convenio Marco de Colaboraci\u00f3n con la Asociaci\u00f3n de Empresarios de Comercios del Habitat de Madrid, el mismo se enmarca dentro del \u00e1mbito de la Formaci\u00f3n Profesional para el Empleo, y desarrollar\u00e1 acciones formativas para el sector del Comercio del Mueble de Madrid, as\u00ed como la gesti\u00f3n e impartici\u00f3n de Contratos Formativos.<\/p>\n<\/div>\n<div>\n<p>Una de las primeras acciones realizadas, ha sido la organizaci\u00f3n por parte de Grupo SAE de 14 Talleres insertos en el Convenio de Asistencia profesional firmado entre la Direcci\u00f3n General de Comercio y Consumo de la CAM y la Asociaci\u00f3n.<\/p>\n<p>El Presidente de la Asociaci\u00f3n D. Santiago Gallego Mart\u00ednez del Comercio del Habitat de Madrid, y el Director General de Grupo SAE, muestran su satisfacci\u00f3n por un acuerdo que permitir\u00e1 a los asociados utilizar de manera eficaz todas las ventajas que actualmente ofrece el \u00c1mbito de la Formaci\u00f3n Profesional para el Empleo.<\/p>\n<\/div>\n","protected":false},"excerpt":{"rendered":"<p>Grupo SAE ha firmado un Convenio Marco de Colaboraci\u00f3n con la Asociaci\u00f3n de Empresarios de Comercios del Habitat de Madrid, el mismo se enmarca dentro del<span class=\"excerpt-hellip\"> [\u2026]<\/span><\/p>\n","protected":false},"author":1,"featured_media":376,"comment_status":"open","ping_status":"open","sticky":false,"template":"","format":"standard","meta":[],"categories":[1],"tags":[],"yoast_head":"<!-- This site is optimized with the Yoast SEO plugin v17.3 - https:\/\/yoast.com\/wordpress\/plugins\/seo\/ -->\n<title>CONVENIO MARCO DE COLABORACI\u00d3N CON LA ASOCIACI\u00d3N DE EMPRESARIOS DE COMERCIOS DEL HABITAT DE MADRID - Grupo SAE<\/title>\n<meta name=\"robots\" content=\"index, follow, max-snippet:-1, max-image-preview:large, max-video-preview:-1\" \/>\n<link rel=\"canonical\" href=\"https:\/\/gruposae.online\/index.php\/2018\/10\/31\/convenio-marco-de-colaboracion-con-la-asociacion-de-empresarios-de-comercios-del-habitat-de-madrid\/\" \/>\n<meta property=\"og:locale\" content=\"es_ES\" \/>\n<meta property=\"og:type\" content=\"article\" \/>\n<meta property=\"og:title\" content=\"CONVENIO MARCO DE COLABORACI\u00d3N CON LA ASOCIACI\u00d3N DE EMPRESARIOS DE COMERCIOS DEL HABITAT DE MADRID - Grupo SAE\" \/>\n<meta property=\"og:description\" content=\"Grupo SAE ha firmado un Convenio Marco de Colaboraci\u00f3n con la Asociaci\u00f3n de Empresarios de Comercios del Habitat de Madrid, el mismo se enmarca dentro del [\u2026]\" \/>\n<meta property=\"og:url\" content=\"https:\/\/gruposae.online\/index.php\/2018\/10\/31\/convenio-marco-de-colaboracion-con-la-asociacion-de-empresarios-de-comercios-del-habitat-de-madrid\/\" \/>\n<meta property=\"og:site_name\" content=\"Grupo SAE\" \/>\n<meta property=\"article:published_time\" content=\"2018-10-31T15:22:08+00:00\" \/>\n<meta property=\"article:modified_time\" content=\"2021-09-17T15:22:57+00:00\" \/>\n<meta property=\"og:image\" content=\"https:\/\/gruposae.online\/wp-content\/uploads\/2021\/09\/1698b847c2e4fe98c05adcdc9d420590_XL.jpg\" \/>\n\t<meta property=\"og:image:width\" content=\"1200\" \/>\n\t<meta property=\"og:image:height\" content=\"748\" \/>\n<meta name=\"twitter:card\" content=\"summary_large_image\" \/>\n<meta name=\"twitter:label1\" content=\"Escrito por\" \/>\n\t<meta name=\"twitter:data1\" content=\"admin\" \/>\n\t<meta name=\"twitter:label2\" content=\"Tiempo de lectura\" \/>\n\t<meta name=\"twitter:data2\" content=\"1 minuto\" \/>\n<script type=\"application\/ld+json\" class=\"yoast-schema-graph\">{\"@context\":\"https:\/\/schema.org\",\"@graph\":[{\"@type\":\"Organization\",\"@id\":\"https:\/\/gruposae.online\/#organization\",\"name\":\"Grupo SAE\",\"url\":\"https:\/\/gruposae.online\/\",\"sameAs\":[],\"logo\":{\"@type\":\"ImageObject\",\"@id\":\"https:\/\/gruposae.online\/#logo\",\"inLanguage\":\"es\",\"url\":\"https:\/\/gruposae.online\/wp-content\/uploads\/2021\/08\/logo-gruposae-header.png\",\"contentUrl\":\"https:\/\/gruposae.online\/wp-content\/uploads\/2021\/08\/logo-gruposae-header.png\",\"width\":335,\"height\":70,\"caption\":\"Grupo SAE\"},\"image\":{\"@id\":\"https:\/\/gruposae.online\/#logo\"}},{\"@type\":\"WebSite\",\"@id\":\"https:\/\/gruposae.online\/#website\",\"url\":\"https:\/\/gruposae.online\/\",\"name\":\"Grupo SAE\",\"description\":\"\",\"publisher\":{\"@id\":\"https:\/\/gruposae.online\/#organization\"},\"potentialAction\":[{\"@type\":\"SearchAction\",\"target\":{\"@type\":\"EntryPoint\",\"urlTemplate\":\"https:\/\/gruposae.online\/?s={search_term_string}\"},\"query-input\":\"required name=search_term_string\"}],\"inLanguage\":\"es\"},{\"@type\":\"ImageObject\",\"@id\":\"https:\/\/gruposae.online\/index.php\/2018\/10\/31\/convenio-marco-de-colaboracion-con-la-asociacion-de-empresarios-de-comercios-del-habitat-de-madrid\/#primaryimage\",\"inLanguage\":\"es\",\"url\":\"https:\/\/gruposae.online\/wp-content\/uploads\/2021\/09\/1698b847c2e4fe98c05adcdc9d420590_XL.jpg\",\"contentUrl\":\"https:\/\/gruposae.online\/wp-content\/uploads\/2021\/09\/1698b847c2e4fe98c05adcdc9d420590_XL.jpg\",\"width\":1200,\"height\":748},{\"@type\":\"WebPage\",\"@id\":\"https:\/\/gruposae.online\/index.php\/2018\/10\/31\/convenio-marco-de-colaboracion-con-la-asociacion-de-empresarios-de-comercios-del-habitat-de-madrid\/#webpage\",\"url\":\"https:\/\/gruposae.online\/index.php\/2018\/10\/31\/convenio-marco-de-colaboracion-con-la-asociacion-de-empresarios-de-comercios-del-habitat-de-madrid\/\",\"name\":\"CONVENIO MARCO DE COLABORACI\\u00d3N CON LA ASOCIACI\\u00d3N DE EMPRESARIOS DE COMERCIOS DEL HABITAT DE MADRID - Grupo SAE\",\"isPartOf\":{\"@id\":\"https:\/\/gruposae.online\/#website\"},\"primaryImageOfPage\":{\"@id\":\"https:\/\/gruposae.online\/index.php\/2018\/10\/31\/convenio-marco-de-colaboracion-con-la-asociacion-de-empresarios-de-comercios-del-habitat-de-madrid\/#primaryimage\"},\"datePublished\":\"2018-10-31T15:22:08+00:00\",\"dateModified\":\"2021-09-17T15:22:57+00:00\",\"breadcrumb\":{\"@id\":\"https:\/\/gruposae.online\/index.php\/2018\/10\/31\/convenio-marco-de-colaboracion-con-la-asociacion-de-empresarios-de-comercios-del-habitat-de-madrid\/#breadcrumb\"},\"inLanguage\":\"es\",\"potentialAction\":[{\"@type\":\"ReadAction\",\"target\":[\"https:\/\/gruposae.online\/index.php\/2018\/10\/31\/convenio-marco-de-colaboracion-con-la-asociacion-de-empresarios-de-comercios-del-habitat-de-madrid\/\"]}]},{\"@type\":\"BreadcrumbList\",\"@id\":\"https:\/\/gruposae.online\/index.php\/2018\/10\/31\/convenio-marco-de-colaboracion-con-la-asociacion-de-empresarios-de-comercios-del-habitat-de-madrid\/#breadcrumb\",\"itemListElement\":[{\"@type\":\"ListItem\",\"position\":1,\"name\":\"Portada\",\"item\":\"https:\/\/gruposae.online\/\"},{\"@type\":\"ListItem\",\"position\":2,\"name\":\"CONVENIO MARCO DE COLABORACI\\u00d3N CON LA ASOCIACI\\u00d3N DE EMPRESARIOS DE COMERCIOS DEL HABITAT DE MADRID\"}]},{\"@type\":\"Article\",\"@id\":\"https:\/\/gruposae.online\/index.php\/2018\/10\/31\/convenio-marco-de-colaboracion-con-la-asociacion-de-empresarios-de-comercios-del-habitat-de-madrid\/#article\",\"isPartOf\":{\"@id\":\"https:\/\/gruposae.online\/index.php\/2018\/10\/31\/convenio-marco-de-colaboracion-con-la-asociacion-de-empresarios-de-comercios-del-habitat-de-madrid\/#webpage\"},\"author\":{\"@id\":\"https:\/\/gruposae.online\/#\/schema\/person\/d6fb6dc442a37fce8d62ef76e3d5066e\"},\"headline\":\"CONVENIO MARCO DE COLABORACI\\u00d3N CON LA ASOCIACI\\u00d3N DE EMPRESARIOS DE COMERCIOS DEL HABITAT DE MADRID\",\"datePublished\":\"2018-10-31T15:22:08+00:00\",\"dateModified\":\"2021-09-17T15:22:57+00:00\",\"mainEntityOfPage\":{\"@id\":\"https:\/\/gruposae.online\/index.php\/2018\/10\/31\/convenio-marco-de-colaboracion-con-la-asociacion-de-empresarios-de-comercios-del-habitat-de-madrid\/#webpage\"},\"wordCount\":176,\"commentCount\":0,\"publisher\":{\"@id\":\"https:\/\/gruposae.online\/#organization\"},\"image\":{\"@id\":\"https:\/\/gruposae.online\/index.php\/2018\/10\/31\/convenio-marco-de-colaboracion-con-la-asociacion-de-empresarios-de-comercios-del-habitat-de-madrid\/#primaryimage\"},\"thumbnailUrl\":\"https:\/\/gruposae.online\/wp-content\/uploads\/2021\/09\/1698b847c2e4fe98c05adcdc9d420590_XL.jpg\",\"articleSection\":[\"Grupo SAE\"],\"inLanguage\":\"es\",\"potentialAction\":[{\"@type\":\"CommentAction\",\"name\":\"Comment\",\"target\":[\"https:\/\/gruposae.online\/index.php\/2018\/10\/31\/convenio-marco-de-colaboracion-con-la-asociacion-de-empresarios-de-comercios-del-habitat-de-madrid\/#respond\"]}]},{\"@type\":\"Person\",\"@id\":\"https:\/\/gruposae.online\/#\/schema\/person\/d6fb6dc442a37fce8d62ef76e3d5066e\",\"name\":\"admin\",\"image\":{\"@type\":\"ImageObject\",\"@id\":\"https:\/\/gruposae.online\/#personlogo\",\"inLanguage\":\"es\",\"url\":\"https:\/\/secure.gravatar.com\/avatar\/c46f05e54262093a8296c238813957ed?s=96&d=mm&r=g\",\"contentUrl\":\"https:\/\/secure.gravatar.com\/avatar\/c46f05e54262093a8296c238813957ed?s=96&d=mm&r=g\",\"caption\":\"admin\"},\"sameAs\":[\"https:\/\/gruposae.online\"]}]}<\/script>\n<!-- \/ Yoast SEO plugin. -->","yoast_head_json":{"title":"CONVENIO MARCO DE COLABORACI\u00d3N CON LA ASOCIACI\u00d3N DE EMPRESARIOS DE COMERCIOS DEL HABITAT DE MADRID - Grupo SAE","robots":{"index":"index","follow":"follow","max-snippet":"max-snippet:-1","max-image-preview":"max-image-preview:large","max-video-preview":"max-video-preview:-1"},"canonical":"https:\/\/gruposae.online\/index.php\/2018\/10\/31\/convenio-marco-de-colaboracion-con-la-asociacion-de-empresarios-de-comercios-del-habitat-de-madrid\/","og_locale":"es_ES","og_type":"article","og_title":"CONVENIO MARCO DE COLABORACI\u00d3N CON LA ASOCIACI\u00d3N DE EMPRESARIOS DE COMERCIOS DEL HABITAT DE MADRID - Grupo SAE","og_description":"Grupo SAE ha firmado un Convenio Marco de Colaboraci\u00f3n con la Asociaci\u00f3n de Empresarios de Comercios del Habitat de Madrid, el mismo se enmarca dentro del [\u2026]","og_url":"https:\/\/gruposae.online\/index.php\/2018\/10\/31\/convenio-marco-de-colaboracion-con-la-asociacion-de-empresarios-de-comercios-del-habitat-de-madrid\/","og_site_name":"Grupo SAE","article_published_time":"2018-10-31T15:22:08+00:00","article_modified_time":"2021-09-17T15:22:57+00:00","og_image":[{"width":1200,"height":748,"url":"https:\/\/gruposae.online\/wp-content\/uploads\/2021\/09\/1698b847c2e4fe98c05adcdc9d420590_XL.jpg","type":"image\/jpeg"}],"twitter_card":"summary_large_image","twitter_misc":{"Escrito por":"admin","Tiempo de lectura":"1 minuto"},"schema":{"@context":"https:\/\/schema.org","@graph":[{"@type":"Organization","@id":"https:\/\/gruposae.online\/#organization","name":"Grupo SAE","url":"https:\/\/gruposae.online\/","sameAs":[],"logo":{"@type":"ImageObject","@id":"https:\/\/gruposae.online\/#logo","inLanguage":"es","url":"https:\/\/gruposae.online\/wp-content\/uploads\/2021\/08\/logo-gruposae-header.png","contentUrl":"https:\/\/gruposae.online\/wp-content\/uploads\/2021\/08\/logo-gruposae-header.png","width":335,"height":70,"caption":"Grupo SAE"},"image":{"@id":"https:\/\/gruposae.online\/#logo"}},{"@type":"WebSite","@id":"https:\/\/gruposae.online\/#website","url":"https:\/\/gruposae.online\/","name":"Grupo SAE","description":"","publisher":{"@id":"https:\/\/gruposae.online\/#organization"},"potentialAction":[{"@type":"SearchAction","target":{"@type":"EntryPoint","urlTemplate":"https:\/\/gruposae.online\/?s={search_term_string}"},"query-input":"required name=search_term_string"}],"inLanguage":"es"},{"@type":"ImageObject","@id":"https:\/\/gruposae.online\/index.php\/2018\/10\/31\/convenio-marco-de-colaboracion-con-la-asociacion-de-empresarios-de-comercios-del-habitat-de-madrid\/#primaryimage","inLanguage":"es","url":"https:\/\/gruposae.online\/wp-content\/uploads\/2021\/09\/1698b847c2e4fe98c05adcdc9d420590_XL.jpg","contentUrl":"https:\/\/gruposae.online\/wp-content\/uploads\/2021\/09\/1698b847c2e4fe98c05adcdc9d420590_XL.jpg","width":1200,"height":748},{"@type":"WebPage","@id":"https:\/\/gruposae.online\/index.php\/2018\/10\/31\/convenio-marco-de-colaboracion-con-la-asociacion-de-empresarios-de-comercios-del-habitat-de-madrid\/#webpage","url":"https:\/\/gruposae.online\/index.php\/2018\/10\/31\/convenio-marco-de-colaboracion-con-la-asociacion-de-empresarios-de-comercios-del-habitat-de-madrid\/","name":"CONVENIO MARCO DE COLABORACI\u00d3N CON LA ASOCIACI\u00d3N DE EMPRESARIOS DE COMERCIOS DEL HABITAT DE MADRID - Grupo SAE","isPartOf":{"@id":"https:\/\/gruposae.online\/#website"},"primaryImageOfPage":{"@id":"https:\/\/gruposae.online\/index.php\/2018\/10\/31\/convenio-marco-de-colaboracion-con-la-asociacion-de-empresarios-de-comercios-del-habitat-de-madrid\/#primaryimage"},"datePublished":"2018-10-31T15:22:08+00:00","dateModified":"2021-09-17T15:22:57+00:00","breadcrumb":{"@id":"https:\/\/gruposae.online\/index.php\/2018\/10\/31\/convenio-marco-de-colaboracion-con-la-asociacion-de-empresarios-de-comercios-del-habitat-de-madrid\/#breadcrumb"},"inLanguage":"es","potentialAction":[{"@type":"ReadAction","target":["https:\/\/gruposae.online\/index.php\/2018\/10\/31\/convenio-marco-de-colaboracion-con-la-asociacion-de-empresarios-de-comercios-del-habitat-de-madrid\/"]}]},{"@type":"BreadcrumbList","@id":"https:\/\/gruposae.online\/index.php\/2018\/10\/31\/convenio-marco-de-colaboracion-con-la-asociacion-de-empresarios-de-comercios-del-habitat-de-madrid\/#breadcrumb","itemListElement":[{"@type":"ListItem","position":1,"name":"Portada","item":"https:\/\/gruposae.online\/"},{"@type":"ListItem","position":2,"name":"CONVENIO MARCO DE COLABORACI\u00d3N CON LA ASOCIACI\u00d3N DE EMPRESARIOS DE COMERCIOS DEL HABITAT DE MADRID"}]},{"@type":"Article","@id":"https:\/\/gruposae.online\/index.php\/2018\/10\/31\/convenio-marco-de-colaboracion-con-la-asociacion-de-empresarios-de-comercios-del-habitat-de-madrid\/#article","isPartOf":{"@id":"https:\/\/gruposae.online\/index.php\/2018\/10\/31\/convenio-marco-de-colaboracion-con-la-asociacion-de-empresarios-de-comercios-del-habitat-de-madrid\/#webpage"},"author":{"@id":"https:\/\/gruposae.online\/#\/schema\/person\/d6fb6dc442a37fce8d62ef76e3d5066e"},"headline":"CONVENIO MARCO DE COLABORACI\u00d3N CON LA ASOCIACI\u00d3N DE EMPRESARIOS DE COMERCIOS DEL HABITAT DE MADRID","datePublished":"2018-10-31T15:22:08+00:00","dateModified":"2021-09-17T15:22:57+00:00","mainEntityOfPage":{"@id":"https:\/\/gruposae.online\/index.php\/2018\/10\/31\/convenio-marco-de-colaboracion-con-la-asociacion-de-empresarios-de-comercios-del-habitat-de-madrid\/#webpage"},"wordCount":176,"commentCount":0,"publisher":{"@id":"https:\/\/gruposae.online\/#organization"},"image":{"@id":"https:\/\/gruposae.online\/index.php\/2018\/10\/31\/convenio-marco-de-colaboracion-con-la-asociacion-de-empresarios-de-comercios-del-habitat-de-madrid\/#primaryimage"},"thumbnailUrl":"https:\/\/gruposae.online\/wp-content\/uploads\/2021\/09\/1698b847c2e4fe98c05adcdc9d420590_XL.jpg","articleSection":["Grupo SAE"],"inLanguage":"es","potentialAction":[{"@type":"CommentAction","name":"Comment","target":["https:\/\/gruposae.online\/index.php\/2018\/10\/31\/convenio-marco-de-colaboracion-con-la-asociacion-de-empresarios-de-comercios-del-habitat-de-madrid\/#respond"]}]},{"@type":"Person","@id":"https:\/\/gruposae.online\/#\/schema\/person\/d6fb6dc442a37fce8d62ef76e3d5066e","name":"admin","image":{"@type":"ImageObject","@id":"https:\/\/gruposae.online\/#personlogo","inLanguage":"es","url":"https:\/\/secure.gravatar.com\/avatar\/c46f05e54262093a8296c238813957ed?s=96&d=mm&r=g","contentUrl":"https:\/\/secure.gravatar.com\/avatar\/c46f05e54262093a8296c238813957ed?s=96&d=mm&r=g","caption":"admin"},"sameAs":["https:\/\/gruposae.online"]}]}},"_links":{"self":[{"href":"https:\/\/gruposae.online\/index.php\/wp-json\/wp\/v2\/posts\/375"}],"collection":[{"href":"https:\/\/gruposae.online\/index.php\/wp-json\/wp\/v2\/posts"}],"about":[{"href":"https:\/\/gruposae.online\/index.php\/wp-json\/wp\/v2\/types\/post"}],"author":[{"embeddable":true,"href":"https:\/\/gruposae.online\/index.php\/wp-json\/wp\/v2\/users\/1"}],"replies":[{"embeddable":true,"href":"https:\/\/gruposae.online\/index.php\/wp-json\/wp\/v2\/comments?post=375"}],"version-history":[{"count":1,"href":"https:\/\/gruposae.online\/index.php\/wp-json\/wp\/v2\/posts\/375\/revisions"}],"predecessor-version":[{"id":377,"href":"https:\/\/gruposae.online\/index.php\/wp-json\/wp\/v2\/posts\/375\/revisions\/377"}],"wp:featuredmedia":[{"embeddable":true,"href":"https:\/\/gruposae.online\/index.php\/wp-json\/wp\/v2\/media\/376"}],"wp:attachment":[{"href":"https:\/\/gruposae.online\/index.php\/wp-json\/wp\/v2\/media?parent=375"}],"wp:term":[{"taxonomy":"category","embeddable":true,"href":"https:\/\/gruposae.online\/index.php\/wp-json\/wp\/v2\/categories?post=375"},{"taxonomy":"post_tag","embeddable":true,"href":"https:\/\/gruposae.online\/index.php\/wp-json\/wp\/v2\/tags?post=375"}],"curies":[{"name":"wp","href":"https:\/\/api.w.org\/{rel}","templated":true}]}}