{"id":378,"date":"2018-10-31T15:23:11","date_gmt":"2018-10-31T15:23:11","guid":{"rendered":"https:\/\/gruposae.online\/?p=378"},"modified":"2021-09-17T15:23:59","modified_gmt":"2021-09-17T15:23:59","slug":"convenio-marco-de-colaboracion-con-el-gremio-provincial-del-comercio-de-muebles-de-barcelona","status":"publish","type":"post","link":"https:\/\/gruposae.online\/index.php\/2018\/10\/31\/convenio-marco-de-colaboracion-con-el-gremio-provincial-del-comercio-de-muebles-de-barcelona\/","title":{"rendered":"CONVENIO MARCO DE COLABORACI\u00d3N CON EL GREMIO PROVINCIAL DEL COMERCIO DE MUEBLES DE BARCELONA"},"content":{"rendered":"<div>\n<p>Grupo SAE ha firmado un Convenio Marco de Colaboraci\u00f3n con el Gremio Provincial del Comercio de Muebles de Barcelona, el mismo se enmarca dentro del \u00e1mbito de la Formaci\u00f3n Profesional para el Empleo, y desarrollar\u00e1 acciones formativas para el sector del Comercio del Muebles den Barcelona, as\u00ed como la gesti\u00f3n e impartici\u00f3n de Contratos Formativos.<\/p>\n<\/div>\n<div>\n<p>El Presidente del Gremio Provincial del Comercio de Muebles de Barcelona D. Xavier Sanz i Cez\u00f3n, y el Director General de Grupo SAE, muestran su satisfacci\u00f3n por un acuerdo que permitir\u00e1 a los asociados del Gremio utilizar de manera eficaz todas las ventajas que actualmente ofrece el \u00c1mbito de la Formaci\u00f3n Profesional para el Empleo.<\/p>\n<\/div>\n","protected":false},"excerpt":{"rendered":"<p>Grupo SAE ha firmado un Convenio Marco de Colaboraci\u00f3n con el Gremio Provincial del Comercio de Muebles de Barcelona, el mismo se enmarca dentro del \u00e1mbito<span class=\"excerpt-hellip\"> [\u2026]<\/span><\/p>\n","protected":false},"author":1,"featured_media":379,"comment_status":"open","ping_status":"open","sticky":false,"template":"","format":"standard","meta":[],"categories":[1],"tags":[],"yoast_head":"<!-- This site is optimized with the Yoast SEO plugin v17.3 - https:\/\/yoast.com\/wordpress\/plugins\/seo\/ -->\n<title>CONVENIO MARCO DE COLABORACI\u00d3N CON EL GREMIO PROVINCIAL DEL COMERCIO DE MUEBLES DE BARCELONA - Grupo SAE<\/title>\n<meta name=\"robots\" content=\"index, follow, max-snippet:-1, max-image-preview:large, max-video-preview:-1\" \/>\n<link rel=\"canonical\" href=\"https:\/\/gruposae.online\/index.php\/2018\/10\/31\/convenio-marco-de-colaboracion-con-el-gremio-provincial-del-comercio-de-muebles-de-barcelona\/\" \/>\n<meta property=\"og:locale\" content=\"es_ES\" \/>\n<meta property=\"og:type\" content=\"article\" \/>\n<meta property=\"og:title\" content=\"CONVENIO MARCO DE COLABORACI\u00d3N CON EL GREMIO PROVINCIAL DEL COMERCIO DE MUEBLES DE BARCELONA - Grupo SAE\" \/>\n<meta property=\"og:description\" content=\"Grupo SAE ha firmado un Convenio Marco de Colaboraci\u00f3n con el Gremio Provincial del Comercio de Muebles de Barcelona, el mismo se enmarca dentro del \u00e1mbito [\u2026]\" \/>\n<meta property=\"og:url\" content=\"https:\/\/gruposae.online\/index.php\/2018\/10\/31\/convenio-marco-de-colaboracion-con-el-gremio-provincial-del-comercio-de-muebles-de-barcelona\/\" \/>\n<meta property=\"og:site_name\" content=\"Grupo SAE\" \/>\n<meta property=\"article:published_time\" content=\"2018-10-31T15:23:11+00:00\" \/>\n<meta property=\"article:modified_time\" content=\"2021-09-17T15:23:59+00:00\" \/>\n<meta property=\"og:image\" content=\"https:\/\/gruposae.online\/wp-content\/uploads\/2021\/09\/3749aaa8ee129d7e919bddcc7e09cd36_XL.jpg\" \/>\n\t<meta property=\"og:image:width\" content=\"1200\" \/>\n\t<meta property=\"og:image:height\" content=\"748\" \/>\n<meta name=\"twitter:card\" content=\"summary_large_image\" \/>\n<meta name=\"twitter:label1\" content=\"Escrito por\" \/>\n\t<meta name=\"twitter:data1\" content=\"admin\" \/>\n\t<meta name=\"twitter:label2\" content=\"Tiempo de lectura\" \/>\n\t<meta name=\"twitter:data2\" content=\"1 minuto\" \/>\n<script type=\"application\/ld+json\" class=\"yoast-schema-graph\">{\"@context\":\"https:\/\/schema.org\",\"@graph\":[{\"@type\":\"Organization\",\"@id\":\"https:\/\/gruposae.online\/#organization\",\"name\":\"Grupo SAE\",\"url\":\"https:\/\/gruposae.online\/\",\"sameAs\":[],\"logo\":{\"@type\":\"ImageObject\",\"@id\":\"https:\/\/gruposae.online\/#logo\",\"inLanguage\":\"es\",\"url\":\"https:\/\/gruposae.online\/wp-content\/uploads\/2021\/08\/logo-gruposae-header.png\",\"contentUrl\":\"https:\/\/gruposae.online\/wp-content\/uploads\/2021\/08\/logo-gruposae-header.png\",\"width\":335,\"height\":70,\"caption\":\"Grupo SAE\"},\"image\":{\"@id\":\"https:\/\/gruposae.online\/#logo\"}},{\"@type\":\"WebSite\",\"@id\":\"https:\/\/gruposae.online\/#website\",\"url\":\"https:\/\/gruposae.online\/\",\"name\":\"Grupo SAE\",\"description\":\"\",\"publisher\":{\"@id\":\"https:\/\/gruposae.online\/#organization\"},\"potentialAction\":[{\"@type\":\"SearchAction\",\"target\":{\"@type\":\"EntryPoint\",\"urlTemplate\":\"https:\/\/gruposae.online\/?s={search_term_string}\"},\"query-input\":\"required name=search_term_string\"}],\"inLanguage\":\"es\"},{\"@type\":\"ImageObject\",\"@id\":\"https:\/\/gruposae.online\/index.php\/2018\/10\/31\/convenio-marco-de-colaboracion-con-el-gremio-provincial-del-comercio-de-muebles-de-barcelona\/#primaryimage\",\"inLanguage\":\"es\",\"url\":\"https:\/\/gruposae.online\/wp-content\/uploads\/2021\/09\/3749aaa8ee129d7e919bddcc7e09cd36_XL.jpg\",\"contentUrl\":\"https:\/\/gruposae.online\/wp-content\/uploads\/2021\/09\/3749aaa8ee129d7e919bddcc7e09cd36_XL.jpg\",\"width\":1200,\"height\":748},{\"@type\":\"WebPage\",\"@id\":\"https:\/\/gruposae.online\/index.php\/2018\/10\/31\/convenio-marco-de-colaboracion-con-el-gremio-provincial-del-comercio-de-muebles-de-barcelona\/#webpage\",\"url\":\"https:\/\/gruposae.online\/index.php\/2018\/10\/31\/convenio-marco-de-colaboracion-con-el-gremio-provincial-del-comercio-de-muebles-de-barcelona\/\",\"name\":\"CONVENIO MARCO DE COLABORACI\\u00d3N CON EL GREMIO PROVINCIAL DEL COMERCIO DE MUEBLES DE BARCELONA - Grupo SAE\",\"isPartOf\":{\"@id\":\"https:\/\/gruposae.online\/#website\"},\"primaryImageOfPage\":{\"@id\":\"https:\/\/gruposae.online\/index.php\/2018\/10\/31\/convenio-marco-de-colaboracion-con-el-gremio-provincial-del-comercio-de-muebles-de-barcelona\/#primaryimage\"},\"datePublished\":\"2018-10-31T15:23:11+00:00\",\"dateModified\":\"2021-09-17T15:23:59+00:00\",\"breadcrumb\":{\"@id\":\"https:\/\/gruposae.online\/index.php\/2018\/10\/31\/convenio-marco-de-colaboracion-con-el-gremio-provincial-del-comercio-de-muebles-de-barcelona\/#breadcrumb\"},\"inLanguage\":\"es\",\"potentialAction\":[{\"@type\":\"ReadAction\",\"target\":[\"https:\/\/gruposae.online\/index.php\/2018\/10\/31\/convenio-marco-de-colaboracion-con-el-gremio-provincial-del-comercio-de-muebles-de-barcelona\/\"]}]},{\"@type\":\"BreadcrumbList\",\"@id\":\"https:\/\/gruposae.online\/index.php\/2018\/10\/31\/convenio-marco-de-colaboracion-con-el-gremio-provincial-del-comercio-de-muebles-de-barcelona\/#breadcrumb\",\"itemListElement\":[{\"@type\":\"ListItem\",\"position\":1,\"name\":\"Portada\",\"item\":\"https:\/\/gruposae.online\/\"},{\"@type\":\"ListItem\",\"position\":2,\"name\":\"CONVENIO MARCO DE COLABORACI\\u00d3N CON EL GREMIO PROVINCIAL DEL COMERCIO DE MUEBLES DE BARCELONA\"}]},{\"@type\":\"Article\",\"@id\":\"https:\/\/gruposae.online\/index.php\/2018\/10\/31\/convenio-marco-de-colaboracion-con-el-gremio-provincial-del-comercio-de-muebles-de-barcelona\/#article\",\"isPartOf\":{\"@id\":\"https:\/\/gruposae.online\/index.php\/2018\/10\/31\/convenio-marco-de-colaboracion-con-el-gremio-provincial-del-comercio-de-muebles-de-barcelona\/#webpage\"},\"author\":{\"@id\":\"https:\/\/gruposae.online\/#\/schema\/person\/d6fb6dc442a37fce8d62ef76e3d5066e\"},\"headline\":\"CONVENIO MARCO DE COLABORACI\\u00d3N CON EL GREMIO PROVINCIAL DEL COMERCIO DE MUEBLES DE BARCELONA\",\"datePublished\":\"2018-10-31T15:23:11+00:00\",\"dateModified\":\"2021-09-17T15:23:59+00:00\",\"mainEntityOfPage\":{\"@id\":\"https:\/\/gruposae.online\/index.php\/2018\/10\/31\/convenio-marco-de-colaboracion-con-el-gremio-provincial-del-comercio-de-muebles-de-barcelona\/#webpage\"},\"wordCount\":132,\"commentCount\":0,\"publisher\":{\"@id\":\"https:\/\/gruposae.online\/#organization\"},\"image\":{\"@id\":\"https:\/\/gruposae.online\/index.php\/2018\/10\/31\/convenio-marco-de-colaboracion-con-el-gremio-provincial-del-comercio-de-muebles-de-barcelona\/#primaryimage\"},\"thumbnailUrl\":\"https:\/\/gruposae.online\/wp-content\/uploads\/2021\/09\/3749aaa8ee129d7e919bddcc7e09cd36_XL.jpg\",\"articleSection\":[\"Grupo SAE\"],\"inLanguage\":\"es\",\"potentialAction\":[{\"@type\":\"CommentAction\",\"name\":\"Comment\",\"target\":[\"https:\/\/gruposae.online\/index.php\/2018\/10\/31\/convenio-marco-de-colaboracion-con-el-gremio-provincial-del-comercio-de-muebles-de-barcelona\/#respond\"]}]},{\"@type\":\"Person\",\"@id\":\"https:\/\/gruposae.online\/#\/schema\/person\/d6fb6dc442a37fce8d62ef76e3d5066e\",\"name\":\"admin\",\"image\":{\"@type\":\"ImageObject\",\"@id\":\"https:\/\/gruposae.online\/#personlogo\",\"inLanguage\":\"es\",\"url\":\"https:\/\/secure.gravatar.com\/avatar\/c46f05e54262093a8296c238813957ed?s=96&d=mm&r=g\",\"contentUrl\":\"https:\/\/secure.gravatar.com\/avatar\/c46f05e54262093a8296c238813957ed?s=96&d=mm&r=g\",\"caption\":\"admin\"},\"sameAs\":[\"https:\/\/gruposae.online\"]}]}<\/script>\n<!-- \/ Yoast SEO plugin. -->","yoast_head_json":{"title":"CONVENIO MARCO DE COLABORACI\u00d3N CON EL GREMIO PROVINCIAL DEL COMERCIO DE MUEBLES DE BARCELONA - Grupo SAE","robots":{"index":"index","follow":"follow","max-snippet":"max-snippet:-1","max-image-preview":"max-image-preview:large","max-video-preview":"max-video-preview:-1"},"canonical":"https:\/\/gruposae.online\/index.php\/2018\/10\/31\/convenio-marco-de-colaboracion-con-el-gremio-provincial-del-comercio-de-muebles-de-barcelona\/","og_locale":"es_ES","og_type":"article","og_title":"CONVENIO MARCO DE COLABORACI\u00d3N CON EL GREMIO PROVINCIAL DEL COMERCIO DE MUEBLES DE BARCELONA - Grupo SAE","og_description":"Grupo SAE ha firmado un Convenio Marco de Colaboraci\u00f3n con el Gremio Provincial del Comercio de Muebles de Barcelona, el mismo se enmarca dentro del \u00e1mbito [\u2026]","og_url":"https:\/\/gruposae.online\/index.php\/2018\/10\/31\/convenio-marco-de-colaboracion-con-el-gremio-provincial-del-comercio-de-muebles-de-barcelona\/","og_site_name":"Grupo SAE","article_published_time":"2018-10-31T15:23:11+00:00","article_modified_time":"2021-09-17T15:23:59+00:00","og_image":[{"width":1200,"height":748,"url":"https:\/\/gruposae.online\/wp-content\/uploads\/2021\/09\/3749aaa8ee129d7e919bddcc7e09cd36_XL.jpg","type":"image\/jpeg"}],"twitter_card":"summary_large_image","twitter_misc":{"Escrito por":"admin","Tiempo de lectura":"1 minuto"},"schema":{"@context":"https:\/\/schema.org","@graph":[{"@type":"Organization","@id":"https:\/\/gruposae.online\/#organization","name":"Grupo SAE","url":"https:\/\/gruposae.online\/","sameAs":[],"logo":{"@type":"ImageObject","@id":"https:\/\/gruposae.online\/#logo","inLanguage":"es","url":"https:\/\/gruposae.online\/wp-content\/uploads\/2021\/08\/logo-gruposae-header.png","contentUrl":"https:\/\/gruposae.online\/wp-content\/uploads\/2021\/08\/logo-gruposae-header.png","width":335,"height":70,"caption":"Grupo SAE"},"image":{"@id":"https:\/\/gruposae.online\/#logo"}},{"@type":"WebSite","@id":"https:\/\/gruposae.online\/#website","url":"https:\/\/gruposae.online\/","name":"Grupo SAE","description":"","publisher":{"@id":"https:\/\/gruposae.online\/#organization"},"potentialAction":[{"@type":"SearchAction","target":{"@type":"EntryPoint","urlTemplate":"https:\/\/gruposae.online\/?s={search_term_string}"},"query-input":"required name=search_term_string"}],"inLanguage":"es"},{"@type":"ImageObject","@id":"https:\/\/gruposae.online\/index.php\/2018\/10\/31\/convenio-marco-de-colaboracion-con-el-gremio-provincial-del-comercio-de-muebles-de-barcelona\/#primaryimage","inLanguage":"es","url":"https:\/\/gruposae.online\/wp-content\/uploads\/2021\/09\/3749aaa8ee129d7e919bddcc7e09cd36_XL.jpg","contentUrl":"https:\/\/gruposae.online\/wp-content\/uploads\/2021\/09\/3749aaa8ee129d7e919bddcc7e09cd36_XL.jpg","width":1200,"height":748},{"@type":"WebPage","@id":"https:\/\/gruposae.online\/index.php\/2018\/10\/31\/convenio-marco-de-colaboracion-con-el-gremio-provincial-del-comercio-de-muebles-de-barcelona\/#webpage","url":"https:\/\/gruposae.online\/index.php\/2018\/10\/31\/convenio-marco-de-colaboracion-con-el-gremio-provincial-del-comercio-de-muebles-de-barcelona\/","name":"CONVENIO MARCO DE COLABORACI\u00d3N CON EL GREMIO PROVINCIAL DEL COMERCIO DE MUEBLES DE BARCELONA - Grupo SAE","isPartOf":{"@id":"https:\/\/gruposae.online\/#website"},"primaryImageOfPage":{"@id":"https:\/\/gruposae.online\/index.php\/2018\/10\/31\/convenio-marco-de-colaboracion-con-el-gremio-provincial-del-comercio-de-muebles-de-barcelona\/#primaryimage"},"datePublished":"2018-10-31T15:23:11+00:00","dateModified":"2021-09-17T15:23:59+00:00","breadcrumb":{"@id":"https:\/\/gruposae.online\/index.php\/2018\/10\/31\/convenio-marco-de-colaboracion-con-el-gremio-provincial-del-comercio-de-muebles-de-barcelona\/#breadcrumb"},"inLanguage":"es","potentialAction":[{"@type":"ReadAction","target":["https:\/\/gruposae.online\/index.php\/2018\/10\/31\/convenio-marco-de-colaboracion-con-el-gremio-provincial-del-comercio-de-muebles-de-barcelona\/"]}]},{"@type":"BreadcrumbList","@id":"https:\/\/gruposae.online\/index.php\/2018\/10\/31\/convenio-marco-de-colaboracion-con-el-gremio-provincial-del-comercio-de-muebles-de-barcelona\/#breadcrumb","itemListElement":[{"@type":"ListItem","position":1,"name":"Portada","item":"https:\/\/gruposae.online\/"},{"@type":"ListItem","position":2,"name":"CONVENIO MARCO DE COLABORACI\u00d3N CON EL GREMIO PROVINCIAL DEL COMERCIO DE MUEBLES DE BARCELONA"}]},{"@type":"Article","@id":"https:\/\/gruposae.online\/index.php\/2018\/10\/31\/convenio-marco-de-colaboracion-con-el-gremio-provincial-del-comercio-de-muebles-de-barcelona\/#article","isPartOf":{"@id":"https:\/\/gruposae.online\/index.php\/2018\/10\/31\/convenio-marco-de-colaboracion-con-el-gremio-provincial-del-comercio-de-muebles-de-barcelona\/#webpage"},"author":{"@id":"https:\/\/gruposae.online\/#\/schema\/person\/d6fb6dc442a37fce8d62ef76e3d5066e"},"headline":"CONVENIO MARCO DE COLABORACI\u00d3N CON EL GREMIO PROVINCIAL DEL COMERCIO DE MUEBLES DE BARCELONA","datePublished":"2018-10-31T15:23:11+00:00","dateModified":"2021-09-17T15:23:59+00:00","mainEntityOfPage":{"@id":"https:\/\/gruposae.online\/index.php\/2018\/10\/31\/convenio-marco-de-colaboracion-con-el-gremio-provincial-del-comercio-de-muebles-de-barcelona\/#webpage"},"wordCount":132,"commentCount":0,"publisher":{"@id":"https:\/\/gruposae.online\/#organization"},"image":{"@id":"https:\/\/gruposae.online\/index.php\/2018\/10\/31\/convenio-marco-de-colaboracion-con-el-gremio-provincial-del-comercio-de-muebles-de-barcelona\/#primaryimage"},"thumbnailUrl":"https:\/\/gruposae.online\/wp-content\/uploads\/2021\/09\/3749aaa8ee129d7e919bddcc7e09cd36_XL.jpg","articleSection":["Grupo SAE"],"inLanguage":"es","potentialAction":[{"@type":"CommentAction","name":"Comment","target":["https:\/\/gruposae.online\/index.php\/2018\/10\/31\/convenio-marco-de-colaboracion-con-el-gremio-provincial-del-comercio-de-muebles-de-barcelona\/#respond"]}]},{"@type":"Person","@id":"https:\/\/gruposae.online\/#\/schema\/person\/d6fb6dc442a37fce8d62ef76e3d5066e","name":"admin","image":{"@type":"ImageObject","@id":"https:\/\/gruposae.online\/#personlogo","inLanguage":"es","url":"https:\/\/secure.gravatar.com\/avatar\/c46f05e54262093a8296c238813957ed?s=96&d=mm&r=g","contentUrl":"https:\/\/secure.gravatar.com\/avatar\/c46f05e54262093a8296c238813957ed?s=96&d=mm&r=g","caption":"admin"},"sameAs":["https:\/\/gruposae.online"]}]}},"_links":{"self":[{"href":"https:\/\/gruposae.online\/index.php\/wp-json\/wp\/v2\/posts\/378"}],"collection":[{"href":"https:\/\/gruposae.online\/index.php\/wp-json\/wp\/v2\/posts"}],"about":[{"href":"https:\/\/gruposae.online\/index.php\/wp-json\/wp\/v2\/types\/post"}],"author":[{"embeddable":true,"href":"https:\/\/gruposae.online\/index.php\/wp-json\/wp\/v2\/users\/1"}],"replies":[{"embeddable":true,"href":"https:\/\/gruposae.online\/index.php\/wp-json\/wp\/v2\/comments?post=378"}],"version-history":[{"count":1,"href":"https:\/\/gruposae.online\/index.php\/wp-json\/wp\/v2\/posts\/378\/revisions"}],"predecessor-version":[{"id":380,"href":"https:\/\/gruposae.online\/index.php\/wp-json\/wp\/v2\/posts\/378\/revisions\/380"}],"wp:featuredmedia":[{"embeddable":true,"href":"https:\/\/gruposae.online\/index.php\/wp-json\/wp\/v2\/media\/379"}],"wp:attachment":[{"href":"https:\/\/gruposae.online\/index.php\/wp-json\/wp\/v2\/media?parent=378"}],"wp:term":[{"taxonomy":"category","embeddable":true,"href":"https:\/\/gruposae.online\/index.php\/wp-json\/wp\/v2\/categories?post=378"},{"taxonomy":"post_tag","embeddable":true,"href":"https:\/\/gruposae.online\/index.php\/wp-json\/wp\/v2\/tags?post=378"}],"curies":[{"name":"wp","href":"https:\/\/api.w.org\/{rel}","templated":true}]}}