{"id":397,"date":"2018-07-11T15:30:11","date_gmt":"2018-07-11T15:30:11","guid":{"rendered":"https:\/\/gruposae.online\/?p=397"},"modified":"2021-09-17T15:30:56","modified_gmt":"2021-09-17T15:30:56","slug":"el-centro-de-formacion-juan-varela-inicia-su-actividad-docente-en-ciclos-de-grado-medio-y-superior","status":"publish","type":"post","link":"https:\/\/gruposae.online\/index.php\/2018\/07\/11\/el-centro-de-formacion-juan-varela-inicia-su-actividad-docente-en-ciclos-de-grado-medio-y-superior\/","title":{"rendered":"EL CENTRO DE FORMACI\u00d3N JUAN VARELA INICIA SU ACTIVIDAD DOCENTE EN CICLOS DE GRADO MEDIO Y SUPERIOR"},"content":{"rendered":"<p>La concejal de Educaci\u00f3n, Encarnaci\u00f3n Camacho, ha visitado las instalaciones del nuevo centro privado de Formaci\u00f3n Profesional Juan Valera con motivo del inicio de la actividad docente el pr\u00f3ximo curso escolar mediante la oferta de tres ciclos formativos: T\u00e9cnico en Gesti\u00f3n<\/p>\n<p>Administrativa (grado medio), T\u00e9cnico en Actividades Comerciales (grado medio) y T\u00e9cnico Superior en Administraciones y Finanzas (grado superior).<\/p>\n<p>Tras la aprobaci\u00f3n concedida por la Consejer\u00eda de Educaci\u00f3n, el centro Juan Valera inicia en septiembre la actividad docente presencial con tres ciclos formativos expedidos con t\u00edtulo oficial de la propia consejer\u00eda y con un plan de estudios orientado a la formaci\u00f3n del alumnado, con m\u00f3dulos pr\u00e1cticos, respecto a las necesidades del entorno laboral m\u00e1s cercano.<\/p>\n<p>&nbsp;<\/p>\n<p>En su visita a las nuevas instalaciones, ubicadas de forma anexa a la sede del Grupo SAE, en el pol\u00edgono Los Polvillares, Encarnaci\u00f3n Camacho ha tendido la oportunidad de conocer, junto al director general de la entidad, Antonio Toro, parte del equipo docente que ultima los contenidos a impartir durante el pr\u00f3ximo curso escolar con una oferta acad\u00e9mica que supera el centenar de plazas.<\/p>\n<p>La titular de Educaci\u00f3n ha valorado que \u00abdesde el \u00e1mbito privado se apueste por la formaci\u00f3n como un sector productivo que en Lucena genera empleo\u00bb, de ah\u00ed que \u00aben nombre del ayuntamiento agradezca el esfuerzo del Grupo SAE por iniciar nuevas l\u00edneas de trabajo que siempre que tengan que ver con la educaci\u00f3n, responden al objetivo de ampliar las oportunidades, principalmente, de nuestros j\u00f3venes\u00bb.<\/p>\n<p>Para Encarnaci\u00f3n Camacho, la puesta en marcha del Centro de Formaci\u00f3n Juan Valera se entiende como \u00abun complemento\u00bb a la oferta educativa p\u00fablica que se realiza desde los institutos de secundaria de Lucena y asegura que \u00abesta iniciativa cuenta para el alumnado con todas las garant\u00edas de la Consejer\u00eda de Educaci\u00f3n\u00bb, cuyo sistema de becas, al igual que el del Ministerio, tambi\u00e9n est\u00e1 abierto a quienes opten por formarse a trav\u00e9s de esta v\u00eda privada.<\/p>\n<p>Por su parte, Antonio Toro ha querido destacar \u00abla ilusi\u00f3n\u00bb con la que el Grupo SAE afronta este nuevo reto educativo tras m\u00e1s de tres d\u00e9cadas de experiencia en el sector y con una plantilla laboral que en estos momentos supera las 60 personas. \u00abLa formaci\u00f3n DUAL, aquella que pone en contacto directo al alumno con las empresas -comenta el director general- se revela como una de las opciones educativas con mayor proyecci\u00f3n de futuro y con esa filosof\u00eda inicia su actividad el Centro Juan Valera\u00bb, que mantiene abierto el periodo de matriculaci\u00f3n de cara al curso escolar 2018-19.<\/p>\n","protected":false},"excerpt":{"rendered":"<p>La concejal de Educaci\u00f3n, Encarnaci\u00f3n Camacho, ha visitado las instalaciones del nuevo centro privado de Formaci\u00f3n Profesional Juan Valera con motivo del inicio de la actividad<span class=\"excerpt-hellip\"> [\u2026]<\/span><\/p>\n","protected":false},"author":1,"featured_media":398,"comment_status":"open","ping_status":"open","sticky":false,"template":"","format":"standard","meta":[],"categories":[1],"tags":[],"yoast_head":"<!-- This site is optimized with the Yoast SEO plugin v17.3 - https:\/\/yoast.com\/wordpress\/plugins\/seo\/ -->\n<title>EL CENTRO DE FORMACI\u00d3N JUAN VARELA INICIA SU ACTIVIDAD DOCENTE EN CICLOS DE GRADO MEDIO Y SUPERIOR - Grupo SAE<\/title>\n<meta name=\"robots\" content=\"index, follow, max-snippet:-1, max-image-preview:large, max-video-preview:-1\" \/>\n<link rel=\"canonical\" href=\"https:\/\/gruposae.online\/index.php\/2018\/07\/11\/el-centro-de-formacion-juan-varela-inicia-su-actividad-docente-en-ciclos-de-grado-medio-y-superior\/\" \/>\n<meta property=\"og:locale\" content=\"es_ES\" \/>\n<meta property=\"og:type\" content=\"article\" \/>\n<meta property=\"og:title\" content=\"EL CENTRO DE FORMACI\u00d3N JUAN VARELA INICIA SU ACTIVIDAD DOCENTE EN CICLOS DE GRADO MEDIO Y SUPERIOR - Grupo SAE\" \/>\n<meta property=\"og:description\" content=\"La concejal de Educaci\u00f3n, Encarnaci\u00f3n Camacho, ha visitado las instalaciones del nuevo centro privado de Formaci\u00f3n Profesional Juan Valera con motivo del inicio de la actividad [\u2026]\" \/>\n<meta property=\"og:url\" content=\"https:\/\/gruposae.online\/index.php\/2018\/07\/11\/el-centro-de-formacion-juan-varela-inicia-su-actividad-docente-en-ciclos-de-grado-medio-y-superior\/\" \/>\n<meta property=\"og:site_name\" content=\"Grupo SAE\" \/>\n<meta property=\"article:published_time\" content=\"2018-07-11T15:30:11+00:00\" \/>\n<meta property=\"article:modified_time\" content=\"2021-09-17T15:30:56+00:00\" \/>\n<meta property=\"og:image\" content=\"https:\/\/gruposae.online\/wp-content\/uploads\/2021\/09\/be28adfff47893c4519c1307dc6b8866_XL.jpg\" \/>\n\t<meta property=\"og:image:width\" content=\"1200\" \/>\n\t<meta property=\"og:image:height\" content=\"748\" \/>\n<meta name=\"twitter:card\" content=\"summary_large_image\" \/>\n<meta name=\"twitter:label1\" content=\"Escrito por\" \/>\n\t<meta name=\"twitter:data1\" content=\"admin\" \/>\n\t<meta name=\"twitter:label2\" content=\"Tiempo de lectura\" \/>\n\t<meta name=\"twitter:data2\" content=\"2 minutos\" \/>\n<script type=\"application\/ld+json\" class=\"yoast-schema-graph\">{\"@context\":\"https:\/\/schema.org\",\"@graph\":[{\"@type\":\"Organization\",\"@id\":\"https:\/\/gruposae.online\/#organization\",\"name\":\"Grupo SAE\",\"url\":\"https:\/\/gruposae.online\/\",\"sameAs\":[],\"logo\":{\"@type\":\"ImageObject\",\"@id\":\"https:\/\/gruposae.online\/#logo\",\"inLanguage\":\"es\",\"url\":\"https:\/\/gruposae.online\/wp-content\/uploads\/2021\/08\/logo-gruposae-header.png\",\"contentUrl\":\"https:\/\/gruposae.online\/wp-content\/uploads\/2021\/08\/logo-gruposae-header.png\",\"width\":335,\"height\":70,\"caption\":\"Grupo SAE\"},\"image\":{\"@id\":\"https:\/\/gruposae.online\/#logo\"}},{\"@type\":\"WebSite\",\"@id\":\"https:\/\/gruposae.online\/#website\",\"url\":\"https:\/\/gruposae.online\/\",\"name\":\"Grupo SAE\",\"description\":\"\",\"publisher\":{\"@id\":\"https:\/\/gruposae.online\/#organization\"},\"potentialAction\":[{\"@type\":\"SearchAction\",\"target\":{\"@type\":\"EntryPoint\",\"urlTemplate\":\"https:\/\/gruposae.online\/?s={search_term_string}\"},\"query-input\":\"required name=search_term_string\"}],\"inLanguage\":\"es\"},{\"@type\":\"ImageObject\",\"@id\":\"https:\/\/gruposae.online\/index.php\/2018\/07\/11\/el-centro-de-formacion-juan-varela-inicia-su-actividad-docente-en-ciclos-de-grado-medio-y-superior\/#primaryimage\",\"inLanguage\":\"es\",\"url\":\"https:\/\/gruposae.online\/wp-content\/uploads\/2021\/09\/be28adfff47893c4519c1307dc6b8866_XL.jpg\",\"contentUrl\":\"https:\/\/gruposae.online\/wp-content\/uploads\/2021\/09\/be28adfff47893c4519c1307dc6b8866_XL.jpg\",\"width\":1200,\"height\":748},{\"@type\":\"WebPage\",\"@id\":\"https:\/\/gruposae.online\/index.php\/2018\/07\/11\/el-centro-de-formacion-juan-varela-inicia-su-actividad-docente-en-ciclos-de-grado-medio-y-superior\/#webpage\",\"url\":\"https:\/\/gruposae.online\/index.php\/2018\/07\/11\/el-centro-de-formacion-juan-varela-inicia-su-actividad-docente-en-ciclos-de-grado-medio-y-superior\/\",\"name\":\"EL CENTRO DE FORMACI\\u00d3N JUAN VARELA INICIA SU ACTIVIDAD DOCENTE EN CICLOS DE GRADO MEDIO Y SUPERIOR - Grupo SAE\",\"isPartOf\":{\"@id\":\"https:\/\/gruposae.online\/#website\"},\"primaryImageOfPage\":{\"@id\":\"https:\/\/gruposae.online\/index.php\/2018\/07\/11\/el-centro-de-formacion-juan-varela-inicia-su-actividad-docente-en-ciclos-de-grado-medio-y-superior\/#primaryimage\"},\"datePublished\":\"2018-07-11T15:30:11+00:00\",\"dateModified\":\"2021-09-17T15:30:56+00:00\",\"breadcrumb\":{\"@id\":\"https:\/\/gruposae.online\/index.php\/2018\/07\/11\/el-centro-de-formacion-juan-varela-inicia-su-actividad-docente-en-ciclos-de-grado-medio-y-superior\/#breadcrumb\"},\"inLanguage\":\"es\",\"potentialAction\":[{\"@type\":\"ReadAction\",\"target\":[\"https:\/\/gruposae.online\/index.php\/2018\/07\/11\/el-centro-de-formacion-juan-varela-inicia-su-actividad-docente-en-ciclos-de-grado-medio-y-superior\/\"]}]},{\"@type\":\"BreadcrumbList\",\"@id\":\"https:\/\/gruposae.online\/index.php\/2018\/07\/11\/el-centro-de-formacion-juan-varela-inicia-su-actividad-docente-en-ciclos-de-grado-medio-y-superior\/#breadcrumb\",\"itemListElement\":[{\"@type\":\"ListItem\",\"position\":1,\"name\":\"Portada\",\"item\":\"https:\/\/gruposae.online\/\"},{\"@type\":\"ListItem\",\"position\":2,\"name\":\"EL CENTRO DE FORMACI\\u00d3N JUAN VARELA INICIA SU ACTIVIDAD DOCENTE EN CICLOS DE GRADO MEDIO Y SUPERIOR\"}]},{\"@type\":\"Article\",\"@id\":\"https:\/\/gruposae.online\/index.php\/2018\/07\/11\/el-centro-de-formacion-juan-varela-inicia-su-actividad-docente-en-ciclos-de-grado-medio-y-superior\/#article\",\"isPartOf\":{\"@id\":\"https:\/\/gruposae.online\/index.php\/2018\/07\/11\/el-centro-de-formacion-juan-varela-inicia-su-actividad-docente-en-ciclos-de-grado-medio-y-superior\/#webpage\"},\"author\":{\"@id\":\"https:\/\/gruposae.online\/#\/schema\/person\/d6fb6dc442a37fce8d62ef76e3d5066e\"},\"headline\":\"EL CENTRO DE FORMACI\\u00d3N JUAN VARELA INICIA SU ACTIVIDAD DOCENTE EN CICLOS DE GRADO MEDIO Y SUPERIOR\",\"datePublished\":\"2018-07-11T15:30:11+00:00\",\"dateModified\":\"2021-09-17T15:30:56+00:00\",\"mainEntityOfPage\":{\"@id\":\"https:\/\/gruposae.online\/index.php\/2018\/07\/11\/el-centro-de-formacion-juan-varela-inicia-su-actividad-docente-en-ciclos-de-grado-medio-y-superior\/#webpage\"},\"wordCount\":477,\"commentCount\":0,\"publisher\":{\"@id\":\"https:\/\/gruposae.online\/#organization\"},\"image\":{\"@id\":\"https:\/\/gruposae.online\/index.php\/2018\/07\/11\/el-centro-de-formacion-juan-varela-inicia-su-actividad-docente-en-ciclos-de-grado-medio-y-superior\/#primaryimage\"},\"thumbnailUrl\":\"https:\/\/gruposae.online\/wp-content\/uploads\/2021\/09\/be28adfff47893c4519c1307dc6b8866_XL.jpg\",\"articleSection\":[\"Grupo SAE\"],\"inLanguage\":\"es\",\"potentialAction\":[{\"@type\":\"CommentAction\",\"name\":\"Comment\",\"target\":[\"https:\/\/gruposae.online\/index.php\/2018\/07\/11\/el-centro-de-formacion-juan-varela-inicia-su-actividad-docente-en-ciclos-de-grado-medio-y-superior\/#respond\"]}]},{\"@type\":\"Person\",\"@id\":\"https:\/\/gruposae.online\/#\/schema\/person\/d6fb6dc442a37fce8d62ef76e3d5066e\",\"name\":\"admin\",\"image\":{\"@type\":\"ImageObject\",\"@id\":\"https:\/\/gruposae.online\/#personlogo\",\"inLanguage\":\"es\",\"url\":\"https:\/\/secure.gravatar.com\/avatar\/c46f05e54262093a8296c238813957ed?s=96&d=mm&r=g\",\"contentUrl\":\"https:\/\/secure.gravatar.com\/avatar\/c46f05e54262093a8296c238813957ed?s=96&d=mm&r=g\",\"caption\":\"admin\"},\"sameAs\":[\"https:\/\/gruposae.online\"]}]}<\/script>\n<!-- \/ Yoast SEO plugin. -->","yoast_head_json":{"title":"EL CENTRO DE FORMACI\u00d3N JUAN VARELA INICIA SU ACTIVIDAD DOCENTE EN CICLOS DE GRADO MEDIO Y SUPERIOR - Grupo SAE","robots":{"index":"index","follow":"follow","max-snippet":"max-snippet:-1","max-image-preview":"max-image-preview:large","max-video-preview":"max-video-preview:-1"},"canonical":"https:\/\/gruposae.online\/index.php\/2018\/07\/11\/el-centro-de-formacion-juan-varela-inicia-su-actividad-docente-en-ciclos-de-grado-medio-y-superior\/","og_locale":"es_ES","og_type":"article","og_title":"EL CENTRO DE FORMACI\u00d3N JUAN VARELA INICIA SU ACTIVIDAD DOCENTE EN CICLOS DE GRADO MEDIO Y SUPERIOR - Grupo SAE","og_description":"La concejal de Educaci\u00f3n, Encarnaci\u00f3n Camacho, ha visitado las instalaciones del nuevo centro privado de Formaci\u00f3n Profesional Juan Valera con motivo del inicio de la actividad [\u2026]","og_url":"https:\/\/gruposae.online\/index.php\/2018\/07\/11\/el-centro-de-formacion-juan-varela-inicia-su-actividad-docente-en-ciclos-de-grado-medio-y-superior\/","og_site_name":"Grupo SAE","article_published_time":"2018-07-11T15:30:11+00:00","article_modified_time":"2021-09-17T15:30:56+00:00","og_image":[{"width":1200,"height":748,"url":"https:\/\/gruposae.online\/wp-content\/uploads\/2021\/09\/be28adfff47893c4519c1307dc6b8866_XL.jpg","type":"image\/jpeg"}],"twitter_card":"summary_large_image","twitter_misc":{"Escrito por":"admin","Tiempo de lectura":"2 minutos"},"schema":{"@context":"https:\/\/schema.org","@graph":[{"@type":"Organization","@id":"https:\/\/gruposae.online\/#organization","name":"Grupo SAE","url":"https:\/\/gruposae.online\/","sameAs":[],"logo":{"@type":"ImageObject","@id":"https:\/\/gruposae.online\/#logo","inLanguage":"es","url":"https:\/\/gruposae.online\/wp-content\/uploads\/2021\/08\/logo-gruposae-header.png","contentUrl":"https:\/\/gruposae.online\/wp-content\/uploads\/2021\/08\/logo-gruposae-header.png","width":335,"height":70,"caption":"Grupo SAE"},"image":{"@id":"https:\/\/gruposae.online\/#logo"}},{"@type":"WebSite","@id":"https:\/\/gruposae.online\/#website","url":"https:\/\/gruposae.online\/","name":"Grupo SAE","description":"","publisher":{"@id":"https:\/\/gruposae.online\/#organization"},"potentialAction":[{"@type":"SearchAction","target":{"@type":"EntryPoint","urlTemplate":"https:\/\/gruposae.online\/?s={search_term_string}"},"query-input":"required name=search_term_string"}],"inLanguage":"es"},{"@type":"ImageObject","@id":"https:\/\/gruposae.online\/index.php\/2018\/07\/11\/el-centro-de-formacion-juan-varela-inicia-su-actividad-docente-en-ciclos-de-grado-medio-y-superior\/#primaryimage","inLanguage":"es","url":"https:\/\/gruposae.online\/wp-content\/uploads\/2021\/09\/be28adfff47893c4519c1307dc6b8866_XL.jpg","contentUrl":"https:\/\/gruposae.online\/wp-content\/uploads\/2021\/09\/be28adfff47893c4519c1307dc6b8866_XL.jpg","width":1200,"height":748},{"@type":"WebPage","@id":"https:\/\/gruposae.online\/index.php\/2018\/07\/11\/el-centro-de-formacion-juan-varela-inicia-su-actividad-docente-en-ciclos-de-grado-medio-y-superior\/#webpage","url":"https:\/\/gruposae.online\/index.php\/2018\/07\/11\/el-centro-de-formacion-juan-varela-inicia-su-actividad-docente-en-ciclos-de-grado-medio-y-superior\/","name":"EL CENTRO DE FORMACI\u00d3N JUAN VARELA INICIA SU ACTIVIDAD DOCENTE EN CICLOS DE GRADO MEDIO Y SUPERIOR - Grupo SAE","isPartOf":{"@id":"https:\/\/gruposae.online\/#website"},"primaryImageOfPage":{"@id":"https:\/\/gruposae.online\/index.php\/2018\/07\/11\/el-centro-de-formacion-juan-varela-inicia-su-actividad-docente-en-ciclos-de-grado-medio-y-superior\/#primaryimage"},"datePublished":"2018-07-11T15:30:11+00:00","dateModified":"2021-09-17T15:30:56+00:00","breadcrumb":{"@id":"https:\/\/gruposae.online\/index.php\/2018\/07\/11\/el-centro-de-formacion-juan-varela-inicia-su-actividad-docente-en-ciclos-de-grado-medio-y-superior\/#breadcrumb"},"inLanguage":"es","potentialAction":[{"@type":"ReadAction","target":["https:\/\/gruposae.online\/index.php\/2018\/07\/11\/el-centro-de-formacion-juan-varela-inicia-su-actividad-docente-en-ciclos-de-grado-medio-y-superior\/"]}]},{"@type":"BreadcrumbList","@id":"https:\/\/gruposae.online\/index.php\/2018\/07\/11\/el-centro-de-formacion-juan-varela-inicia-su-actividad-docente-en-ciclos-de-grado-medio-y-superior\/#breadcrumb","itemListElement":[{"@type":"ListItem","position":1,"name":"Portada","item":"https:\/\/gruposae.online\/"},{"@type":"ListItem","position":2,"name":"EL CENTRO DE FORMACI\u00d3N JUAN VARELA INICIA SU ACTIVIDAD DOCENTE EN CICLOS DE GRADO MEDIO Y SUPERIOR"}]},{"@type":"Article","@id":"https:\/\/gruposae.online\/index.php\/2018\/07\/11\/el-centro-de-formacion-juan-varela-inicia-su-actividad-docente-en-ciclos-de-grado-medio-y-superior\/#article","isPartOf":{"@id":"https:\/\/gruposae.online\/index.php\/2018\/07\/11\/el-centro-de-formacion-juan-varela-inicia-su-actividad-docente-en-ciclos-de-grado-medio-y-superior\/#webpage"},"author":{"@id":"https:\/\/gruposae.online\/#\/schema\/person\/d6fb6dc442a37fce8d62ef76e3d5066e"},"headline":"EL CENTRO DE FORMACI\u00d3N JUAN VARELA INICIA SU ACTIVIDAD DOCENTE EN CICLOS DE GRADO MEDIO Y SUPERIOR","datePublished":"2018-07-11T15:30:11+00:00","dateModified":"2021-09-17T15:30:56+00:00","mainEntityOfPage":{"@id":"https:\/\/gruposae.online\/index.php\/2018\/07\/11\/el-centro-de-formacion-juan-varela-inicia-su-actividad-docente-en-ciclos-de-grado-medio-y-superior\/#webpage"},"wordCount":477,"commentCount":0,"publisher":{"@id":"https:\/\/gruposae.online\/#organization"},"image":{"@id":"https:\/\/gruposae.online\/index.php\/2018\/07\/11\/el-centro-de-formacion-juan-varela-inicia-su-actividad-docente-en-ciclos-de-grado-medio-y-superior\/#primaryimage"},"thumbnailUrl":"https:\/\/gruposae.online\/wp-content\/uploads\/2021\/09\/be28adfff47893c4519c1307dc6b8866_XL.jpg","articleSection":["Grupo SAE"],"inLanguage":"es","potentialAction":[{"@type":"CommentAction","name":"Comment","target":["https:\/\/gruposae.online\/index.php\/2018\/07\/11\/el-centro-de-formacion-juan-varela-inicia-su-actividad-docente-en-ciclos-de-grado-medio-y-superior\/#respond"]}]},{"@type":"Person","@id":"https:\/\/gruposae.online\/#\/schema\/person\/d6fb6dc442a37fce8d62ef76e3d5066e","name":"admin","image":{"@type":"ImageObject","@id":"https:\/\/gruposae.online\/#personlogo","inLanguage":"es","url":"https:\/\/secure.gravatar.com\/avatar\/c46f05e54262093a8296c238813957ed?s=96&d=mm&r=g","contentUrl":"https:\/\/secure.gravatar.com\/avatar\/c46f05e54262093a8296c238813957ed?s=96&d=mm&r=g","caption":"admin"},"sameAs":["https:\/\/gruposae.online"]}]}},"_links":{"self":[{"href":"https:\/\/gruposae.online\/index.php\/wp-json\/wp\/v2\/posts\/397"}],"collection":[{"href":"https:\/\/gruposae.online\/index.php\/wp-json\/wp\/v2\/posts"}],"about":[{"href":"https:\/\/gruposae.online\/index.php\/wp-json\/wp\/v2\/types\/post"}],"author":[{"embeddable":true,"href":"https:\/\/gruposae.online\/index.php\/wp-json\/wp\/v2\/users\/1"}],"replies":[{"embeddable":true,"href":"https:\/\/gruposae.online\/index.php\/wp-json\/wp\/v2\/comments?post=397"}],"version-history":[{"count":1,"href":"https:\/\/gruposae.online\/index.php\/wp-json\/wp\/v2\/posts\/397\/revisions"}],"predecessor-version":[{"id":399,"href":"https:\/\/gruposae.online\/index.php\/wp-json\/wp\/v2\/posts\/397\/revisions\/399"}],"wp:featuredmedia":[{"embeddable":true,"href":"https:\/\/gruposae.online\/index.php\/wp-json\/wp\/v2\/media\/398"}],"wp:attachment":[{"href":"https:\/\/gruposae.online\/index.php\/wp-json\/wp\/v2\/media?parent=397"}],"wp:term":[{"taxonomy":"category","embeddable":true,"href":"https:\/\/gruposae.online\/index.php\/wp-json\/wp\/v2\/categories?post=397"},{"taxonomy":"post_tag","embeddable":true,"href":"https:\/\/gruposae.online\/index.php\/wp-json\/wp\/v2\/tags?post=397"}],"curies":[{"name":"wp","href":"https:\/\/api.w.org\/{rel}","templated":true}]}}