{"id":403,"date":"2018-04-26T15:32:51","date_gmt":"2018-04-26T15:32:51","guid":{"rendered":"https:\/\/gruposae.online\/?p=403"},"modified":"2021-09-17T15:33:34","modified_gmt":"2021-09-17T15:33:34","slug":"uneba-firma-un-acuerdo-con-el-grupo-sae-para-fomentar-la-formacion-para-el-empleo","status":"publish","type":"post","link":"https:\/\/gruposae.online\/index.php\/2018\/04\/26\/uneba-firma-un-acuerdo-con-el-grupo-sae-para-fomentar-la-formacion-para-el-empleo\/","title":{"rendered":"UNEBA FIRMA UN ACUERDO CON EL GRUPO SAE PARA FOMENTAR LA FORMACI\u00d3N PARA EL EMPLEO"},"content":{"rendered":"<p>En este sentido, el presidente de Uneba, Francisco Serrano, mostr\u00f3 su satisfacci\u00f3n ya que se trata de un acuerdo \u201cmuy importante\u201d que va a permitir a los socios, principalmente a los aut\u00f3nomos y personas con empleo, poder realizar diferentes cursos en relaci\u00f3n al comercio que les permita mejorar en sus negocios.<\/p>\n<p>De otro lado, el director general del Grupo SAE, Antonio Toro, se\u00f1al\u00f3 que \u201cse basa en todo lo que es el \u00e1mbito de formaci\u00f3n para el empleo y en el \u00e1mbito educativo ya que este grupo est\u00e1 tambi\u00e9n en disposici\u00f3n de ofrecer ciclos formativos online y presenciales\u201d.<\/p>\n<p>Asimismo, Toro insisti\u00f3 en que se va a trabajar con Uneba especialmente dentro de la l\u00ednea de formaci\u00f3n para ocupados y aut\u00f3nomos y se ha planteado la opci\u00f3n de ofrecer planes de formaci\u00f3n a nivel nacional. Se trata de un plan dirigido a trabajadores del sector del comercio e incide mucho en las nuevas tecnolog\u00edas, con cinco acciones formativas que suman un total de 90 horas y que se pueden hacer con tele formaci\u00f3n para poder conciliar la vida laboral y la profesional.<\/p>\n<p>El Grupo SAE es un centro acreditado por el SEPE para la formaci\u00f3n te\u00f3rica de los Contratos de Formaci\u00f3n, donde m\u00e1s de 10.000 alumnos se han formado a trav\u00e9s de esta modalidad de contrataci\u00f3n. El director general de SAE, destac\u00f3 la importancia de llevar a cabo esta formaci\u00f3n y subray\u00f3 que todas los cursos son gratuitos.<\/p>\n","protected":false},"excerpt":{"rendered":"<p>En este sentido, el presidente de Uneba, Francisco Serrano, mostr\u00f3 su satisfacci\u00f3n ya que se trata de un acuerdo \u201cmuy importante\u201d que va a permitir a<span class=\"excerpt-hellip\"> [\u2026]<\/span><\/p>\n","protected":false},"author":1,"featured_media":404,"comment_status":"open","ping_status":"open","sticky":false,"template":"","format":"standard","meta":[],"categories":[1],"tags":[],"yoast_head":"<!-- This site is optimized with the Yoast SEO plugin v17.3 - https:\/\/yoast.com\/wordpress\/plugins\/seo\/ -->\n<title>UNEBA FIRMA UN ACUERDO CON EL GRUPO SAE PARA FOMENTAR LA FORMACI\u00d3N PARA EL EMPLEO - Grupo SAE<\/title>\n<meta name=\"robots\" content=\"index, follow, max-snippet:-1, max-image-preview:large, max-video-preview:-1\" \/>\n<link rel=\"canonical\" href=\"https:\/\/gruposae.online\/index.php\/2018\/04\/26\/uneba-firma-un-acuerdo-con-el-grupo-sae-para-fomentar-la-formacion-para-el-empleo\/\" \/>\n<meta property=\"og:locale\" content=\"es_ES\" \/>\n<meta property=\"og:type\" content=\"article\" \/>\n<meta property=\"og:title\" content=\"UNEBA FIRMA UN ACUERDO CON EL GRUPO SAE PARA FOMENTAR LA FORMACI\u00d3N PARA EL EMPLEO - Grupo SAE\" \/>\n<meta property=\"og:description\" content=\"En este sentido, el presidente de Uneba, Francisco Serrano, mostr\u00f3 su satisfacci\u00f3n ya que se trata de un acuerdo \u201cmuy importante\u201d que va a permitir a [\u2026]\" \/>\n<meta property=\"og:url\" content=\"https:\/\/gruposae.online\/index.php\/2018\/04\/26\/uneba-firma-un-acuerdo-con-el-grupo-sae-para-fomentar-la-formacion-para-el-empleo\/\" \/>\n<meta property=\"og:site_name\" content=\"Grupo SAE\" \/>\n<meta property=\"article:published_time\" content=\"2018-04-26T15:32:51+00:00\" \/>\n<meta property=\"article:modified_time\" content=\"2021-09-17T15:33:34+00:00\" \/>\n<meta property=\"og:image\" content=\"https:\/\/gruposae.online\/wp-content\/uploads\/2021\/09\/c3997142576e6f4d163ead570965368d_XL.jpg\" \/>\n\t<meta property=\"og:image:width\" content=\"1200\" \/>\n\t<meta property=\"og:image:height\" content=\"748\" \/>\n<meta name=\"twitter:card\" content=\"summary_large_image\" \/>\n<meta name=\"twitter:label1\" content=\"Escrito por\" \/>\n\t<meta name=\"twitter:data1\" content=\"admin\" \/>\n\t<meta name=\"twitter:label2\" content=\"Tiempo de lectura\" \/>\n\t<meta name=\"twitter:data2\" content=\"1 minuto\" \/>\n<script type=\"application\/ld+json\" class=\"yoast-schema-graph\">{\"@context\":\"https:\/\/schema.org\",\"@graph\":[{\"@type\":\"Organization\",\"@id\":\"https:\/\/gruposae.online\/#organization\",\"name\":\"Grupo SAE\",\"url\":\"https:\/\/gruposae.online\/\",\"sameAs\":[],\"logo\":{\"@type\":\"ImageObject\",\"@id\":\"https:\/\/gruposae.online\/#logo\",\"inLanguage\":\"es\",\"url\":\"https:\/\/gruposae.online\/wp-content\/uploads\/2021\/08\/logo-gruposae-header.png\",\"contentUrl\":\"https:\/\/gruposae.online\/wp-content\/uploads\/2021\/08\/logo-gruposae-header.png\",\"width\":335,\"height\":70,\"caption\":\"Grupo SAE\"},\"image\":{\"@id\":\"https:\/\/gruposae.online\/#logo\"}},{\"@type\":\"WebSite\",\"@id\":\"https:\/\/gruposae.online\/#website\",\"url\":\"https:\/\/gruposae.online\/\",\"name\":\"Grupo SAE\",\"description\":\"\",\"publisher\":{\"@id\":\"https:\/\/gruposae.online\/#organization\"},\"potentialAction\":[{\"@type\":\"SearchAction\",\"target\":{\"@type\":\"EntryPoint\",\"urlTemplate\":\"https:\/\/gruposae.online\/?s={search_term_string}\"},\"query-input\":\"required name=search_term_string\"}],\"inLanguage\":\"es\"},{\"@type\":\"ImageObject\",\"@id\":\"https:\/\/gruposae.online\/index.php\/2018\/04\/26\/uneba-firma-un-acuerdo-con-el-grupo-sae-para-fomentar-la-formacion-para-el-empleo\/#primaryimage\",\"inLanguage\":\"es\",\"url\":\"https:\/\/gruposae.online\/wp-content\/uploads\/2021\/09\/c3997142576e6f4d163ead570965368d_XL.jpg\",\"contentUrl\":\"https:\/\/gruposae.online\/wp-content\/uploads\/2021\/09\/c3997142576e6f4d163ead570965368d_XL.jpg\",\"width\":1200,\"height\":748},{\"@type\":\"WebPage\",\"@id\":\"https:\/\/gruposae.online\/index.php\/2018\/04\/26\/uneba-firma-un-acuerdo-con-el-grupo-sae-para-fomentar-la-formacion-para-el-empleo\/#webpage\",\"url\":\"https:\/\/gruposae.online\/index.php\/2018\/04\/26\/uneba-firma-un-acuerdo-con-el-grupo-sae-para-fomentar-la-formacion-para-el-empleo\/\",\"name\":\"UNEBA FIRMA UN ACUERDO CON EL GRUPO SAE PARA FOMENTAR LA FORMACI\\u00d3N PARA EL EMPLEO - Grupo SAE\",\"isPartOf\":{\"@id\":\"https:\/\/gruposae.online\/#website\"},\"primaryImageOfPage\":{\"@id\":\"https:\/\/gruposae.online\/index.php\/2018\/04\/26\/uneba-firma-un-acuerdo-con-el-grupo-sae-para-fomentar-la-formacion-para-el-empleo\/#primaryimage\"},\"datePublished\":\"2018-04-26T15:32:51+00:00\",\"dateModified\":\"2021-09-17T15:33:34+00:00\",\"breadcrumb\":{\"@id\":\"https:\/\/gruposae.online\/index.php\/2018\/04\/26\/uneba-firma-un-acuerdo-con-el-grupo-sae-para-fomentar-la-formacion-para-el-empleo\/#breadcrumb\"},\"inLanguage\":\"es\",\"potentialAction\":[{\"@type\":\"ReadAction\",\"target\":[\"https:\/\/gruposae.online\/index.php\/2018\/04\/26\/uneba-firma-un-acuerdo-con-el-grupo-sae-para-fomentar-la-formacion-para-el-empleo\/\"]}]},{\"@type\":\"BreadcrumbList\",\"@id\":\"https:\/\/gruposae.online\/index.php\/2018\/04\/26\/uneba-firma-un-acuerdo-con-el-grupo-sae-para-fomentar-la-formacion-para-el-empleo\/#breadcrumb\",\"itemListElement\":[{\"@type\":\"ListItem\",\"position\":1,\"name\":\"Portada\",\"item\":\"https:\/\/gruposae.online\/\"},{\"@type\":\"ListItem\",\"position\":2,\"name\":\"UNEBA FIRMA UN ACUERDO CON EL GRUPO SAE PARA FOMENTAR LA FORMACI\\u00d3N PARA EL EMPLEO\"}]},{\"@type\":\"Article\",\"@id\":\"https:\/\/gruposae.online\/index.php\/2018\/04\/26\/uneba-firma-un-acuerdo-con-el-grupo-sae-para-fomentar-la-formacion-para-el-empleo\/#article\",\"isPartOf\":{\"@id\":\"https:\/\/gruposae.online\/index.php\/2018\/04\/26\/uneba-firma-un-acuerdo-con-el-grupo-sae-para-fomentar-la-formacion-para-el-empleo\/#webpage\"},\"author\":{\"@id\":\"https:\/\/gruposae.online\/#\/schema\/person\/d6fb6dc442a37fce8d62ef76e3d5066e\"},\"headline\":\"UNEBA FIRMA UN ACUERDO CON EL GRUPO SAE PARA FOMENTAR LA FORMACI\\u00d3N PARA EL EMPLEO\",\"datePublished\":\"2018-04-26T15:32:51+00:00\",\"dateModified\":\"2021-09-17T15:33:34+00:00\",\"mainEntityOfPage\":{\"@id\":\"https:\/\/gruposae.online\/index.php\/2018\/04\/26\/uneba-firma-un-acuerdo-con-el-grupo-sae-para-fomentar-la-formacion-para-el-empleo\/#webpage\"},\"wordCount\":272,\"commentCount\":0,\"publisher\":{\"@id\":\"https:\/\/gruposae.online\/#organization\"},\"image\":{\"@id\":\"https:\/\/gruposae.online\/index.php\/2018\/04\/26\/uneba-firma-un-acuerdo-con-el-grupo-sae-para-fomentar-la-formacion-para-el-empleo\/#primaryimage\"},\"thumbnailUrl\":\"https:\/\/gruposae.online\/wp-content\/uploads\/2021\/09\/c3997142576e6f4d163ead570965368d_XL.jpg\",\"articleSection\":[\"Grupo SAE\"],\"inLanguage\":\"es\",\"potentialAction\":[{\"@type\":\"CommentAction\",\"name\":\"Comment\",\"target\":[\"https:\/\/gruposae.online\/index.php\/2018\/04\/26\/uneba-firma-un-acuerdo-con-el-grupo-sae-para-fomentar-la-formacion-para-el-empleo\/#respond\"]}]},{\"@type\":\"Person\",\"@id\":\"https:\/\/gruposae.online\/#\/schema\/person\/d6fb6dc442a37fce8d62ef76e3d5066e\",\"name\":\"admin\",\"image\":{\"@type\":\"ImageObject\",\"@id\":\"https:\/\/gruposae.online\/#personlogo\",\"inLanguage\":\"es\",\"url\":\"https:\/\/secure.gravatar.com\/avatar\/c46f05e54262093a8296c238813957ed?s=96&d=mm&r=g\",\"contentUrl\":\"https:\/\/secure.gravatar.com\/avatar\/c46f05e54262093a8296c238813957ed?s=96&d=mm&r=g\",\"caption\":\"admin\"},\"sameAs\":[\"https:\/\/gruposae.online\"]}]}<\/script>\n<!-- \/ Yoast SEO plugin. -->","yoast_head_json":{"title":"UNEBA FIRMA UN ACUERDO CON EL GRUPO SAE PARA FOMENTAR LA FORMACI\u00d3N PARA EL EMPLEO - Grupo SAE","robots":{"index":"index","follow":"follow","max-snippet":"max-snippet:-1","max-image-preview":"max-image-preview:large","max-video-preview":"max-video-preview:-1"},"canonical":"https:\/\/gruposae.online\/index.php\/2018\/04\/26\/uneba-firma-un-acuerdo-con-el-grupo-sae-para-fomentar-la-formacion-para-el-empleo\/","og_locale":"es_ES","og_type":"article","og_title":"UNEBA FIRMA UN ACUERDO CON EL GRUPO SAE PARA FOMENTAR LA FORMACI\u00d3N PARA EL EMPLEO - Grupo SAE","og_description":"En este sentido, el presidente de Uneba, Francisco Serrano, mostr\u00f3 su satisfacci\u00f3n ya que se trata de un acuerdo \u201cmuy importante\u201d que va a permitir a [\u2026]","og_url":"https:\/\/gruposae.online\/index.php\/2018\/04\/26\/uneba-firma-un-acuerdo-con-el-grupo-sae-para-fomentar-la-formacion-para-el-empleo\/","og_site_name":"Grupo SAE","article_published_time":"2018-04-26T15:32:51+00:00","article_modified_time":"2021-09-17T15:33:34+00:00","og_image":[{"width":1200,"height":748,"url":"https:\/\/gruposae.online\/wp-content\/uploads\/2021\/09\/c3997142576e6f4d163ead570965368d_XL.jpg","type":"image\/jpeg"}],"twitter_card":"summary_large_image","twitter_misc":{"Escrito por":"admin","Tiempo de lectura":"1 minuto"},"schema":{"@context":"https:\/\/schema.org","@graph":[{"@type":"Organization","@id":"https:\/\/gruposae.online\/#organization","name":"Grupo SAE","url":"https:\/\/gruposae.online\/","sameAs":[],"logo":{"@type":"ImageObject","@id":"https:\/\/gruposae.online\/#logo","inLanguage":"es","url":"https:\/\/gruposae.online\/wp-content\/uploads\/2021\/08\/logo-gruposae-header.png","contentUrl":"https:\/\/gruposae.online\/wp-content\/uploads\/2021\/08\/logo-gruposae-header.png","width":335,"height":70,"caption":"Grupo SAE"},"image":{"@id":"https:\/\/gruposae.online\/#logo"}},{"@type":"WebSite","@id":"https:\/\/gruposae.online\/#website","url":"https:\/\/gruposae.online\/","name":"Grupo SAE","description":"","publisher":{"@id":"https:\/\/gruposae.online\/#organization"},"potentialAction":[{"@type":"SearchAction","target":{"@type":"EntryPoint","urlTemplate":"https:\/\/gruposae.online\/?s={search_term_string}"},"query-input":"required name=search_term_string"}],"inLanguage":"es"},{"@type":"ImageObject","@id":"https:\/\/gruposae.online\/index.php\/2018\/04\/26\/uneba-firma-un-acuerdo-con-el-grupo-sae-para-fomentar-la-formacion-para-el-empleo\/#primaryimage","inLanguage":"es","url":"https:\/\/gruposae.online\/wp-content\/uploads\/2021\/09\/c3997142576e6f4d163ead570965368d_XL.jpg","contentUrl":"https:\/\/gruposae.online\/wp-content\/uploads\/2021\/09\/c3997142576e6f4d163ead570965368d_XL.jpg","width":1200,"height":748},{"@type":"WebPage","@id":"https:\/\/gruposae.online\/index.php\/2018\/04\/26\/uneba-firma-un-acuerdo-con-el-grupo-sae-para-fomentar-la-formacion-para-el-empleo\/#webpage","url":"https:\/\/gruposae.online\/index.php\/2018\/04\/26\/uneba-firma-un-acuerdo-con-el-grupo-sae-para-fomentar-la-formacion-para-el-empleo\/","name":"UNEBA FIRMA UN ACUERDO CON EL GRUPO SAE PARA FOMENTAR LA FORMACI\u00d3N PARA EL EMPLEO - Grupo SAE","isPartOf":{"@id":"https:\/\/gruposae.online\/#website"},"primaryImageOfPage":{"@id":"https:\/\/gruposae.online\/index.php\/2018\/04\/26\/uneba-firma-un-acuerdo-con-el-grupo-sae-para-fomentar-la-formacion-para-el-empleo\/#primaryimage"},"datePublished":"2018-04-26T15:32:51+00:00","dateModified":"2021-09-17T15:33:34+00:00","breadcrumb":{"@id":"https:\/\/gruposae.online\/index.php\/2018\/04\/26\/uneba-firma-un-acuerdo-con-el-grupo-sae-para-fomentar-la-formacion-para-el-empleo\/#breadcrumb"},"inLanguage":"es","potentialAction":[{"@type":"ReadAction","target":["https:\/\/gruposae.online\/index.php\/2018\/04\/26\/uneba-firma-un-acuerdo-con-el-grupo-sae-para-fomentar-la-formacion-para-el-empleo\/"]}]},{"@type":"BreadcrumbList","@id":"https:\/\/gruposae.online\/index.php\/2018\/04\/26\/uneba-firma-un-acuerdo-con-el-grupo-sae-para-fomentar-la-formacion-para-el-empleo\/#breadcrumb","itemListElement":[{"@type":"ListItem","position":1,"name":"Portada","item":"https:\/\/gruposae.online\/"},{"@type":"ListItem","position":2,"name":"UNEBA FIRMA UN ACUERDO CON EL GRUPO SAE PARA FOMENTAR LA FORMACI\u00d3N PARA EL EMPLEO"}]},{"@type":"Article","@id":"https:\/\/gruposae.online\/index.php\/2018\/04\/26\/uneba-firma-un-acuerdo-con-el-grupo-sae-para-fomentar-la-formacion-para-el-empleo\/#article","isPartOf":{"@id":"https:\/\/gruposae.online\/index.php\/2018\/04\/26\/uneba-firma-un-acuerdo-con-el-grupo-sae-para-fomentar-la-formacion-para-el-empleo\/#webpage"},"author":{"@id":"https:\/\/gruposae.online\/#\/schema\/person\/d6fb6dc442a37fce8d62ef76e3d5066e"},"headline":"UNEBA FIRMA UN ACUERDO CON EL GRUPO SAE PARA FOMENTAR LA FORMACI\u00d3N PARA EL EMPLEO","datePublished":"2018-04-26T15:32:51+00:00","dateModified":"2021-09-17T15:33:34+00:00","mainEntityOfPage":{"@id":"https:\/\/gruposae.online\/index.php\/2018\/04\/26\/uneba-firma-un-acuerdo-con-el-grupo-sae-para-fomentar-la-formacion-para-el-empleo\/#webpage"},"wordCount":272,"commentCount":0,"publisher":{"@id":"https:\/\/gruposae.online\/#organization"},"image":{"@id":"https:\/\/gruposae.online\/index.php\/2018\/04\/26\/uneba-firma-un-acuerdo-con-el-grupo-sae-para-fomentar-la-formacion-para-el-empleo\/#primaryimage"},"thumbnailUrl":"https:\/\/gruposae.online\/wp-content\/uploads\/2021\/09\/c3997142576e6f4d163ead570965368d_XL.jpg","articleSection":["Grupo SAE"],"inLanguage":"es","potentialAction":[{"@type":"CommentAction","name":"Comment","target":["https:\/\/gruposae.online\/index.php\/2018\/04\/26\/uneba-firma-un-acuerdo-con-el-grupo-sae-para-fomentar-la-formacion-para-el-empleo\/#respond"]}]},{"@type":"Person","@id":"https:\/\/gruposae.online\/#\/schema\/person\/d6fb6dc442a37fce8d62ef76e3d5066e","name":"admin","image":{"@type":"ImageObject","@id":"https:\/\/gruposae.online\/#personlogo","inLanguage":"es","url":"https:\/\/secure.gravatar.com\/avatar\/c46f05e54262093a8296c238813957ed?s=96&d=mm&r=g","contentUrl":"https:\/\/secure.gravatar.com\/avatar\/c46f05e54262093a8296c238813957ed?s=96&d=mm&r=g","caption":"admin"},"sameAs":["https:\/\/gruposae.online"]}]}},"_links":{"self":[{"href":"https:\/\/gruposae.online\/index.php\/wp-json\/wp\/v2\/posts\/403"}],"collection":[{"href":"https:\/\/gruposae.online\/index.php\/wp-json\/wp\/v2\/posts"}],"about":[{"href":"https:\/\/gruposae.online\/index.php\/wp-json\/wp\/v2\/types\/post"}],"author":[{"embeddable":true,"href":"https:\/\/gruposae.online\/index.php\/wp-json\/wp\/v2\/users\/1"}],"replies":[{"embeddable":true,"href":"https:\/\/gruposae.online\/index.php\/wp-json\/wp\/v2\/comments?post=403"}],"version-history":[{"count":1,"href":"https:\/\/gruposae.online\/index.php\/wp-json\/wp\/v2\/posts\/403\/revisions"}],"predecessor-version":[{"id":405,"href":"https:\/\/gruposae.online\/index.php\/wp-json\/wp\/v2\/posts\/403\/revisions\/405"}],"wp:featuredmedia":[{"embeddable":true,"href":"https:\/\/gruposae.online\/index.php\/wp-json\/wp\/v2\/media\/404"}],"wp:attachment":[{"href":"https:\/\/gruposae.online\/index.php\/wp-json\/wp\/v2\/media?parent=403"}],"wp:term":[{"taxonomy":"category","embeddable":true,"href":"https:\/\/gruposae.online\/index.php\/wp-json\/wp\/v2\/categories?post=403"},{"taxonomy":"post_tag","embeddable":true,"href":"https:\/\/gruposae.online\/index.php\/wp-json\/wp\/v2\/tags?post=403"}],"curies":[{"name":"wp","href":"https:\/\/api.w.org\/{rel}","templated":true}]}}