{"id":406,"date":"2018-04-14T15:33:48","date_gmt":"2018-04-14T15:33:48","guid":{"rendered":"https:\/\/gruposae.online\/?p=406"},"modified":"2021-09-17T15:34:34","modified_gmt":"2021-09-17T15:34:34","slug":"grupo-sae-firma-del-convenio-de-colaboracion-con-el-colegio-de-graduados-sociales-de-madrid","status":"publish","type":"post","link":"https:\/\/gruposae.online\/index.php\/2018\/04\/14\/grupo-sae-firma-del-convenio-de-colaboracion-con-el-colegio-de-graduados-sociales-de-madrid\/","title":{"rendered":"GRUPO SAE FIRMA DEL CONVENIO DE COLABORACI\u00d3N CON EL COLEGIO DE GRADUADOS SOCIALES DE MADRID"},"content":{"rendered":"<p>En el protocolario acto de firma intervinieron D\u00aa. Mar\u00eda Antonia Cruz Izquierdo, Presidenta del Colegio, y D. Antonio Toro Caballero en su calidad de Director General de Grupo SAE.<\/p>\n<p>Grupo SAE pertenece a las organizaciones empresariales m\u00e1s importantes a nivel nacional en el sector de las Empresas de Formaci\u00f3n, como son CECAP y ANCED ambas con capacidad de negociaci\u00f3n colectiva e integradas en la CEOE, por lo est\u00e1 en disposici\u00f3n de ofrecer una informaci\u00f3n actualizada de cualquier cambio normativo proviniente de las Mesas de Negociaci\u00f3n con el Servicio Estatal P\u00fablico de Empleo, as\u00ed como las Direcciones Generales de Pol\u00edticas Activas de Empleo y Formaci\u00f3n de la Comunidad de Madrid.<\/p>\n<p>Dentro de este convenio se recoge la realizaci\u00f3n de jornadas informativas sobre los cambios normativos en relaci\u00f3n al Contrato de Formaci\u00f3n, Garant\u00eda Juvenil, Formaci\u00f3n Programada a empresas o cualquier otro l\u00ednea de Formaci\u00f3n vinculada a las empresas para todos los colegiados, con objeto de profundizar en todos los aspectos legales de dichos cambios, y as\u00ed transmitir el valor a\u00f1adido para la gesti\u00f3n y asesoramiento a los clientes de los colegiados.<\/p>\n","protected":false},"excerpt":{"rendered":"<p>En el protocolario acto de firma intervinieron D\u00aa. Mar\u00eda Antonia Cruz Izquierdo, Presidenta del Colegio, y D. Antonio Toro Caballero en su calidad de Director General<span class=\"excerpt-hellip\"> [\u2026]<\/span><\/p>\n","protected":false},"author":1,"featured_media":407,"comment_status":"open","ping_status":"open","sticky":false,"template":"","format":"standard","meta":[],"categories":[1],"tags":[],"yoast_head":"<!-- This site is optimized with the Yoast SEO plugin v17.3 - https:\/\/yoast.com\/wordpress\/plugins\/seo\/ -->\n<title>GRUPO SAE FIRMA DEL CONVENIO DE COLABORACI\u00d3N CON EL COLEGIO DE GRADUADOS SOCIALES DE MADRID - Grupo SAE<\/title>\n<meta name=\"robots\" content=\"index, follow, max-snippet:-1, max-image-preview:large, max-video-preview:-1\" \/>\n<link rel=\"canonical\" href=\"https:\/\/gruposae.online\/index.php\/2018\/04\/14\/grupo-sae-firma-del-convenio-de-colaboracion-con-el-colegio-de-graduados-sociales-de-madrid\/\" \/>\n<meta property=\"og:locale\" content=\"es_ES\" \/>\n<meta property=\"og:type\" content=\"article\" \/>\n<meta property=\"og:title\" content=\"GRUPO SAE FIRMA DEL CONVENIO DE COLABORACI\u00d3N CON EL COLEGIO DE GRADUADOS SOCIALES DE MADRID - Grupo SAE\" \/>\n<meta property=\"og:description\" content=\"En el protocolario acto de firma intervinieron D\u00aa. Mar\u00eda Antonia Cruz Izquierdo, Presidenta del Colegio, y D. Antonio Toro Caballero en su calidad de Director General [\u2026]\" \/>\n<meta property=\"og:url\" content=\"https:\/\/gruposae.online\/index.php\/2018\/04\/14\/grupo-sae-firma-del-convenio-de-colaboracion-con-el-colegio-de-graduados-sociales-de-madrid\/\" \/>\n<meta property=\"og:site_name\" content=\"Grupo SAE\" \/>\n<meta property=\"article:published_time\" content=\"2018-04-14T15:33:48+00:00\" \/>\n<meta property=\"article:modified_time\" content=\"2021-09-17T15:34:34+00:00\" \/>\n<meta property=\"og:image\" content=\"https:\/\/gruposae.online\/wp-content\/uploads\/2021\/09\/00d9b1e39f02d57be65ad2a9a6eaa3b8_XL.jpg\" \/>\n\t<meta property=\"og:image:width\" content=\"1200\" \/>\n\t<meta property=\"og:image:height\" content=\"748\" \/>\n<meta name=\"twitter:card\" content=\"summary_large_image\" \/>\n<meta name=\"twitter:label1\" content=\"Escrito por\" \/>\n\t<meta name=\"twitter:data1\" content=\"admin\" \/>\n\t<meta name=\"twitter:label2\" content=\"Tiempo de lectura\" \/>\n\t<meta name=\"twitter:data2\" content=\"1 minuto\" \/>\n<script type=\"application\/ld+json\" class=\"yoast-schema-graph\">{\"@context\":\"https:\/\/schema.org\",\"@graph\":[{\"@type\":\"Organization\",\"@id\":\"https:\/\/gruposae.online\/#organization\",\"name\":\"Grupo SAE\",\"url\":\"https:\/\/gruposae.online\/\",\"sameAs\":[],\"logo\":{\"@type\":\"ImageObject\",\"@id\":\"https:\/\/gruposae.online\/#logo\",\"inLanguage\":\"es\",\"url\":\"https:\/\/gruposae.online\/wp-content\/uploads\/2021\/08\/logo-gruposae-header.png\",\"contentUrl\":\"https:\/\/gruposae.online\/wp-content\/uploads\/2021\/08\/logo-gruposae-header.png\",\"width\":335,\"height\":70,\"caption\":\"Grupo SAE\"},\"image\":{\"@id\":\"https:\/\/gruposae.online\/#logo\"}},{\"@type\":\"WebSite\",\"@id\":\"https:\/\/gruposae.online\/#website\",\"url\":\"https:\/\/gruposae.online\/\",\"name\":\"Grupo SAE\",\"description\":\"\",\"publisher\":{\"@id\":\"https:\/\/gruposae.online\/#organization\"},\"potentialAction\":[{\"@type\":\"SearchAction\",\"target\":{\"@type\":\"EntryPoint\",\"urlTemplate\":\"https:\/\/gruposae.online\/?s={search_term_string}\"},\"query-input\":\"required name=search_term_string\"}],\"inLanguage\":\"es\"},{\"@type\":\"ImageObject\",\"@id\":\"https:\/\/gruposae.online\/index.php\/2018\/04\/14\/grupo-sae-firma-del-convenio-de-colaboracion-con-el-colegio-de-graduados-sociales-de-madrid\/#primaryimage\",\"inLanguage\":\"es\",\"url\":\"https:\/\/gruposae.online\/wp-content\/uploads\/2021\/09\/00d9b1e39f02d57be65ad2a9a6eaa3b8_XL.jpg\",\"contentUrl\":\"https:\/\/gruposae.online\/wp-content\/uploads\/2021\/09\/00d9b1e39f02d57be65ad2a9a6eaa3b8_XL.jpg\",\"width\":1200,\"height\":748},{\"@type\":\"WebPage\",\"@id\":\"https:\/\/gruposae.online\/index.php\/2018\/04\/14\/grupo-sae-firma-del-convenio-de-colaboracion-con-el-colegio-de-graduados-sociales-de-madrid\/#webpage\",\"url\":\"https:\/\/gruposae.online\/index.php\/2018\/04\/14\/grupo-sae-firma-del-convenio-de-colaboracion-con-el-colegio-de-graduados-sociales-de-madrid\/\",\"name\":\"GRUPO SAE FIRMA DEL CONVENIO DE COLABORACI\\u00d3N CON EL COLEGIO DE GRADUADOS SOCIALES DE MADRID - Grupo SAE\",\"isPartOf\":{\"@id\":\"https:\/\/gruposae.online\/#website\"},\"primaryImageOfPage\":{\"@id\":\"https:\/\/gruposae.online\/index.php\/2018\/04\/14\/grupo-sae-firma-del-convenio-de-colaboracion-con-el-colegio-de-graduados-sociales-de-madrid\/#primaryimage\"},\"datePublished\":\"2018-04-14T15:33:48+00:00\",\"dateModified\":\"2021-09-17T15:34:34+00:00\",\"breadcrumb\":{\"@id\":\"https:\/\/gruposae.online\/index.php\/2018\/04\/14\/grupo-sae-firma-del-convenio-de-colaboracion-con-el-colegio-de-graduados-sociales-de-madrid\/#breadcrumb\"},\"inLanguage\":\"es\",\"potentialAction\":[{\"@type\":\"ReadAction\",\"target\":[\"https:\/\/gruposae.online\/index.php\/2018\/04\/14\/grupo-sae-firma-del-convenio-de-colaboracion-con-el-colegio-de-graduados-sociales-de-madrid\/\"]}]},{\"@type\":\"BreadcrumbList\",\"@id\":\"https:\/\/gruposae.online\/index.php\/2018\/04\/14\/grupo-sae-firma-del-convenio-de-colaboracion-con-el-colegio-de-graduados-sociales-de-madrid\/#breadcrumb\",\"itemListElement\":[{\"@type\":\"ListItem\",\"position\":1,\"name\":\"Portada\",\"item\":\"https:\/\/gruposae.online\/\"},{\"@type\":\"ListItem\",\"position\":2,\"name\":\"GRUPO SAE FIRMA DEL CONVENIO DE COLABORACI\\u00d3N CON EL COLEGIO DE GRADUADOS SOCIALES DE MADRID\"}]},{\"@type\":\"Article\",\"@id\":\"https:\/\/gruposae.online\/index.php\/2018\/04\/14\/grupo-sae-firma-del-convenio-de-colaboracion-con-el-colegio-de-graduados-sociales-de-madrid\/#article\",\"isPartOf\":{\"@id\":\"https:\/\/gruposae.online\/index.php\/2018\/04\/14\/grupo-sae-firma-del-convenio-de-colaboracion-con-el-colegio-de-graduados-sociales-de-madrid\/#webpage\"},\"author\":{\"@id\":\"https:\/\/gruposae.online\/#\/schema\/person\/d6fb6dc442a37fce8d62ef76e3d5066e\"},\"headline\":\"GRUPO SAE FIRMA DEL CONVENIO DE COLABORACI\\u00d3N CON EL COLEGIO DE GRADUADOS SOCIALES DE MADRID\",\"datePublished\":\"2018-04-14T15:33:48+00:00\",\"dateModified\":\"2021-09-17T15:34:34+00:00\",\"mainEntityOfPage\":{\"@id\":\"https:\/\/gruposae.online\/index.php\/2018\/04\/14\/grupo-sae-firma-del-convenio-de-colaboracion-con-el-colegio-de-graduados-sociales-de-madrid\/#webpage\"},\"wordCount\":214,\"commentCount\":0,\"publisher\":{\"@id\":\"https:\/\/gruposae.online\/#organization\"},\"image\":{\"@id\":\"https:\/\/gruposae.online\/index.php\/2018\/04\/14\/grupo-sae-firma-del-convenio-de-colaboracion-con-el-colegio-de-graduados-sociales-de-madrid\/#primaryimage\"},\"thumbnailUrl\":\"https:\/\/gruposae.online\/wp-content\/uploads\/2021\/09\/00d9b1e39f02d57be65ad2a9a6eaa3b8_XL.jpg\",\"articleSection\":[\"Grupo SAE\"],\"inLanguage\":\"es\",\"potentialAction\":[{\"@type\":\"CommentAction\",\"name\":\"Comment\",\"target\":[\"https:\/\/gruposae.online\/index.php\/2018\/04\/14\/grupo-sae-firma-del-convenio-de-colaboracion-con-el-colegio-de-graduados-sociales-de-madrid\/#respond\"]}]},{\"@type\":\"Person\",\"@id\":\"https:\/\/gruposae.online\/#\/schema\/person\/d6fb6dc442a37fce8d62ef76e3d5066e\",\"name\":\"admin\",\"image\":{\"@type\":\"ImageObject\",\"@id\":\"https:\/\/gruposae.online\/#personlogo\",\"inLanguage\":\"es\",\"url\":\"https:\/\/secure.gravatar.com\/avatar\/c46f05e54262093a8296c238813957ed?s=96&d=mm&r=g\",\"contentUrl\":\"https:\/\/secure.gravatar.com\/avatar\/c46f05e54262093a8296c238813957ed?s=96&d=mm&r=g\",\"caption\":\"admin\"},\"sameAs\":[\"https:\/\/gruposae.online\"]}]}<\/script>\n<!-- \/ Yoast SEO plugin. -->","yoast_head_json":{"title":"GRUPO SAE FIRMA DEL CONVENIO DE COLABORACI\u00d3N CON EL COLEGIO DE GRADUADOS SOCIALES DE MADRID - Grupo SAE","robots":{"index":"index","follow":"follow","max-snippet":"max-snippet:-1","max-image-preview":"max-image-preview:large","max-video-preview":"max-video-preview:-1"},"canonical":"https:\/\/gruposae.online\/index.php\/2018\/04\/14\/grupo-sae-firma-del-convenio-de-colaboracion-con-el-colegio-de-graduados-sociales-de-madrid\/","og_locale":"es_ES","og_type":"article","og_title":"GRUPO SAE FIRMA DEL CONVENIO DE COLABORACI\u00d3N CON EL COLEGIO DE GRADUADOS SOCIALES DE MADRID - Grupo SAE","og_description":"En el protocolario acto de firma intervinieron D\u00aa. Mar\u00eda Antonia Cruz Izquierdo, Presidenta del Colegio, y D. Antonio Toro Caballero en su calidad de Director General [\u2026]","og_url":"https:\/\/gruposae.online\/index.php\/2018\/04\/14\/grupo-sae-firma-del-convenio-de-colaboracion-con-el-colegio-de-graduados-sociales-de-madrid\/","og_site_name":"Grupo SAE","article_published_time":"2018-04-14T15:33:48+00:00","article_modified_time":"2021-09-17T15:34:34+00:00","og_image":[{"width":1200,"height":748,"url":"https:\/\/gruposae.online\/wp-content\/uploads\/2021\/09\/00d9b1e39f02d57be65ad2a9a6eaa3b8_XL.jpg","type":"image\/jpeg"}],"twitter_card":"summary_large_image","twitter_misc":{"Escrito por":"admin","Tiempo de lectura":"1 minuto"},"schema":{"@context":"https:\/\/schema.org","@graph":[{"@type":"Organization","@id":"https:\/\/gruposae.online\/#organization","name":"Grupo SAE","url":"https:\/\/gruposae.online\/","sameAs":[],"logo":{"@type":"ImageObject","@id":"https:\/\/gruposae.online\/#logo","inLanguage":"es","url":"https:\/\/gruposae.online\/wp-content\/uploads\/2021\/08\/logo-gruposae-header.png","contentUrl":"https:\/\/gruposae.online\/wp-content\/uploads\/2021\/08\/logo-gruposae-header.png","width":335,"height":70,"caption":"Grupo SAE"},"image":{"@id":"https:\/\/gruposae.online\/#logo"}},{"@type":"WebSite","@id":"https:\/\/gruposae.online\/#website","url":"https:\/\/gruposae.online\/","name":"Grupo SAE","description":"","publisher":{"@id":"https:\/\/gruposae.online\/#organization"},"potentialAction":[{"@type":"SearchAction","target":{"@type":"EntryPoint","urlTemplate":"https:\/\/gruposae.online\/?s={search_term_string}"},"query-input":"required name=search_term_string"}],"inLanguage":"es"},{"@type":"ImageObject","@id":"https:\/\/gruposae.online\/index.php\/2018\/04\/14\/grupo-sae-firma-del-convenio-de-colaboracion-con-el-colegio-de-graduados-sociales-de-madrid\/#primaryimage","inLanguage":"es","url":"https:\/\/gruposae.online\/wp-content\/uploads\/2021\/09\/00d9b1e39f02d57be65ad2a9a6eaa3b8_XL.jpg","contentUrl":"https:\/\/gruposae.online\/wp-content\/uploads\/2021\/09\/00d9b1e39f02d57be65ad2a9a6eaa3b8_XL.jpg","width":1200,"height":748},{"@type":"WebPage","@id":"https:\/\/gruposae.online\/index.php\/2018\/04\/14\/grupo-sae-firma-del-convenio-de-colaboracion-con-el-colegio-de-graduados-sociales-de-madrid\/#webpage","url":"https:\/\/gruposae.online\/index.php\/2018\/04\/14\/grupo-sae-firma-del-convenio-de-colaboracion-con-el-colegio-de-graduados-sociales-de-madrid\/","name":"GRUPO SAE FIRMA DEL CONVENIO DE COLABORACI\u00d3N CON EL COLEGIO DE GRADUADOS SOCIALES DE MADRID - Grupo SAE","isPartOf":{"@id":"https:\/\/gruposae.online\/#website"},"primaryImageOfPage":{"@id":"https:\/\/gruposae.online\/index.php\/2018\/04\/14\/grupo-sae-firma-del-convenio-de-colaboracion-con-el-colegio-de-graduados-sociales-de-madrid\/#primaryimage"},"datePublished":"2018-04-14T15:33:48+00:00","dateModified":"2021-09-17T15:34:34+00:00","breadcrumb":{"@id":"https:\/\/gruposae.online\/index.php\/2018\/04\/14\/grupo-sae-firma-del-convenio-de-colaboracion-con-el-colegio-de-graduados-sociales-de-madrid\/#breadcrumb"},"inLanguage":"es","potentialAction":[{"@type":"ReadAction","target":["https:\/\/gruposae.online\/index.php\/2018\/04\/14\/grupo-sae-firma-del-convenio-de-colaboracion-con-el-colegio-de-graduados-sociales-de-madrid\/"]}]},{"@type":"BreadcrumbList","@id":"https:\/\/gruposae.online\/index.php\/2018\/04\/14\/grupo-sae-firma-del-convenio-de-colaboracion-con-el-colegio-de-graduados-sociales-de-madrid\/#breadcrumb","itemListElement":[{"@type":"ListItem","position":1,"name":"Portada","item":"https:\/\/gruposae.online\/"},{"@type":"ListItem","position":2,"name":"GRUPO SAE FIRMA DEL CONVENIO DE COLABORACI\u00d3N CON EL COLEGIO DE GRADUADOS SOCIALES DE MADRID"}]},{"@type":"Article","@id":"https:\/\/gruposae.online\/index.php\/2018\/04\/14\/grupo-sae-firma-del-convenio-de-colaboracion-con-el-colegio-de-graduados-sociales-de-madrid\/#article","isPartOf":{"@id":"https:\/\/gruposae.online\/index.php\/2018\/04\/14\/grupo-sae-firma-del-convenio-de-colaboracion-con-el-colegio-de-graduados-sociales-de-madrid\/#webpage"},"author":{"@id":"https:\/\/gruposae.online\/#\/schema\/person\/d6fb6dc442a37fce8d62ef76e3d5066e"},"headline":"GRUPO SAE FIRMA DEL CONVENIO DE COLABORACI\u00d3N CON EL COLEGIO DE GRADUADOS SOCIALES DE MADRID","datePublished":"2018-04-14T15:33:48+00:00","dateModified":"2021-09-17T15:34:34+00:00","mainEntityOfPage":{"@id":"https:\/\/gruposae.online\/index.php\/2018\/04\/14\/grupo-sae-firma-del-convenio-de-colaboracion-con-el-colegio-de-graduados-sociales-de-madrid\/#webpage"},"wordCount":214,"commentCount":0,"publisher":{"@id":"https:\/\/gruposae.online\/#organization"},"image":{"@id":"https:\/\/gruposae.online\/index.php\/2018\/04\/14\/grupo-sae-firma-del-convenio-de-colaboracion-con-el-colegio-de-graduados-sociales-de-madrid\/#primaryimage"},"thumbnailUrl":"https:\/\/gruposae.online\/wp-content\/uploads\/2021\/09\/00d9b1e39f02d57be65ad2a9a6eaa3b8_XL.jpg","articleSection":["Grupo SAE"],"inLanguage":"es","potentialAction":[{"@type":"CommentAction","name":"Comment","target":["https:\/\/gruposae.online\/index.php\/2018\/04\/14\/grupo-sae-firma-del-convenio-de-colaboracion-con-el-colegio-de-graduados-sociales-de-madrid\/#respond"]}]},{"@type":"Person","@id":"https:\/\/gruposae.online\/#\/schema\/person\/d6fb6dc442a37fce8d62ef76e3d5066e","name":"admin","image":{"@type":"ImageObject","@id":"https:\/\/gruposae.online\/#personlogo","inLanguage":"es","url":"https:\/\/secure.gravatar.com\/avatar\/c46f05e54262093a8296c238813957ed?s=96&d=mm&r=g","contentUrl":"https:\/\/secure.gravatar.com\/avatar\/c46f05e54262093a8296c238813957ed?s=96&d=mm&r=g","caption":"admin"},"sameAs":["https:\/\/gruposae.online"]}]}},"_links":{"self":[{"href":"https:\/\/gruposae.online\/index.php\/wp-json\/wp\/v2\/posts\/406"}],"collection":[{"href":"https:\/\/gruposae.online\/index.php\/wp-json\/wp\/v2\/posts"}],"about":[{"href":"https:\/\/gruposae.online\/index.php\/wp-json\/wp\/v2\/types\/post"}],"author":[{"embeddable":true,"href":"https:\/\/gruposae.online\/index.php\/wp-json\/wp\/v2\/users\/1"}],"replies":[{"embeddable":true,"href":"https:\/\/gruposae.online\/index.php\/wp-json\/wp\/v2\/comments?post=406"}],"version-history":[{"count":1,"href":"https:\/\/gruposae.online\/index.php\/wp-json\/wp\/v2\/posts\/406\/revisions"}],"predecessor-version":[{"id":408,"href":"https:\/\/gruposae.online\/index.php\/wp-json\/wp\/v2\/posts\/406\/revisions\/408"}],"wp:featuredmedia":[{"embeddable":true,"href":"https:\/\/gruposae.online\/index.php\/wp-json\/wp\/v2\/media\/407"}],"wp:attachment":[{"href":"https:\/\/gruposae.online\/index.php\/wp-json\/wp\/v2\/media?parent=406"}],"wp:term":[{"taxonomy":"category","embeddable":true,"href":"https:\/\/gruposae.online\/index.php\/wp-json\/wp\/v2\/categories?post=406"},{"taxonomy":"post_tag","embeddable":true,"href":"https:\/\/gruposae.online\/index.php\/wp-json\/wp\/v2\/tags?post=406"}],"curies":[{"name":"wp","href":"https:\/\/api.w.org\/{rel}","templated":true}]}}