{"id":409,"date":"2018-03-13T15:34:51","date_gmt":"2018-03-13T15:34:51","guid":{"rendered":"https:\/\/gruposae.online\/?p=409"},"modified":"2021-09-17T15:36:22","modified_gmt":"2021-09-17T15:36:22","slug":"grupo-sae-firma-el-convenio-marco-de-colaboracion-con-la-asociacion-observatorio-trabajo-senior-45-anos","status":"publish","type":"post","link":"https:\/\/gruposae.online\/index.php\/2018\/03\/13\/grupo-sae-firma-el-convenio-marco-de-colaboracion-con-la-asociacion-observatorio-trabajo-senior-45-anos\/","title":{"rendered":"GRUPO SAE FIRMA EL CONVENIO MARCO DE COLABORACI\u00d3N CON LA ASOCIACI\u00d3N OBSERVATORIO TRABAJO SENIOR +45 A\u00d1OS"},"content":{"rendered":"<p>El mismo recoge el compromiso de nuestro grupo con un colectivo tan castigado por la situaci\u00f3n econ\u00f3mica, as\u00ed como por la escasa visibilidad para la Administraci\u00f3n.<\/p>\n<p>Para ello se pondr\u00e1n en marcha diferentes medidas en estrecha colaboraci\u00f3n con dicho colectivo que tiendan a favorecer la figura relevante del \u201cmentor\u201d en la empresa como uno de los activos m\u00e1s importantes para la tutorizaci\u00f3n y transmisi\u00f3n de conocimientos a los j\u00f3venes que se incorporan por primera vez al mundo laboral, como es el caso de los trabajadores con Contrato de Formacion.<\/p>\n<p>Grupo Sae, pondr\u00e1 a disposici\u00f3n del citado colectivo su red de Colaboradores y Asesorias en toda Espa\u00f1a para una profunda difusi\u00f3n y acercamiento a las empresas.<\/p>\n<p>A continuaci\u00f3n algunas instant\u00e1neas de la firma con el Presidente D. Andr\u00e9s de Toro Torregrosa por parte de la Asociaci\u00f3n y el Director General de Grupo D. Antonio Toro Caballero, as\u00ed como otros directivos de ambas instituciones.<\/p>\n<p><img loading=\"lazy\" class=\"size-medium wp-image-411 aligncenter\" src=\"https:\/\/gruposae.online\/wp-content\/uploads\/2021\/09\/IMG_4131-300x187.jpg\" alt=\"\" width=\"300\" height=\"187\" srcset=\"https:\/\/gruposae.online\/wp-content\/uploads\/2021\/09\/IMG_4131-300x187.jpg 300w, https:\/\/gruposae.online\/wp-content\/uploads\/2021\/09\/IMG_4131-768x479.jpg 768w, https:\/\/gruposae.online\/wp-content\/uploads\/2021\/09\/IMG_4131-234x146.jpg 234w, https:\/\/gruposae.online\/wp-content\/uploads\/2021\/09\/IMG_4131-50x31.jpg 50w, https:\/\/gruposae.online\/wp-content\/uploads\/2021\/09\/IMG_4131-120x75.jpg 120w, https:\/\/gruposae.online\/wp-content\/uploads\/2021\/09\/IMG_4131.jpg 850w\" sizes=\"(max-width: 300px) 100vw, 300px\" \/><\/p>\n<p><img loading=\"lazy\" class=\"size-medium wp-image-412 aligncenter\" src=\"https:\/\/gruposae.online\/wp-content\/uploads\/2021\/09\/IMG_4136-300x187.jpg\" alt=\"\" width=\"300\" height=\"187\" srcset=\"https:\/\/gruposae.online\/wp-content\/uploads\/2021\/09\/IMG_4136-300x187.jpg 300w, https:\/\/gruposae.online\/wp-content\/uploads\/2021\/09\/IMG_4136-768x479.jpg 768w, https:\/\/gruposae.online\/wp-content\/uploads\/2021\/09\/IMG_4136-234x146.jpg 234w, https:\/\/gruposae.online\/wp-content\/uploads\/2021\/09\/IMG_4136-50x31.jpg 50w, https:\/\/gruposae.online\/wp-content\/uploads\/2021\/09\/IMG_4136-120x75.jpg 120w, https:\/\/gruposae.online\/wp-content\/uploads\/2021\/09\/IMG_4136.jpg 850w\" sizes=\"(max-width: 300px) 100vw, 300px\" \/><\/p>\n","protected":false},"excerpt":{"rendered":"<p>El mismo recoge el compromiso de nuestro grupo con un colectivo tan castigado por la situaci\u00f3n econ\u00f3mica, as\u00ed como por la escasa visibilidad para la Administraci\u00f3n.<span class=\"excerpt-hellip\"> [\u2026]<\/span><\/p>\n","protected":false},"author":1,"featured_media":410,"comment_status":"open","ping_status":"open","sticky":false,"template":"","format":"standard","meta":[],"categories":[1],"tags":[],"yoast_head":"<!-- This site is optimized with the Yoast SEO plugin v17.3 - https:\/\/yoast.com\/wordpress\/plugins\/seo\/ -->\n<title>GRUPO SAE FIRMA EL CONVENIO MARCO DE COLABORACI\u00d3N CON LA ASOCIACI\u00d3N OBSERVATORIO TRABAJO SENIOR +45 A\u00d1OS - Grupo SAE<\/title>\n<meta name=\"robots\" content=\"index, follow, max-snippet:-1, max-image-preview:large, max-video-preview:-1\" \/>\n<link rel=\"canonical\" href=\"https:\/\/gruposae.online\/index.php\/2018\/03\/13\/grupo-sae-firma-el-convenio-marco-de-colaboracion-con-la-asociacion-observatorio-trabajo-senior-45-anos\/\" \/>\n<meta property=\"og:locale\" content=\"es_ES\" \/>\n<meta property=\"og:type\" content=\"article\" \/>\n<meta property=\"og:title\" content=\"GRUPO SAE FIRMA EL CONVENIO MARCO DE COLABORACI\u00d3N CON LA ASOCIACI\u00d3N OBSERVATORIO TRABAJO SENIOR +45 A\u00d1OS - Grupo SAE\" \/>\n<meta property=\"og:description\" content=\"El mismo recoge el compromiso de nuestro grupo con un colectivo tan castigado por la situaci\u00f3n econ\u00f3mica, as\u00ed como por la escasa visibilidad para la Administraci\u00f3n. [\u2026]\" \/>\n<meta property=\"og:url\" content=\"https:\/\/gruposae.online\/index.php\/2018\/03\/13\/grupo-sae-firma-el-convenio-marco-de-colaboracion-con-la-asociacion-observatorio-trabajo-senior-45-anos\/\" \/>\n<meta property=\"og:site_name\" content=\"Grupo SAE\" \/>\n<meta property=\"article:published_time\" content=\"2018-03-13T15:34:51+00:00\" \/>\n<meta property=\"article:modified_time\" content=\"2021-09-17T15:36:22+00:00\" \/>\n<meta property=\"og:image\" content=\"https:\/\/gruposae.online\/wp-content\/uploads\/2021\/09\/83c2446a0896df0a1f4af01c940ae1d9_XL.jpg\" \/>\n\t<meta property=\"og:image:width\" content=\"1200\" \/>\n\t<meta property=\"og:image:height\" content=\"750\" \/>\n<meta name=\"twitter:card\" content=\"summary_large_image\" \/>\n<meta name=\"twitter:label1\" content=\"Escrito por\" \/>\n\t<meta name=\"twitter:data1\" content=\"admin\" \/>\n\t<meta name=\"twitter:label2\" content=\"Tiempo de lectura\" \/>\n\t<meta name=\"twitter:data2\" content=\"1 minuto\" \/>\n<script type=\"application\/ld+json\" class=\"yoast-schema-graph\">{\"@context\":\"https:\/\/schema.org\",\"@graph\":[{\"@type\":\"Organization\",\"@id\":\"https:\/\/gruposae.online\/#organization\",\"name\":\"Grupo SAE\",\"url\":\"https:\/\/gruposae.online\/\",\"sameAs\":[],\"logo\":{\"@type\":\"ImageObject\",\"@id\":\"https:\/\/gruposae.online\/#logo\",\"inLanguage\":\"es\",\"url\":\"https:\/\/gruposae.online\/wp-content\/uploads\/2021\/08\/logo-gruposae-header.png\",\"contentUrl\":\"https:\/\/gruposae.online\/wp-content\/uploads\/2021\/08\/logo-gruposae-header.png\",\"width\":335,\"height\":70,\"caption\":\"Grupo SAE\"},\"image\":{\"@id\":\"https:\/\/gruposae.online\/#logo\"}},{\"@type\":\"WebSite\",\"@id\":\"https:\/\/gruposae.online\/#website\",\"url\":\"https:\/\/gruposae.online\/\",\"name\":\"Grupo SAE\",\"description\":\"\",\"publisher\":{\"@id\":\"https:\/\/gruposae.online\/#organization\"},\"potentialAction\":[{\"@type\":\"SearchAction\",\"target\":{\"@type\":\"EntryPoint\",\"urlTemplate\":\"https:\/\/gruposae.online\/?s={search_term_string}\"},\"query-input\":\"required name=search_term_string\"}],\"inLanguage\":\"es\"},{\"@type\":\"ImageObject\",\"@id\":\"https:\/\/gruposae.online\/index.php\/2018\/03\/13\/grupo-sae-firma-el-convenio-marco-de-colaboracion-con-la-asociacion-observatorio-trabajo-senior-45-anos\/#primaryimage\",\"inLanguage\":\"es\",\"url\":\"https:\/\/gruposae.online\/wp-content\/uploads\/2021\/09\/83c2446a0896df0a1f4af01c940ae1d9_XL.jpg\",\"contentUrl\":\"https:\/\/gruposae.online\/wp-content\/uploads\/2021\/09\/83c2446a0896df0a1f4af01c940ae1d9_XL.jpg\",\"width\":1200,\"height\":750},{\"@type\":\"WebPage\",\"@id\":\"https:\/\/gruposae.online\/index.php\/2018\/03\/13\/grupo-sae-firma-el-convenio-marco-de-colaboracion-con-la-asociacion-observatorio-trabajo-senior-45-anos\/#webpage\",\"url\":\"https:\/\/gruposae.online\/index.php\/2018\/03\/13\/grupo-sae-firma-el-convenio-marco-de-colaboracion-con-la-asociacion-observatorio-trabajo-senior-45-anos\/\",\"name\":\"GRUPO SAE FIRMA EL CONVENIO MARCO DE COLABORACI\\u00d3N CON LA ASOCIACI\\u00d3N OBSERVATORIO TRABAJO SENIOR +45 A\\u00d1OS - Grupo SAE\",\"isPartOf\":{\"@id\":\"https:\/\/gruposae.online\/#website\"},\"primaryImageOfPage\":{\"@id\":\"https:\/\/gruposae.online\/index.php\/2018\/03\/13\/grupo-sae-firma-el-convenio-marco-de-colaboracion-con-la-asociacion-observatorio-trabajo-senior-45-anos\/#primaryimage\"},\"datePublished\":\"2018-03-13T15:34:51+00:00\",\"dateModified\":\"2021-09-17T15:36:22+00:00\",\"breadcrumb\":{\"@id\":\"https:\/\/gruposae.online\/index.php\/2018\/03\/13\/grupo-sae-firma-el-convenio-marco-de-colaboracion-con-la-asociacion-observatorio-trabajo-senior-45-anos\/#breadcrumb\"},\"inLanguage\":\"es\",\"potentialAction\":[{\"@type\":\"ReadAction\",\"target\":[\"https:\/\/gruposae.online\/index.php\/2018\/03\/13\/grupo-sae-firma-el-convenio-marco-de-colaboracion-con-la-asociacion-observatorio-trabajo-senior-45-anos\/\"]}]},{\"@type\":\"BreadcrumbList\",\"@id\":\"https:\/\/gruposae.online\/index.php\/2018\/03\/13\/grupo-sae-firma-el-convenio-marco-de-colaboracion-con-la-asociacion-observatorio-trabajo-senior-45-anos\/#breadcrumb\",\"itemListElement\":[{\"@type\":\"ListItem\",\"position\":1,\"name\":\"Portada\",\"item\":\"https:\/\/gruposae.online\/\"},{\"@type\":\"ListItem\",\"position\":2,\"name\":\"GRUPO SAE FIRMA EL CONVENIO MARCO DE COLABORACI\\u00d3N CON LA ASOCIACI\\u00d3N OBSERVATORIO TRABAJO SENIOR +45 A\\u00d1OS\"}]},{\"@type\":\"Article\",\"@id\":\"https:\/\/gruposae.online\/index.php\/2018\/03\/13\/grupo-sae-firma-el-convenio-marco-de-colaboracion-con-la-asociacion-observatorio-trabajo-senior-45-anos\/#article\",\"isPartOf\":{\"@id\":\"https:\/\/gruposae.online\/index.php\/2018\/03\/13\/grupo-sae-firma-el-convenio-marco-de-colaboracion-con-la-asociacion-observatorio-trabajo-senior-45-anos\/#webpage\"},\"author\":{\"@id\":\"https:\/\/gruposae.online\/#\/schema\/person\/d6fb6dc442a37fce8d62ef76e3d5066e\"},\"headline\":\"GRUPO SAE FIRMA EL CONVENIO MARCO DE COLABORACI\\u00d3N CON LA ASOCIACI\\u00d3N OBSERVATORIO TRABAJO SENIOR +45 A\\u00d1OS\",\"datePublished\":\"2018-03-13T15:34:51+00:00\",\"dateModified\":\"2021-09-17T15:36:22+00:00\",\"mainEntityOfPage\":{\"@id\":\"https:\/\/gruposae.online\/index.php\/2018\/03\/13\/grupo-sae-firma-el-convenio-marco-de-colaboracion-con-la-asociacion-observatorio-trabajo-senior-45-anos\/#webpage\"},\"wordCount\":186,\"commentCount\":0,\"publisher\":{\"@id\":\"https:\/\/gruposae.online\/#organization\"},\"image\":{\"@id\":\"https:\/\/gruposae.online\/index.php\/2018\/03\/13\/grupo-sae-firma-el-convenio-marco-de-colaboracion-con-la-asociacion-observatorio-trabajo-senior-45-anos\/#primaryimage\"},\"thumbnailUrl\":\"https:\/\/gruposae.online\/wp-content\/uploads\/2021\/09\/83c2446a0896df0a1f4af01c940ae1d9_XL.jpg\",\"articleSection\":[\"Grupo SAE\"],\"inLanguage\":\"es\",\"potentialAction\":[{\"@type\":\"CommentAction\",\"name\":\"Comment\",\"target\":[\"https:\/\/gruposae.online\/index.php\/2018\/03\/13\/grupo-sae-firma-el-convenio-marco-de-colaboracion-con-la-asociacion-observatorio-trabajo-senior-45-anos\/#respond\"]}]},{\"@type\":\"Person\",\"@id\":\"https:\/\/gruposae.online\/#\/schema\/person\/d6fb6dc442a37fce8d62ef76e3d5066e\",\"name\":\"admin\",\"image\":{\"@type\":\"ImageObject\",\"@id\":\"https:\/\/gruposae.online\/#personlogo\",\"inLanguage\":\"es\",\"url\":\"https:\/\/secure.gravatar.com\/avatar\/c46f05e54262093a8296c238813957ed?s=96&d=mm&r=g\",\"contentUrl\":\"https:\/\/secure.gravatar.com\/avatar\/c46f05e54262093a8296c238813957ed?s=96&d=mm&r=g\",\"caption\":\"admin\"},\"sameAs\":[\"https:\/\/gruposae.online\"]}]}<\/script>\n<!-- \/ Yoast SEO plugin. -->","yoast_head_json":{"title":"GRUPO SAE FIRMA EL CONVENIO MARCO DE COLABORACI\u00d3N CON LA ASOCIACI\u00d3N OBSERVATORIO TRABAJO SENIOR +45 A\u00d1OS - Grupo SAE","robots":{"index":"index","follow":"follow","max-snippet":"max-snippet:-1","max-image-preview":"max-image-preview:large","max-video-preview":"max-video-preview:-1"},"canonical":"https:\/\/gruposae.online\/index.php\/2018\/03\/13\/grupo-sae-firma-el-convenio-marco-de-colaboracion-con-la-asociacion-observatorio-trabajo-senior-45-anos\/","og_locale":"es_ES","og_type":"article","og_title":"GRUPO SAE FIRMA EL CONVENIO MARCO DE COLABORACI\u00d3N CON LA ASOCIACI\u00d3N OBSERVATORIO TRABAJO SENIOR +45 A\u00d1OS - Grupo SAE","og_description":"El mismo recoge el compromiso de nuestro grupo con un colectivo tan castigado por la situaci\u00f3n econ\u00f3mica, as\u00ed como por la escasa visibilidad para la Administraci\u00f3n. [\u2026]","og_url":"https:\/\/gruposae.online\/index.php\/2018\/03\/13\/grupo-sae-firma-el-convenio-marco-de-colaboracion-con-la-asociacion-observatorio-trabajo-senior-45-anos\/","og_site_name":"Grupo SAE","article_published_time":"2018-03-13T15:34:51+00:00","article_modified_time":"2021-09-17T15:36:22+00:00","og_image":[{"width":1200,"height":750,"url":"https:\/\/gruposae.online\/wp-content\/uploads\/2021\/09\/83c2446a0896df0a1f4af01c940ae1d9_XL.jpg","type":"image\/jpeg"}],"twitter_card":"summary_large_image","twitter_misc":{"Escrito por":"admin","Tiempo de lectura":"1 minuto"},"schema":{"@context":"https:\/\/schema.org","@graph":[{"@type":"Organization","@id":"https:\/\/gruposae.online\/#organization","name":"Grupo SAE","url":"https:\/\/gruposae.online\/","sameAs":[],"logo":{"@type":"ImageObject","@id":"https:\/\/gruposae.online\/#logo","inLanguage":"es","url":"https:\/\/gruposae.online\/wp-content\/uploads\/2021\/08\/logo-gruposae-header.png","contentUrl":"https:\/\/gruposae.online\/wp-content\/uploads\/2021\/08\/logo-gruposae-header.png","width":335,"height":70,"caption":"Grupo SAE"},"image":{"@id":"https:\/\/gruposae.online\/#logo"}},{"@type":"WebSite","@id":"https:\/\/gruposae.online\/#website","url":"https:\/\/gruposae.online\/","name":"Grupo SAE","description":"","publisher":{"@id":"https:\/\/gruposae.online\/#organization"},"potentialAction":[{"@type":"SearchAction","target":{"@type":"EntryPoint","urlTemplate":"https:\/\/gruposae.online\/?s={search_term_string}"},"query-input":"required name=search_term_string"}],"inLanguage":"es"},{"@type":"ImageObject","@id":"https:\/\/gruposae.online\/index.php\/2018\/03\/13\/grupo-sae-firma-el-convenio-marco-de-colaboracion-con-la-asociacion-observatorio-trabajo-senior-45-anos\/#primaryimage","inLanguage":"es","url":"https:\/\/gruposae.online\/wp-content\/uploads\/2021\/09\/83c2446a0896df0a1f4af01c940ae1d9_XL.jpg","contentUrl":"https:\/\/gruposae.online\/wp-content\/uploads\/2021\/09\/83c2446a0896df0a1f4af01c940ae1d9_XL.jpg","width":1200,"height":750},{"@type":"WebPage","@id":"https:\/\/gruposae.online\/index.php\/2018\/03\/13\/grupo-sae-firma-el-convenio-marco-de-colaboracion-con-la-asociacion-observatorio-trabajo-senior-45-anos\/#webpage","url":"https:\/\/gruposae.online\/index.php\/2018\/03\/13\/grupo-sae-firma-el-convenio-marco-de-colaboracion-con-la-asociacion-observatorio-trabajo-senior-45-anos\/","name":"GRUPO SAE FIRMA EL CONVENIO MARCO DE COLABORACI\u00d3N CON LA ASOCIACI\u00d3N OBSERVATORIO TRABAJO SENIOR +45 A\u00d1OS - Grupo SAE","isPartOf":{"@id":"https:\/\/gruposae.online\/#website"},"primaryImageOfPage":{"@id":"https:\/\/gruposae.online\/index.php\/2018\/03\/13\/grupo-sae-firma-el-convenio-marco-de-colaboracion-con-la-asociacion-observatorio-trabajo-senior-45-anos\/#primaryimage"},"datePublished":"2018-03-13T15:34:51+00:00","dateModified":"2021-09-17T15:36:22+00:00","breadcrumb":{"@id":"https:\/\/gruposae.online\/index.php\/2018\/03\/13\/grupo-sae-firma-el-convenio-marco-de-colaboracion-con-la-asociacion-observatorio-trabajo-senior-45-anos\/#breadcrumb"},"inLanguage":"es","potentialAction":[{"@type":"ReadAction","target":["https:\/\/gruposae.online\/index.php\/2018\/03\/13\/grupo-sae-firma-el-convenio-marco-de-colaboracion-con-la-asociacion-observatorio-trabajo-senior-45-anos\/"]}]},{"@type":"BreadcrumbList","@id":"https:\/\/gruposae.online\/index.php\/2018\/03\/13\/grupo-sae-firma-el-convenio-marco-de-colaboracion-con-la-asociacion-observatorio-trabajo-senior-45-anos\/#breadcrumb","itemListElement":[{"@type":"ListItem","position":1,"name":"Portada","item":"https:\/\/gruposae.online\/"},{"@type":"ListItem","position":2,"name":"GRUPO SAE FIRMA EL CONVENIO MARCO DE COLABORACI\u00d3N CON LA ASOCIACI\u00d3N OBSERVATORIO TRABAJO SENIOR +45 A\u00d1OS"}]},{"@type":"Article","@id":"https:\/\/gruposae.online\/index.php\/2018\/03\/13\/grupo-sae-firma-el-convenio-marco-de-colaboracion-con-la-asociacion-observatorio-trabajo-senior-45-anos\/#article","isPartOf":{"@id":"https:\/\/gruposae.online\/index.php\/2018\/03\/13\/grupo-sae-firma-el-convenio-marco-de-colaboracion-con-la-asociacion-observatorio-trabajo-senior-45-anos\/#webpage"},"author":{"@id":"https:\/\/gruposae.online\/#\/schema\/person\/d6fb6dc442a37fce8d62ef76e3d5066e"},"headline":"GRUPO SAE FIRMA EL CONVENIO MARCO DE COLABORACI\u00d3N CON LA ASOCIACI\u00d3N OBSERVATORIO TRABAJO SENIOR +45 A\u00d1OS","datePublished":"2018-03-13T15:34:51+00:00","dateModified":"2021-09-17T15:36:22+00:00","mainEntityOfPage":{"@id":"https:\/\/gruposae.online\/index.php\/2018\/03\/13\/grupo-sae-firma-el-convenio-marco-de-colaboracion-con-la-asociacion-observatorio-trabajo-senior-45-anos\/#webpage"},"wordCount":186,"commentCount":0,"publisher":{"@id":"https:\/\/gruposae.online\/#organization"},"image":{"@id":"https:\/\/gruposae.online\/index.php\/2018\/03\/13\/grupo-sae-firma-el-convenio-marco-de-colaboracion-con-la-asociacion-observatorio-trabajo-senior-45-anos\/#primaryimage"},"thumbnailUrl":"https:\/\/gruposae.online\/wp-content\/uploads\/2021\/09\/83c2446a0896df0a1f4af01c940ae1d9_XL.jpg","articleSection":["Grupo SAE"],"inLanguage":"es","potentialAction":[{"@type":"CommentAction","name":"Comment","target":["https:\/\/gruposae.online\/index.php\/2018\/03\/13\/grupo-sae-firma-el-convenio-marco-de-colaboracion-con-la-asociacion-observatorio-trabajo-senior-45-anos\/#respond"]}]},{"@type":"Person","@id":"https:\/\/gruposae.online\/#\/schema\/person\/d6fb6dc442a37fce8d62ef76e3d5066e","name":"admin","image":{"@type":"ImageObject","@id":"https:\/\/gruposae.online\/#personlogo","inLanguage":"es","url":"https:\/\/secure.gravatar.com\/avatar\/c46f05e54262093a8296c238813957ed?s=96&d=mm&r=g","contentUrl":"https:\/\/secure.gravatar.com\/avatar\/c46f05e54262093a8296c238813957ed?s=96&d=mm&r=g","caption":"admin"},"sameAs":["https:\/\/gruposae.online"]}]}},"_links":{"self":[{"href":"https:\/\/gruposae.online\/index.php\/wp-json\/wp\/v2\/posts\/409"}],"collection":[{"href":"https:\/\/gruposae.online\/index.php\/wp-json\/wp\/v2\/posts"}],"about":[{"href":"https:\/\/gruposae.online\/index.php\/wp-json\/wp\/v2\/types\/post"}],"author":[{"embeddable":true,"href":"https:\/\/gruposae.online\/index.php\/wp-json\/wp\/v2\/users\/1"}],"replies":[{"embeddable":true,"href":"https:\/\/gruposae.online\/index.php\/wp-json\/wp\/v2\/comments?post=409"}],"version-history":[{"count":1,"href":"https:\/\/gruposae.online\/index.php\/wp-json\/wp\/v2\/posts\/409\/revisions"}],"predecessor-version":[{"id":413,"href":"https:\/\/gruposae.online\/index.php\/wp-json\/wp\/v2\/posts\/409\/revisions\/413"}],"wp:featuredmedia":[{"embeddable":true,"href":"https:\/\/gruposae.online\/index.php\/wp-json\/wp\/v2\/media\/410"}],"wp:attachment":[{"href":"https:\/\/gruposae.online\/index.php\/wp-json\/wp\/v2\/media?parent=409"}],"wp:term":[{"taxonomy":"category","embeddable":true,"href":"https:\/\/gruposae.online\/index.php\/wp-json\/wp\/v2\/categories?post=409"},{"taxonomy":"post_tag","embeddable":true,"href":"https:\/\/gruposae.online\/index.php\/wp-json\/wp\/v2\/tags?post=409"}],"curies":[{"name":"wp","href":"https:\/\/api.w.org\/{rel}","templated":true}]}}