{"id":414,"date":"2018-03-13T15:36:35","date_gmt":"2018-03-13T15:36:35","guid":{"rendered":"https:\/\/gruposae.online\/?p=414"},"modified":"2021-09-17T15:38:15","modified_gmt":"2021-09-17T15:38:15","slug":"el-director-general-de-grupo-sae-acude-al-i-foro-empresarial-ciudad-de-lucena","status":"publish","type":"post","link":"https:\/\/gruposae.online\/index.php\/2018\/03\/13\/el-director-general-de-grupo-sae-acude-al-i-foro-empresarial-ciudad-de-lucena\/","title":{"rendered":"EL DIRECTOR GENERAL DE GRUPO SAE ACUDE AL I FORO EMPRESARIAL CIUDAD DE LUCENA"},"content":{"rendered":"<p>La ministra ha afirmado en Lucena que Espa\u00f1a est\u00e1 creando \u00abempleo de calidad\u00bb y que la recuperaci\u00f3n de la econom\u00eda espa\u00f1ola es un hecho incontestable, adem\u00e1s de \u00abs\u00f3lida\u00bb y social\u00bb, porque \u00abnada hay m\u00e1s social que la creaci\u00f3n de empleo\u00bb y quienes m\u00e1s sufrieron la crisis est\u00e1n encontrando ahora un camino de vuelta a la vida laboral.<\/p>\n<p>El Director General de Grupo Sae, tuvo ocasi\u00f3n de compartir unos minutos con la Ministra exponi\u00e9ndole la problem\u00e1tica en la que actualmente se encuentran los Contratos Formativos as\u00ed como otros aspectos de la Formacion para el Empleo en Espa\u00f1a, mostr\u00e1ndose en todo momento muy receptiva y amable.<\/p>\n<p>A continuaci\u00f3n algunas instant\u00e1neas del encuentro.<\/p>\n<p><img loading=\"lazy\" class=\"size-medium wp-image-416 aligncenter\" src=\"https:\/\/gruposae.online\/wp-content\/uploads\/2021\/09\/gruposae_ministra_empleo-300x187.png\" alt=\"\" width=\"300\" height=\"187\" srcset=\"https:\/\/gruposae.online\/wp-content\/uploads\/2021\/09\/gruposae_ministra_empleo-300x187.png 300w, https:\/\/gruposae.online\/wp-content\/uploads\/2021\/09\/gruposae_ministra_empleo-768x479.png 768w, https:\/\/gruposae.online\/wp-content\/uploads\/2021\/09\/gruposae_ministra_empleo-234x146.png 234w, https:\/\/gruposae.online\/wp-content\/uploads\/2021\/09\/gruposae_ministra_empleo-50x31.png 50w, https:\/\/gruposae.online\/wp-content\/uploads\/2021\/09\/gruposae_ministra_empleo-120x75.png 120w, https:\/\/gruposae.online\/wp-content\/uploads\/2021\/09\/gruposae_ministra_empleo.png 850w\" sizes=\"(max-width: 300px) 100vw, 300px\" \/><\/p>\n<p><img loading=\"lazy\" class=\"size-medium wp-image-417 aligncenter\" src=\"https:\/\/gruposae.online\/wp-content\/uploads\/2021\/09\/gruposae_ministra_empleo2-300x187.png\" alt=\"\" width=\"300\" height=\"187\" srcset=\"https:\/\/gruposae.online\/wp-content\/uploads\/2021\/09\/gruposae_ministra_empleo2-300x187.png 300w, https:\/\/gruposae.online\/wp-content\/uploads\/2021\/09\/gruposae_ministra_empleo2-768x479.png 768w, https:\/\/gruposae.online\/wp-content\/uploads\/2021\/09\/gruposae_ministra_empleo2-234x146.png 234w, https:\/\/gruposae.online\/wp-content\/uploads\/2021\/09\/gruposae_ministra_empleo2-50x31.png 50w, https:\/\/gruposae.online\/wp-content\/uploads\/2021\/09\/gruposae_ministra_empleo2-120x75.png 120w, https:\/\/gruposae.online\/wp-content\/uploads\/2021\/09\/gruposae_ministra_empleo2.png 850w\" sizes=\"(max-width: 300px) 100vw, 300px\" \/><\/p>\n<p><img loading=\"lazy\" class=\"size-medium wp-image-418 aligncenter\" src=\"https:\/\/gruposae.online\/wp-content\/uploads\/2021\/09\/gruposae_ministra_empleo3-300x187.png\" alt=\"\" width=\"300\" height=\"187\" srcset=\"https:\/\/gruposae.online\/wp-content\/uploads\/2021\/09\/gruposae_ministra_empleo3-300x187.png 300w, https:\/\/gruposae.online\/wp-content\/uploads\/2021\/09\/gruposae_ministra_empleo3-768x479.png 768w, https:\/\/gruposae.online\/wp-content\/uploads\/2021\/09\/gruposae_ministra_empleo3-234x146.png 234w, https:\/\/gruposae.online\/wp-content\/uploads\/2021\/09\/gruposae_ministra_empleo3-50x31.png 50w, https:\/\/gruposae.online\/wp-content\/uploads\/2021\/09\/gruposae_ministra_empleo3-120x75.png 120w, https:\/\/gruposae.online\/wp-content\/uploads\/2021\/09\/gruposae_ministra_empleo3.png 850w\" sizes=\"(max-width: 300px) 100vw, 300px\" \/><\/p>\n","protected":false},"excerpt":{"rendered":"<p>La ministra ha afirmado en Lucena que Espa\u00f1a est\u00e1 creando \u00abempleo de calidad\u00bb y que la recuperaci\u00f3n de la econom\u00eda espa\u00f1ola es un hecho incontestable, adem\u00e1s<span class=\"excerpt-hellip\"> [\u2026]<\/span><\/p>\n","protected":false},"author":1,"featured_media":415,"comment_status":"open","ping_status":"open","sticky":false,"template":"","format":"standard","meta":[],"categories":[1],"tags":[],"yoast_head":"<!-- This site is optimized with the Yoast SEO plugin v17.3 - https:\/\/yoast.com\/wordpress\/plugins\/seo\/ -->\n<title>EL DIRECTOR GENERAL DE GRUPO SAE ACUDE AL I FORO EMPRESARIAL CIUDAD DE LUCENA - Grupo SAE<\/title>\n<meta name=\"robots\" content=\"index, follow, max-snippet:-1, max-image-preview:large, max-video-preview:-1\" \/>\n<link rel=\"canonical\" href=\"https:\/\/gruposae.online\/index.php\/2018\/03\/13\/el-director-general-de-grupo-sae-acude-al-i-foro-empresarial-ciudad-de-lucena\/\" \/>\n<meta property=\"og:locale\" content=\"es_ES\" \/>\n<meta property=\"og:type\" content=\"article\" \/>\n<meta property=\"og:title\" content=\"EL DIRECTOR GENERAL DE GRUPO SAE ACUDE AL I FORO EMPRESARIAL CIUDAD DE LUCENA - Grupo SAE\" \/>\n<meta property=\"og:description\" content=\"La ministra ha afirmado en Lucena que Espa\u00f1a est\u00e1 creando \u00abempleo de calidad\u00bb y que la recuperaci\u00f3n de la econom\u00eda espa\u00f1ola es un hecho incontestable, adem\u00e1s [\u2026]\" \/>\n<meta property=\"og:url\" content=\"https:\/\/gruposae.online\/index.php\/2018\/03\/13\/el-director-general-de-grupo-sae-acude-al-i-foro-empresarial-ciudad-de-lucena\/\" \/>\n<meta property=\"og:site_name\" content=\"Grupo SAE\" \/>\n<meta property=\"article:published_time\" content=\"2018-03-13T15:36:35+00:00\" \/>\n<meta property=\"article:modified_time\" content=\"2021-09-17T15:38:15+00:00\" \/>\n<meta property=\"og:image\" content=\"https:\/\/gruposae.online\/wp-content\/uploads\/2021\/09\/339a0e1449b6b4062056bc300d87e893_XL.jpg\" \/>\n\t<meta property=\"og:image:width\" content=\"1200\" \/>\n\t<meta property=\"og:image:height\" content=\"748\" \/>\n<meta name=\"twitter:card\" content=\"summary_large_image\" \/>\n<meta name=\"twitter:label1\" content=\"Escrito por\" \/>\n\t<meta name=\"twitter:data1\" content=\"admin\" \/>\n\t<meta name=\"twitter:label2\" content=\"Tiempo de lectura\" \/>\n\t<meta name=\"twitter:data2\" content=\"1 minuto\" \/>\n<script type=\"application\/ld+json\" class=\"yoast-schema-graph\">{\"@context\":\"https:\/\/schema.org\",\"@graph\":[{\"@type\":\"Organization\",\"@id\":\"https:\/\/gruposae.online\/#organization\",\"name\":\"Grupo SAE\",\"url\":\"https:\/\/gruposae.online\/\",\"sameAs\":[],\"logo\":{\"@type\":\"ImageObject\",\"@id\":\"https:\/\/gruposae.online\/#logo\",\"inLanguage\":\"es\",\"url\":\"https:\/\/gruposae.online\/wp-content\/uploads\/2021\/08\/logo-gruposae-header.png\",\"contentUrl\":\"https:\/\/gruposae.online\/wp-content\/uploads\/2021\/08\/logo-gruposae-header.png\",\"width\":335,\"height\":70,\"caption\":\"Grupo SAE\"},\"image\":{\"@id\":\"https:\/\/gruposae.online\/#logo\"}},{\"@type\":\"WebSite\",\"@id\":\"https:\/\/gruposae.online\/#website\",\"url\":\"https:\/\/gruposae.online\/\",\"name\":\"Grupo SAE\",\"description\":\"\",\"publisher\":{\"@id\":\"https:\/\/gruposae.online\/#organization\"},\"potentialAction\":[{\"@type\":\"SearchAction\",\"target\":{\"@type\":\"EntryPoint\",\"urlTemplate\":\"https:\/\/gruposae.online\/?s={search_term_string}\"},\"query-input\":\"required name=search_term_string\"}],\"inLanguage\":\"es\"},{\"@type\":\"ImageObject\",\"@id\":\"https:\/\/gruposae.online\/index.php\/2018\/03\/13\/el-director-general-de-grupo-sae-acude-al-i-foro-empresarial-ciudad-de-lucena\/#primaryimage\",\"inLanguage\":\"es\",\"url\":\"https:\/\/gruposae.online\/wp-content\/uploads\/2021\/09\/339a0e1449b6b4062056bc300d87e893_XL.jpg\",\"contentUrl\":\"https:\/\/gruposae.online\/wp-content\/uploads\/2021\/09\/339a0e1449b6b4062056bc300d87e893_XL.jpg\",\"width\":1200,\"height\":748},{\"@type\":\"WebPage\",\"@id\":\"https:\/\/gruposae.online\/index.php\/2018\/03\/13\/el-director-general-de-grupo-sae-acude-al-i-foro-empresarial-ciudad-de-lucena\/#webpage\",\"url\":\"https:\/\/gruposae.online\/index.php\/2018\/03\/13\/el-director-general-de-grupo-sae-acude-al-i-foro-empresarial-ciudad-de-lucena\/\",\"name\":\"EL DIRECTOR GENERAL DE GRUPO SAE ACUDE AL I FORO EMPRESARIAL CIUDAD DE LUCENA - Grupo SAE\",\"isPartOf\":{\"@id\":\"https:\/\/gruposae.online\/#website\"},\"primaryImageOfPage\":{\"@id\":\"https:\/\/gruposae.online\/index.php\/2018\/03\/13\/el-director-general-de-grupo-sae-acude-al-i-foro-empresarial-ciudad-de-lucena\/#primaryimage\"},\"datePublished\":\"2018-03-13T15:36:35+00:00\",\"dateModified\":\"2021-09-17T15:38:15+00:00\",\"breadcrumb\":{\"@id\":\"https:\/\/gruposae.online\/index.php\/2018\/03\/13\/el-director-general-de-grupo-sae-acude-al-i-foro-empresarial-ciudad-de-lucena\/#breadcrumb\"},\"inLanguage\":\"es\",\"potentialAction\":[{\"@type\":\"ReadAction\",\"target\":[\"https:\/\/gruposae.online\/index.php\/2018\/03\/13\/el-director-general-de-grupo-sae-acude-al-i-foro-empresarial-ciudad-de-lucena\/\"]}]},{\"@type\":\"BreadcrumbList\",\"@id\":\"https:\/\/gruposae.online\/index.php\/2018\/03\/13\/el-director-general-de-grupo-sae-acude-al-i-foro-empresarial-ciudad-de-lucena\/#breadcrumb\",\"itemListElement\":[{\"@type\":\"ListItem\",\"position\":1,\"name\":\"Portada\",\"item\":\"https:\/\/gruposae.online\/\"},{\"@type\":\"ListItem\",\"position\":2,\"name\":\"EL DIRECTOR GENERAL DE GRUPO SAE ACUDE AL I FORO EMPRESARIAL CIUDAD DE LUCENA\"}]},{\"@type\":\"Article\",\"@id\":\"https:\/\/gruposae.online\/index.php\/2018\/03\/13\/el-director-general-de-grupo-sae-acude-al-i-foro-empresarial-ciudad-de-lucena\/#article\",\"isPartOf\":{\"@id\":\"https:\/\/gruposae.online\/index.php\/2018\/03\/13\/el-director-general-de-grupo-sae-acude-al-i-foro-empresarial-ciudad-de-lucena\/#webpage\"},\"author\":{\"@id\":\"https:\/\/gruposae.online\/#\/schema\/person\/d6fb6dc442a37fce8d62ef76e3d5066e\"},\"headline\":\"EL DIRECTOR GENERAL DE GRUPO SAE ACUDE AL I FORO EMPRESARIAL CIUDAD DE LUCENA\",\"datePublished\":\"2018-03-13T15:36:35+00:00\",\"dateModified\":\"2021-09-17T15:38:15+00:00\",\"mainEntityOfPage\":{\"@id\":\"https:\/\/gruposae.online\/index.php\/2018\/03\/13\/el-director-general-de-grupo-sae-acude-al-i-foro-empresarial-ciudad-de-lucena\/#webpage\"},\"wordCount\":141,\"commentCount\":0,\"publisher\":{\"@id\":\"https:\/\/gruposae.online\/#organization\"},\"image\":{\"@id\":\"https:\/\/gruposae.online\/index.php\/2018\/03\/13\/el-director-general-de-grupo-sae-acude-al-i-foro-empresarial-ciudad-de-lucena\/#primaryimage\"},\"thumbnailUrl\":\"https:\/\/gruposae.online\/wp-content\/uploads\/2021\/09\/339a0e1449b6b4062056bc300d87e893_XL.jpg\",\"articleSection\":[\"Grupo SAE\"],\"inLanguage\":\"es\",\"potentialAction\":[{\"@type\":\"CommentAction\",\"name\":\"Comment\",\"target\":[\"https:\/\/gruposae.online\/index.php\/2018\/03\/13\/el-director-general-de-grupo-sae-acude-al-i-foro-empresarial-ciudad-de-lucena\/#respond\"]}]},{\"@type\":\"Person\",\"@id\":\"https:\/\/gruposae.online\/#\/schema\/person\/d6fb6dc442a37fce8d62ef76e3d5066e\",\"name\":\"admin\",\"image\":{\"@type\":\"ImageObject\",\"@id\":\"https:\/\/gruposae.online\/#personlogo\",\"inLanguage\":\"es\",\"url\":\"https:\/\/secure.gravatar.com\/avatar\/c46f05e54262093a8296c238813957ed?s=96&d=mm&r=g\",\"contentUrl\":\"https:\/\/secure.gravatar.com\/avatar\/c46f05e54262093a8296c238813957ed?s=96&d=mm&r=g\",\"caption\":\"admin\"},\"sameAs\":[\"https:\/\/gruposae.online\"]}]}<\/script>\n<!-- \/ Yoast SEO plugin. -->","yoast_head_json":{"title":"EL DIRECTOR GENERAL DE GRUPO SAE ACUDE AL I FORO EMPRESARIAL CIUDAD DE LUCENA - Grupo SAE","robots":{"index":"index","follow":"follow","max-snippet":"max-snippet:-1","max-image-preview":"max-image-preview:large","max-video-preview":"max-video-preview:-1"},"canonical":"https:\/\/gruposae.online\/index.php\/2018\/03\/13\/el-director-general-de-grupo-sae-acude-al-i-foro-empresarial-ciudad-de-lucena\/","og_locale":"es_ES","og_type":"article","og_title":"EL DIRECTOR GENERAL DE GRUPO SAE ACUDE AL I FORO EMPRESARIAL CIUDAD DE LUCENA - Grupo SAE","og_description":"La ministra ha afirmado en Lucena que Espa\u00f1a est\u00e1 creando \u00abempleo de calidad\u00bb y que la recuperaci\u00f3n de la econom\u00eda espa\u00f1ola es un hecho incontestable, adem\u00e1s [\u2026]","og_url":"https:\/\/gruposae.online\/index.php\/2018\/03\/13\/el-director-general-de-grupo-sae-acude-al-i-foro-empresarial-ciudad-de-lucena\/","og_site_name":"Grupo SAE","article_published_time":"2018-03-13T15:36:35+00:00","article_modified_time":"2021-09-17T15:38:15+00:00","og_image":[{"width":1200,"height":748,"url":"https:\/\/gruposae.online\/wp-content\/uploads\/2021\/09\/339a0e1449b6b4062056bc300d87e893_XL.jpg","type":"image\/jpeg"}],"twitter_card":"summary_large_image","twitter_misc":{"Escrito por":"admin","Tiempo de lectura":"1 minuto"},"schema":{"@context":"https:\/\/schema.org","@graph":[{"@type":"Organization","@id":"https:\/\/gruposae.online\/#organization","name":"Grupo SAE","url":"https:\/\/gruposae.online\/","sameAs":[],"logo":{"@type":"ImageObject","@id":"https:\/\/gruposae.online\/#logo","inLanguage":"es","url":"https:\/\/gruposae.online\/wp-content\/uploads\/2021\/08\/logo-gruposae-header.png","contentUrl":"https:\/\/gruposae.online\/wp-content\/uploads\/2021\/08\/logo-gruposae-header.png","width":335,"height":70,"caption":"Grupo SAE"},"image":{"@id":"https:\/\/gruposae.online\/#logo"}},{"@type":"WebSite","@id":"https:\/\/gruposae.online\/#website","url":"https:\/\/gruposae.online\/","name":"Grupo SAE","description":"","publisher":{"@id":"https:\/\/gruposae.online\/#organization"},"potentialAction":[{"@type":"SearchAction","target":{"@type":"EntryPoint","urlTemplate":"https:\/\/gruposae.online\/?s={search_term_string}"},"query-input":"required name=search_term_string"}],"inLanguage":"es"},{"@type":"ImageObject","@id":"https:\/\/gruposae.online\/index.php\/2018\/03\/13\/el-director-general-de-grupo-sae-acude-al-i-foro-empresarial-ciudad-de-lucena\/#primaryimage","inLanguage":"es","url":"https:\/\/gruposae.online\/wp-content\/uploads\/2021\/09\/339a0e1449b6b4062056bc300d87e893_XL.jpg","contentUrl":"https:\/\/gruposae.online\/wp-content\/uploads\/2021\/09\/339a0e1449b6b4062056bc300d87e893_XL.jpg","width":1200,"height":748},{"@type":"WebPage","@id":"https:\/\/gruposae.online\/index.php\/2018\/03\/13\/el-director-general-de-grupo-sae-acude-al-i-foro-empresarial-ciudad-de-lucena\/#webpage","url":"https:\/\/gruposae.online\/index.php\/2018\/03\/13\/el-director-general-de-grupo-sae-acude-al-i-foro-empresarial-ciudad-de-lucena\/","name":"EL DIRECTOR GENERAL DE GRUPO SAE ACUDE AL I FORO EMPRESARIAL CIUDAD DE LUCENA - Grupo SAE","isPartOf":{"@id":"https:\/\/gruposae.online\/#website"},"primaryImageOfPage":{"@id":"https:\/\/gruposae.online\/index.php\/2018\/03\/13\/el-director-general-de-grupo-sae-acude-al-i-foro-empresarial-ciudad-de-lucena\/#primaryimage"},"datePublished":"2018-03-13T15:36:35+00:00","dateModified":"2021-09-17T15:38:15+00:00","breadcrumb":{"@id":"https:\/\/gruposae.online\/index.php\/2018\/03\/13\/el-director-general-de-grupo-sae-acude-al-i-foro-empresarial-ciudad-de-lucena\/#breadcrumb"},"inLanguage":"es","potentialAction":[{"@type":"ReadAction","target":["https:\/\/gruposae.online\/index.php\/2018\/03\/13\/el-director-general-de-grupo-sae-acude-al-i-foro-empresarial-ciudad-de-lucena\/"]}]},{"@type":"BreadcrumbList","@id":"https:\/\/gruposae.online\/index.php\/2018\/03\/13\/el-director-general-de-grupo-sae-acude-al-i-foro-empresarial-ciudad-de-lucena\/#breadcrumb","itemListElement":[{"@type":"ListItem","position":1,"name":"Portada","item":"https:\/\/gruposae.online\/"},{"@type":"ListItem","position":2,"name":"EL DIRECTOR GENERAL DE GRUPO SAE ACUDE AL I FORO EMPRESARIAL CIUDAD DE LUCENA"}]},{"@type":"Article","@id":"https:\/\/gruposae.online\/index.php\/2018\/03\/13\/el-director-general-de-grupo-sae-acude-al-i-foro-empresarial-ciudad-de-lucena\/#article","isPartOf":{"@id":"https:\/\/gruposae.online\/index.php\/2018\/03\/13\/el-director-general-de-grupo-sae-acude-al-i-foro-empresarial-ciudad-de-lucena\/#webpage"},"author":{"@id":"https:\/\/gruposae.online\/#\/schema\/person\/d6fb6dc442a37fce8d62ef76e3d5066e"},"headline":"EL DIRECTOR GENERAL DE GRUPO SAE ACUDE AL I FORO EMPRESARIAL CIUDAD DE LUCENA","datePublished":"2018-03-13T15:36:35+00:00","dateModified":"2021-09-17T15:38:15+00:00","mainEntityOfPage":{"@id":"https:\/\/gruposae.online\/index.php\/2018\/03\/13\/el-director-general-de-grupo-sae-acude-al-i-foro-empresarial-ciudad-de-lucena\/#webpage"},"wordCount":141,"commentCount":0,"publisher":{"@id":"https:\/\/gruposae.online\/#organization"},"image":{"@id":"https:\/\/gruposae.online\/index.php\/2018\/03\/13\/el-director-general-de-grupo-sae-acude-al-i-foro-empresarial-ciudad-de-lucena\/#primaryimage"},"thumbnailUrl":"https:\/\/gruposae.online\/wp-content\/uploads\/2021\/09\/339a0e1449b6b4062056bc300d87e893_XL.jpg","articleSection":["Grupo SAE"],"inLanguage":"es","potentialAction":[{"@type":"CommentAction","name":"Comment","target":["https:\/\/gruposae.online\/index.php\/2018\/03\/13\/el-director-general-de-grupo-sae-acude-al-i-foro-empresarial-ciudad-de-lucena\/#respond"]}]},{"@type":"Person","@id":"https:\/\/gruposae.online\/#\/schema\/person\/d6fb6dc442a37fce8d62ef76e3d5066e","name":"admin","image":{"@type":"ImageObject","@id":"https:\/\/gruposae.online\/#personlogo","inLanguage":"es","url":"https:\/\/secure.gravatar.com\/avatar\/c46f05e54262093a8296c238813957ed?s=96&d=mm&r=g","contentUrl":"https:\/\/secure.gravatar.com\/avatar\/c46f05e54262093a8296c238813957ed?s=96&d=mm&r=g","caption":"admin"},"sameAs":["https:\/\/gruposae.online"]}]}},"_links":{"self":[{"href":"https:\/\/gruposae.online\/index.php\/wp-json\/wp\/v2\/posts\/414"}],"collection":[{"href":"https:\/\/gruposae.online\/index.php\/wp-json\/wp\/v2\/posts"}],"about":[{"href":"https:\/\/gruposae.online\/index.php\/wp-json\/wp\/v2\/types\/post"}],"author":[{"embeddable":true,"href":"https:\/\/gruposae.online\/index.php\/wp-json\/wp\/v2\/users\/1"}],"replies":[{"embeddable":true,"href":"https:\/\/gruposae.online\/index.php\/wp-json\/wp\/v2\/comments?post=414"}],"version-history":[{"count":1,"href":"https:\/\/gruposae.online\/index.php\/wp-json\/wp\/v2\/posts\/414\/revisions"}],"predecessor-version":[{"id":419,"href":"https:\/\/gruposae.online\/index.php\/wp-json\/wp\/v2\/posts\/414\/revisions\/419"}],"wp:featuredmedia":[{"embeddable":true,"href":"https:\/\/gruposae.online\/index.php\/wp-json\/wp\/v2\/media\/415"}],"wp:attachment":[{"href":"https:\/\/gruposae.online\/index.php\/wp-json\/wp\/v2\/media?parent=414"}],"wp:term":[{"taxonomy":"category","embeddable":true,"href":"https:\/\/gruposae.online\/index.php\/wp-json\/wp\/v2\/categories?post=414"},{"taxonomy":"post_tag","embeddable":true,"href":"https:\/\/gruposae.online\/index.php\/wp-json\/wp\/v2\/tags?post=414"}],"curies":[{"name":"wp","href":"https:\/\/api.w.org\/{rel}","templated":true}]}}