{"id":423,"date":"2018-01-20T15:40:07","date_gmt":"2018-01-20T15:40:07","guid":{"rendered":"https:\/\/gruposae.online\/?p=423"},"modified":"2021-09-17T15:41:17","modified_gmt":"2021-09-17T15:41:17","slug":"grupo-sae-acude-a-la-jornada-presentacion-informe-formacion-para-el-empleo-en-espana","status":"publish","type":"post","link":"https:\/\/gruposae.online\/index.php\/2018\/01\/20\/grupo-sae-acude-a-la-jornada-presentacion-informe-formacion-para-el-empleo-en-espana\/","title":{"rendered":"GRUPO SAE ACUDE A LA JORNADA PRESENTACI\u00d3N INFORME FORMACI\u00d3N PARA EL EMPLEO EN ESPA\u00d1A"},"content":{"rendered":"<p>El estudio, ha sido elaborado por G\u00f3mez en colaboraci\u00f3n con la Asociaci\u00f3n Estatal de Grandes Empresas de Formaci\u00f3n (Aegef), la Asociaci\u00f3n Nacional de Centros de E-Learning y Distancia (Anced) y la Confederaci\u00f3n Espa\u00f1ola de Empresas de Formaci\u00f3n (Cecap).<\/p>\n<p>Apariciones en prensa:<\/p>\n<ul>\n<li>17\/01\/2018: Diario Sur\u00a0<a href=\"http:\/\/www.diariosur.es\/agencias\/201801\/17\/patronales-formacion-para-empleo-1119456.html\" target=\"_blank\" rel=\"noopener\">Patronales de formaci\u00f3n para el empleo proponen mayor control de los cursos<\/a><\/li>\n<li>17\/01\/2018: Hoy.es\u00a0<a href=\"http:\/\/www.hoy.es\/agencias\/201801\/17\/patronales-formacion-para-empleo-1119456.html\" target=\"_blank\" rel=\"noopener\">Patronales de formaci\u00f3n para el empleo proponen mayor control de los cursos<\/a><\/li>\n<li>17\/01\/2018: ABC.es\u00a0<a href=\"http:\/\/agencias.abc.es\/agencias\/noticia.asp?noticia=2714133\" target=\"_blank\" rel=\"noopener\">Patronales de formaci\u00f3n para el empleo proponen mayor control de los cursos<\/a><\/li>\n<li>17\/01\/2018: La Rioja\u00a0<a href=\"http:\/\/www.larioja.com\/agencias\/201801\/17\/patronales-formacion-para-empleo-1119456.html\" target=\"_blank\" rel=\"noopener\">Patronales de formaci\u00f3n para el empleo proponen mayor control de los cursos<\/a><\/li>\n<li>17\/01\/2018: Diario Vasco\u00a0<a href=\"http:\/\/www.diariovasco.com\/agencias\/201801\/17\/patronales-formacion-para-empleo-1119456.html\" target=\"_blank\" rel=\"noopener\">Patronales de formaci\u00f3n para el empleo proponen mayor control de los cursos<\/a><\/li>\n<li>17\/01\/2018: Invertia\u00a0<a href=\"https:\/\/www.invertia.com\/es\/-\/patronales-de-formacion-para-el-empleo-proponen-mayor-control-de-los-cursos\" target=\"_blank\" rel=\"noopener\">Patronales de formaci\u00f3n para el empleo proponen mayor control de los cursos<\/a><\/li>\n<li>17\/01\/2018: La Vanguardia Econom\u00eda.-\u00a0<a href=\"http:\/\/www.lavanguardia.com\/vida\/20180117\/4480720631\/economia--valeriano-gomez-cree-que-deberia-haber-mas-colaboracion-publico-privada-en-la-formacion-profesional.html\" target=\"_blank\" rel=\"noopener\">Valeriano G\u00f3mez cree que deber\u00eda haber m\u00e1s colaboraci\u00f3n p\u00fablico-privada en la formaci\u00f3n profesional<\/a><\/li>\n<li>17\/01\/2018: SIGLO XXI\u00a0<a href=\"http:\/\/www.diariosigloxxi.com\/texto-ep\/mostrar\/20180117150944\/valeriano-gomez-cree-deberia-haber-colaboracion-publico-privada-formacion-profesional\" target=\"_blank\" rel=\"noopener\">Valeriano G\u00f3mez cree que deber\u00eda haber m\u00e1s colaboraci\u00f3n p\u00fablico-privada en la formaci\u00f3n profesional<\/a><\/li>\n<li>17\/01\/2018: El Economista.es\u00a0<a href=\"http:\/\/www.eleconomista.es\/economia\/noticias\/8873657\/01\/18\/Valeriano-Gomez-cree-que-deberia-haber-mas-colaboracion-publicoprivada-en-la-formacion-profesional.html\" target=\"_blank\" rel=\"noopener\">Valeriano G\u00f3mez cree que deber\u00eda haber m\u00e1s colaboraci\u00f3n p\u00fablico-privada en la formaci\u00f3n profesional<\/a><\/li>\n<li>17\/01\/2018: El Economista.es Econom\u00eda.-\u00a0<a href=\"http:\/\/www.eleconomista.es\/economia\/noticias\/8873644\/01\/18\/Economia-Valeriano-Gomez-cree-que-deberia-haber-mas-colaboracion-publicoprivada-en-la-formacion-profesional.html\" target=\"_blank\" rel=\"noopener\">Valeriano G\u00f3mez cree que deber\u00eda haber m\u00e1s colaboraci\u00f3n p\u00fablico-privada en la formaci\u00f3n profesional<\/a><\/li>\n<li>17\/01\/2018: Interbusca\u00a0<a href=\"http:\/\/noticias.interbusca.com\/economia\/valeriano-gomez-cree-que-deberia-haber-mas-colaboracion-publico-privada-en-la-formacion-profesional-20180117150944.html\" target=\"_blank\" rel=\"noopener\">Valeriano G\u00f3mez cree que deber\u00eda haber m\u00e1s colaboraci\u00f3n p\u00fablico-privada en la formaci\u00f3n profesional<\/a><\/li>\n<li>17\/01\/2018: Norbolsa\u00a0<a href=\"http:\/\/www.norbolsa.es\/NASApp\/norline\/SesionServlet?PNBORG=E&amp;PNBFMT=html&amp;PNBNOT=20180117150945&amp;PNBVEW=2&amp;PNBIDI=es&amp;PNBINS=9573&amp;PNBSTR=OSTSFR00&amp;PNBPOR=pc1a&amp;PNBMEN=3.2.1&amp;PNBOPE=NOTDNO00\" target=\"_blank\" rel=\"noopener\">Valeriano G\u00f3mez cree que deber\u00eda haber m\u00e1s colaboraci\u00f3n p\u00fablico-privada en la formaci\u00f3n profesional<\/a><\/li>\n<li>17\/01\/2018: Informativos Telecinco\u00a0<a href=\"http:\/\/www.telecinco.es\/informativos\/economia\/Valeriano-Gomez-colaboracion-publico-privada-profesional_0_2501100823.html\" target=\"_blank\" rel=\"noopener\">Valeriano G\u00f3mez cree que deber\u00eda haber m\u00e1s colaboraci\u00f3n p\u00fablico-privada en la formaci\u00f3n profesional<\/a><\/li>\n<li>17\/01\/2018: Finanzas.com Econom\u00eda.-\u00a0<a href=\"http:\/\/www.finanzas.com\/noticias\/economia\/20180117\/economia-valeriano-gomez-cree-3763290.html\" target=\"_blank\" rel=\"noopener\">Valeriano G\u00f3mez cree que deber\u00eda haber m\u00e1s colaboraci\u00f3n p\u00fablico-privada en la formaci\u00f3n profesional<\/a><\/li>\n<li>17\/01\/2018: Invertia Econom\u00eda.-\u00a0<a href=\"https:\/\/www.invertia.com\/es\/-\/economia-valeriano-gomez-cree-que-deberia-haber-mas-colaboracion-publico-privada-en-la-formacion-profesional\" target=\"_blank\" rel=\"noopener\">Valeriano G\u00f3mez cree que deber\u00eda haber m\u00e1s colaboraci\u00f3n p\u00fablico-privada en la formaci\u00f3n profesional<\/a><\/li>\n<li>17\/01\/2018: TeInteresa.es\u00a0<a href=\"http:\/\/www.teinteresa.es\/empleo\/trabajo\/Valeriano-Gomez-colaboracion-publico-privada-profesional_0_1944406008.html\" target=\"_blank\" rel=\"noopener\">Valeriano G\u00f3mez cree que deber\u00eda haber m\u00e1s colaboraci\u00f3n p\u00fablico-privada en la formaci\u00f3n profesional<\/a><\/li>\n<li>17\/01\/2018: Cuatro.com\u00a0<a href=\"http:\/\/www.cuatro.com\/noticias\/economia\/Valeriano-Gomez-colaboracion-publico-privada-profesional_0_2501100824.html\" target=\"_blank\" rel=\"noopener\">Valeriano G\u00f3mez cree que deber\u00eda haber m\u00e1s colaboraci\u00f3n p\u00fablico-privada en la formaci\u00f3n profesional<\/a><\/li>\n<li>17\/01\/2018: Europa Press\u00a0<a href=\"http:\/\/www.europapress.es\/economia\/laboral-00346\/noticia-valeriano-gomez-cree-deberia-haber-mas-colaboracion-publico-privada-formacion-profesional-20180117150945.html\" target=\"_blank\" rel=\"noopener\">Valeriano G\u00f3mez cree que deber\u00eda haber m\u00e1s colaboraci\u00f3n p\u00fablico-privada en la formaci\u00f3n profesional<\/a><\/li>\n<\/ul>\n","protected":false},"excerpt":{"rendered":"<p>El estudio, ha sido elaborado por G\u00f3mez en colaboraci\u00f3n con la Asociaci\u00f3n Estatal de Grandes Empresas de Formaci\u00f3n (Aegef), la Asociaci\u00f3n Nacional de Centros de E-Learning<span class=\"excerpt-hellip\"> [\u2026]<\/span><\/p>\n","protected":false},"author":1,"featured_media":424,"comment_status":"open","ping_status":"open","sticky":false,"template":"","format":"standard","meta":[],"categories":[1],"tags":[],"yoast_head":"<!-- This site is optimized with the Yoast SEO plugin v17.3 - https:\/\/yoast.com\/wordpress\/plugins\/seo\/ -->\n<title>GRUPO SAE ACUDE A LA JORNADA PRESENTACI\u00d3N INFORME FORMACI\u00d3N PARA EL EMPLEO EN ESPA\u00d1A - Grupo SAE<\/title>\n<meta name=\"robots\" content=\"index, follow, max-snippet:-1, max-image-preview:large, max-video-preview:-1\" \/>\n<link rel=\"canonical\" href=\"https:\/\/gruposae.online\/index.php\/2018\/01\/20\/grupo-sae-acude-a-la-jornada-presentacion-informe-formacion-para-el-empleo-en-espana\/\" \/>\n<meta property=\"og:locale\" content=\"es_ES\" \/>\n<meta property=\"og:type\" content=\"article\" \/>\n<meta property=\"og:title\" content=\"GRUPO SAE ACUDE A LA JORNADA PRESENTACI\u00d3N INFORME FORMACI\u00d3N PARA EL EMPLEO EN ESPA\u00d1A - Grupo SAE\" \/>\n<meta property=\"og:description\" content=\"El estudio, ha sido elaborado por G\u00f3mez en colaboraci\u00f3n con la Asociaci\u00f3n Estatal de Grandes Empresas de Formaci\u00f3n (Aegef), la Asociaci\u00f3n Nacional de Centros de E-Learning [\u2026]\" \/>\n<meta property=\"og:url\" content=\"https:\/\/gruposae.online\/index.php\/2018\/01\/20\/grupo-sae-acude-a-la-jornada-presentacion-informe-formacion-para-el-empleo-en-espana\/\" \/>\n<meta property=\"og:site_name\" content=\"Grupo SAE\" \/>\n<meta property=\"article:published_time\" content=\"2018-01-20T15:40:07+00:00\" \/>\n<meta property=\"article:modified_time\" content=\"2021-09-17T15:41:17+00:00\" \/>\n<meta property=\"og:image\" content=\"https:\/\/gruposae.online\/wp-content\/uploads\/2021\/09\/0548677e6432786dd8df61eb3aaec139_XL.jpg\" \/>\n\t<meta property=\"og:image:width\" content=\"1200\" \/>\n\t<meta property=\"og:image:height\" content=\"748\" \/>\n<meta name=\"twitter:card\" content=\"summary_large_image\" \/>\n<meta name=\"twitter:label1\" content=\"Escrito por\" \/>\n\t<meta name=\"twitter:data1\" content=\"admin\" \/>\n\t<meta name=\"twitter:label2\" content=\"Tiempo de lectura\" \/>\n\t<meta name=\"twitter:data2\" content=\"2 minutos\" \/>\n<script type=\"application\/ld+json\" class=\"yoast-schema-graph\">{\"@context\":\"https:\/\/schema.org\",\"@graph\":[{\"@type\":\"Organization\",\"@id\":\"https:\/\/gruposae.online\/#organization\",\"name\":\"Grupo SAE\",\"url\":\"https:\/\/gruposae.online\/\",\"sameAs\":[],\"logo\":{\"@type\":\"ImageObject\",\"@id\":\"https:\/\/gruposae.online\/#logo\",\"inLanguage\":\"es\",\"url\":\"https:\/\/gruposae.online\/wp-content\/uploads\/2021\/08\/logo-gruposae-header.png\",\"contentUrl\":\"https:\/\/gruposae.online\/wp-content\/uploads\/2021\/08\/logo-gruposae-header.png\",\"width\":335,\"height\":70,\"caption\":\"Grupo SAE\"},\"image\":{\"@id\":\"https:\/\/gruposae.online\/#logo\"}},{\"@type\":\"WebSite\",\"@id\":\"https:\/\/gruposae.online\/#website\",\"url\":\"https:\/\/gruposae.online\/\",\"name\":\"Grupo SAE\",\"description\":\"\",\"publisher\":{\"@id\":\"https:\/\/gruposae.online\/#organization\"},\"potentialAction\":[{\"@type\":\"SearchAction\",\"target\":{\"@type\":\"EntryPoint\",\"urlTemplate\":\"https:\/\/gruposae.online\/?s={search_term_string}\"},\"query-input\":\"required name=search_term_string\"}],\"inLanguage\":\"es\"},{\"@type\":\"ImageObject\",\"@id\":\"https:\/\/gruposae.online\/index.php\/2018\/01\/20\/grupo-sae-acude-a-la-jornada-presentacion-informe-formacion-para-el-empleo-en-espana\/#primaryimage\",\"inLanguage\":\"es\",\"url\":\"https:\/\/gruposae.online\/wp-content\/uploads\/2021\/09\/0548677e6432786dd8df61eb3aaec139_XL.jpg\",\"contentUrl\":\"https:\/\/gruposae.online\/wp-content\/uploads\/2021\/09\/0548677e6432786dd8df61eb3aaec139_XL.jpg\",\"width\":1200,\"height\":748},{\"@type\":\"WebPage\",\"@id\":\"https:\/\/gruposae.online\/index.php\/2018\/01\/20\/grupo-sae-acude-a-la-jornada-presentacion-informe-formacion-para-el-empleo-en-espana\/#webpage\",\"url\":\"https:\/\/gruposae.online\/index.php\/2018\/01\/20\/grupo-sae-acude-a-la-jornada-presentacion-informe-formacion-para-el-empleo-en-espana\/\",\"name\":\"GRUPO SAE ACUDE A LA JORNADA PRESENTACI\\u00d3N INFORME FORMACI\\u00d3N PARA EL EMPLEO EN ESPA\\u00d1A - Grupo SAE\",\"isPartOf\":{\"@id\":\"https:\/\/gruposae.online\/#website\"},\"primaryImageOfPage\":{\"@id\":\"https:\/\/gruposae.online\/index.php\/2018\/01\/20\/grupo-sae-acude-a-la-jornada-presentacion-informe-formacion-para-el-empleo-en-espana\/#primaryimage\"},\"datePublished\":\"2018-01-20T15:40:07+00:00\",\"dateModified\":\"2021-09-17T15:41:17+00:00\",\"breadcrumb\":{\"@id\":\"https:\/\/gruposae.online\/index.php\/2018\/01\/20\/grupo-sae-acude-a-la-jornada-presentacion-informe-formacion-para-el-empleo-en-espana\/#breadcrumb\"},\"inLanguage\":\"es\",\"potentialAction\":[{\"@type\":\"ReadAction\",\"target\":[\"https:\/\/gruposae.online\/index.php\/2018\/01\/20\/grupo-sae-acude-a-la-jornada-presentacion-informe-formacion-para-el-empleo-en-espana\/\"]}]},{\"@type\":\"BreadcrumbList\",\"@id\":\"https:\/\/gruposae.online\/index.php\/2018\/01\/20\/grupo-sae-acude-a-la-jornada-presentacion-informe-formacion-para-el-empleo-en-espana\/#breadcrumb\",\"itemListElement\":[{\"@type\":\"ListItem\",\"position\":1,\"name\":\"Portada\",\"item\":\"https:\/\/gruposae.online\/\"},{\"@type\":\"ListItem\",\"position\":2,\"name\":\"GRUPO SAE ACUDE A LA JORNADA PRESENTACI\\u00d3N INFORME FORMACI\\u00d3N PARA EL EMPLEO EN ESPA\\u00d1A\"}]},{\"@type\":\"Article\",\"@id\":\"https:\/\/gruposae.online\/index.php\/2018\/01\/20\/grupo-sae-acude-a-la-jornada-presentacion-informe-formacion-para-el-empleo-en-espana\/#article\",\"isPartOf\":{\"@id\":\"https:\/\/gruposae.online\/index.php\/2018\/01\/20\/grupo-sae-acude-a-la-jornada-presentacion-informe-formacion-para-el-empleo-en-espana\/#webpage\"},\"author\":{\"@id\":\"https:\/\/gruposae.online\/#\/schema\/person\/d6fb6dc442a37fce8d62ef76e3d5066e\"},\"headline\":\"GRUPO SAE ACUDE A LA JORNADA PRESENTACI\\u00d3N INFORME FORMACI\\u00d3N PARA EL EMPLEO EN ESPA\\u00d1A\",\"datePublished\":\"2018-01-20T15:40:07+00:00\",\"dateModified\":\"2021-09-17T15:41:17+00:00\",\"mainEntityOfPage\":{\"@id\":\"https:\/\/gruposae.online\/index.php\/2018\/01\/20\/grupo-sae-acude-a-la-jornada-presentacion-informe-formacion-para-el-empleo-en-espana\/#webpage\"},\"wordCount\":418,\"commentCount\":0,\"publisher\":{\"@id\":\"https:\/\/gruposae.online\/#organization\"},\"image\":{\"@id\":\"https:\/\/gruposae.online\/index.php\/2018\/01\/20\/grupo-sae-acude-a-la-jornada-presentacion-informe-formacion-para-el-empleo-en-espana\/#primaryimage\"},\"thumbnailUrl\":\"https:\/\/gruposae.online\/wp-content\/uploads\/2021\/09\/0548677e6432786dd8df61eb3aaec139_XL.jpg\",\"articleSection\":[\"Grupo SAE\"],\"inLanguage\":\"es\",\"potentialAction\":[{\"@type\":\"CommentAction\",\"name\":\"Comment\",\"target\":[\"https:\/\/gruposae.online\/index.php\/2018\/01\/20\/grupo-sae-acude-a-la-jornada-presentacion-informe-formacion-para-el-empleo-en-espana\/#respond\"]}]},{\"@type\":\"Person\",\"@id\":\"https:\/\/gruposae.online\/#\/schema\/person\/d6fb6dc442a37fce8d62ef76e3d5066e\",\"name\":\"admin\",\"image\":{\"@type\":\"ImageObject\",\"@id\":\"https:\/\/gruposae.online\/#personlogo\",\"inLanguage\":\"es\",\"url\":\"https:\/\/secure.gravatar.com\/avatar\/c46f05e54262093a8296c238813957ed?s=96&d=mm&r=g\",\"contentUrl\":\"https:\/\/secure.gravatar.com\/avatar\/c46f05e54262093a8296c238813957ed?s=96&d=mm&r=g\",\"caption\":\"admin\"},\"sameAs\":[\"https:\/\/gruposae.online\"]}]}<\/script>\n<!-- \/ Yoast SEO plugin. -->","yoast_head_json":{"title":"GRUPO SAE ACUDE A LA JORNADA PRESENTACI\u00d3N INFORME FORMACI\u00d3N PARA EL EMPLEO EN ESPA\u00d1A - Grupo SAE","robots":{"index":"index","follow":"follow","max-snippet":"max-snippet:-1","max-image-preview":"max-image-preview:large","max-video-preview":"max-video-preview:-1"},"canonical":"https:\/\/gruposae.online\/index.php\/2018\/01\/20\/grupo-sae-acude-a-la-jornada-presentacion-informe-formacion-para-el-empleo-en-espana\/","og_locale":"es_ES","og_type":"article","og_title":"GRUPO SAE ACUDE A LA JORNADA PRESENTACI\u00d3N INFORME FORMACI\u00d3N PARA EL EMPLEO EN ESPA\u00d1A - Grupo SAE","og_description":"El estudio, ha sido elaborado por G\u00f3mez en colaboraci\u00f3n con la Asociaci\u00f3n Estatal de Grandes Empresas de Formaci\u00f3n (Aegef), la Asociaci\u00f3n Nacional de Centros de E-Learning [\u2026]","og_url":"https:\/\/gruposae.online\/index.php\/2018\/01\/20\/grupo-sae-acude-a-la-jornada-presentacion-informe-formacion-para-el-empleo-en-espana\/","og_site_name":"Grupo SAE","article_published_time":"2018-01-20T15:40:07+00:00","article_modified_time":"2021-09-17T15:41:17+00:00","og_image":[{"width":1200,"height":748,"url":"https:\/\/gruposae.online\/wp-content\/uploads\/2021\/09\/0548677e6432786dd8df61eb3aaec139_XL.jpg","type":"image\/jpeg"}],"twitter_card":"summary_large_image","twitter_misc":{"Escrito por":"admin","Tiempo de lectura":"2 minutos"},"schema":{"@context":"https:\/\/schema.org","@graph":[{"@type":"Organization","@id":"https:\/\/gruposae.online\/#organization","name":"Grupo SAE","url":"https:\/\/gruposae.online\/","sameAs":[],"logo":{"@type":"ImageObject","@id":"https:\/\/gruposae.online\/#logo","inLanguage":"es","url":"https:\/\/gruposae.online\/wp-content\/uploads\/2021\/08\/logo-gruposae-header.png","contentUrl":"https:\/\/gruposae.online\/wp-content\/uploads\/2021\/08\/logo-gruposae-header.png","width":335,"height":70,"caption":"Grupo SAE"},"image":{"@id":"https:\/\/gruposae.online\/#logo"}},{"@type":"WebSite","@id":"https:\/\/gruposae.online\/#website","url":"https:\/\/gruposae.online\/","name":"Grupo SAE","description":"","publisher":{"@id":"https:\/\/gruposae.online\/#organization"},"potentialAction":[{"@type":"SearchAction","target":{"@type":"EntryPoint","urlTemplate":"https:\/\/gruposae.online\/?s={search_term_string}"},"query-input":"required name=search_term_string"}],"inLanguage":"es"},{"@type":"ImageObject","@id":"https:\/\/gruposae.online\/index.php\/2018\/01\/20\/grupo-sae-acude-a-la-jornada-presentacion-informe-formacion-para-el-empleo-en-espana\/#primaryimage","inLanguage":"es","url":"https:\/\/gruposae.online\/wp-content\/uploads\/2021\/09\/0548677e6432786dd8df61eb3aaec139_XL.jpg","contentUrl":"https:\/\/gruposae.online\/wp-content\/uploads\/2021\/09\/0548677e6432786dd8df61eb3aaec139_XL.jpg","width":1200,"height":748},{"@type":"WebPage","@id":"https:\/\/gruposae.online\/index.php\/2018\/01\/20\/grupo-sae-acude-a-la-jornada-presentacion-informe-formacion-para-el-empleo-en-espana\/#webpage","url":"https:\/\/gruposae.online\/index.php\/2018\/01\/20\/grupo-sae-acude-a-la-jornada-presentacion-informe-formacion-para-el-empleo-en-espana\/","name":"GRUPO SAE ACUDE A LA JORNADA PRESENTACI\u00d3N INFORME FORMACI\u00d3N PARA EL EMPLEO EN ESPA\u00d1A - Grupo SAE","isPartOf":{"@id":"https:\/\/gruposae.online\/#website"},"primaryImageOfPage":{"@id":"https:\/\/gruposae.online\/index.php\/2018\/01\/20\/grupo-sae-acude-a-la-jornada-presentacion-informe-formacion-para-el-empleo-en-espana\/#primaryimage"},"datePublished":"2018-01-20T15:40:07+00:00","dateModified":"2021-09-17T15:41:17+00:00","breadcrumb":{"@id":"https:\/\/gruposae.online\/index.php\/2018\/01\/20\/grupo-sae-acude-a-la-jornada-presentacion-informe-formacion-para-el-empleo-en-espana\/#breadcrumb"},"inLanguage":"es","potentialAction":[{"@type":"ReadAction","target":["https:\/\/gruposae.online\/index.php\/2018\/01\/20\/grupo-sae-acude-a-la-jornada-presentacion-informe-formacion-para-el-empleo-en-espana\/"]}]},{"@type":"BreadcrumbList","@id":"https:\/\/gruposae.online\/index.php\/2018\/01\/20\/grupo-sae-acude-a-la-jornada-presentacion-informe-formacion-para-el-empleo-en-espana\/#breadcrumb","itemListElement":[{"@type":"ListItem","position":1,"name":"Portada","item":"https:\/\/gruposae.online\/"},{"@type":"ListItem","position":2,"name":"GRUPO SAE ACUDE A LA JORNADA PRESENTACI\u00d3N INFORME FORMACI\u00d3N PARA EL EMPLEO EN ESPA\u00d1A"}]},{"@type":"Article","@id":"https:\/\/gruposae.online\/index.php\/2018\/01\/20\/grupo-sae-acude-a-la-jornada-presentacion-informe-formacion-para-el-empleo-en-espana\/#article","isPartOf":{"@id":"https:\/\/gruposae.online\/index.php\/2018\/01\/20\/grupo-sae-acude-a-la-jornada-presentacion-informe-formacion-para-el-empleo-en-espana\/#webpage"},"author":{"@id":"https:\/\/gruposae.online\/#\/schema\/person\/d6fb6dc442a37fce8d62ef76e3d5066e"},"headline":"GRUPO SAE ACUDE A LA JORNADA PRESENTACI\u00d3N INFORME FORMACI\u00d3N PARA EL EMPLEO EN ESPA\u00d1A","datePublished":"2018-01-20T15:40:07+00:00","dateModified":"2021-09-17T15:41:17+00:00","mainEntityOfPage":{"@id":"https:\/\/gruposae.online\/index.php\/2018\/01\/20\/grupo-sae-acude-a-la-jornada-presentacion-informe-formacion-para-el-empleo-en-espana\/#webpage"},"wordCount":418,"commentCount":0,"publisher":{"@id":"https:\/\/gruposae.online\/#organization"},"image":{"@id":"https:\/\/gruposae.online\/index.php\/2018\/01\/20\/grupo-sae-acude-a-la-jornada-presentacion-informe-formacion-para-el-empleo-en-espana\/#primaryimage"},"thumbnailUrl":"https:\/\/gruposae.online\/wp-content\/uploads\/2021\/09\/0548677e6432786dd8df61eb3aaec139_XL.jpg","articleSection":["Grupo SAE"],"inLanguage":"es","potentialAction":[{"@type":"CommentAction","name":"Comment","target":["https:\/\/gruposae.online\/index.php\/2018\/01\/20\/grupo-sae-acude-a-la-jornada-presentacion-informe-formacion-para-el-empleo-en-espana\/#respond"]}]},{"@type":"Person","@id":"https:\/\/gruposae.online\/#\/schema\/person\/d6fb6dc442a37fce8d62ef76e3d5066e","name":"admin","image":{"@type":"ImageObject","@id":"https:\/\/gruposae.online\/#personlogo","inLanguage":"es","url":"https:\/\/secure.gravatar.com\/avatar\/c46f05e54262093a8296c238813957ed?s=96&d=mm&r=g","contentUrl":"https:\/\/secure.gravatar.com\/avatar\/c46f05e54262093a8296c238813957ed?s=96&d=mm&r=g","caption":"admin"},"sameAs":["https:\/\/gruposae.online"]}]}},"_links":{"self":[{"href":"https:\/\/gruposae.online\/index.php\/wp-json\/wp\/v2\/posts\/423"}],"collection":[{"href":"https:\/\/gruposae.online\/index.php\/wp-json\/wp\/v2\/posts"}],"about":[{"href":"https:\/\/gruposae.online\/index.php\/wp-json\/wp\/v2\/types\/post"}],"author":[{"embeddable":true,"href":"https:\/\/gruposae.online\/index.php\/wp-json\/wp\/v2\/users\/1"}],"replies":[{"embeddable":true,"href":"https:\/\/gruposae.online\/index.php\/wp-json\/wp\/v2\/comments?post=423"}],"version-history":[{"count":1,"href":"https:\/\/gruposae.online\/index.php\/wp-json\/wp\/v2\/posts\/423\/revisions"}],"predecessor-version":[{"id":425,"href":"https:\/\/gruposae.online\/index.php\/wp-json\/wp\/v2\/posts\/423\/revisions\/425"}],"wp:featuredmedia":[{"embeddable":true,"href":"https:\/\/gruposae.online\/index.php\/wp-json\/wp\/v2\/media\/424"}],"wp:attachment":[{"href":"https:\/\/gruposae.online\/index.php\/wp-json\/wp\/v2\/media?parent=423"}],"wp:term":[{"taxonomy":"category","embeddable":true,"href":"https:\/\/gruposae.online\/index.php\/wp-json\/wp\/v2\/categories?post=423"},{"taxonomy":"post_tag","embeddable":true,"href":"https:\/\/gruposae.online\/index.php\/wp-json\/wp\/v2\/tags?post=423"}],"curies":[{"name":"wp","href":"https:\/\/api.w.org\/{rel}","templated":true}]}}