{"id":426,"date":"2018-01-02T15:41:32","date_gmt":"2018-01-02T15:41:32","guid":{"rendered":"https:\/\/gruposae.online\/?p=426"},"modified":"2021-09-17T15:42:38","modified_gmt":"2021-09-17T15:42:38","slug":"grupo-sae-ha-sido-autorizada-como-centro-docente-privado-de-formacion-profesional","status":"publish","type":"post","link":"https:\/\/gruposae.online\/index.php\/2018\/01\/02\/grupo-sae-ha-sido-autorizada-como-centro-docente-privado-de-formacion-profesional\/","title":{"rendered":"GRUPO SAE HA SIDO AUTORIZADA COMO CENTRO DOCENTE PRIVADO DE FORMACION PROFESIONAL"},"content":{"rendered":"<p>GRUPO SAE a trav\u00e9s de una de sus empresas Instituto de Orientaci\u00f3n Profesional Elearning(IOPE), ha sido autorizada con fecha 15 de Septiembre por la Consejeria de Educaci\u00f3n, Cultura y Deporte de la Junta de Andalucia, como Centro Docente Privado de Formacion Profesional, y publicado en BOJA n\u00ba 199 de 17\/10\/2017 en los siguientes Ciclos:<\/p>\n<ul>\n<li>Ciclo Superior de Administracion y Finanzas.<\/li>\n<li>Ciclo de Grado Medio Gestion Administrativa.<\/li>\n<li>Ciclo Grado Medio Actividades Comerciales.<\/li>\n<\/ul>\n<p>Dicho centro llevara el nombre del Ilustre e insigne escritor \u201cJuan Valera\u201d.<\/p>\n<p>A finales de Enero estar\u00e1 disponible la Web del Centro, donde encontrar\u00e1 toda la informaci\u00f3n necesaria para la matriculaci\u00f3n en el curso acad\u00e9mico 2018\/2019.<\/p>\n","protected":false},"excerpt":{"rendered":"<p>GRUPO SAE a trav\u00e9s de una de sus empresas Instituto de Orientaci\u00f3n Profesional Elearning(IOPE), ha sido autorizada con fecha 15 de Septiembre por la Consejeria de<span class=\"excerpt-hellip\"> [\u2026]<\/span><\/p>\n","protected":false},"author":1,"featured_media":427,"comment_status":"open","ping_status":"open","sticky":false,"template":"","format":"standard","meta":[],"categories":[1],"tags":[],"yoast_head":"<!-- This site is optimized with the Yoast SEO plugin v17.3 - https:\/\/yoast.com\/wordpress\/plugins\/seo\/ -->\n<title>GRUPO SAE HA SIDO AUTORIZADA COMO CENTRO DOCENTE PRIVADO DE FORMACION PROFESIONAL - Grupo SAE<\/title>\n<meta name=\"robots\" content=\"index, follow, max-snippet:-1, max-image-preview:large, max-video-preview:-1\" \/>\n<link rel=\"canonical\" href=\"https:\/\/gruposae.online\/index.php\/2018\/01\/02\/grupo-sae-ha-sido-autorizada-como-centro-docente-privado-de-formacion-profesional\/\" \/>\n<meta property=\"og:locale\" content=\"es_ES\" \/>\n<meta property=\"og:type\" content=\"article\" \/>\n<meta property=\"og:title\" content=\"GRUPO SAE HA SIDO AUTORIZADA COMO CENTRO DOCENTE PRIVADO DE FORMACION PROFESIONAL - Grupo SAE\" \/>\n<meta property=\"og:description\" content=\"GRUPO SAE a trav\u00e9s de una de sus empresas Instituto de Orientaci\u00f3n Profesional Elearning(IOPE), ha sido autorizada con fecha 15 de Septiembre por la Consejeria de [\u2026]\" \/>\n<meta property=\"og:url\" content=\"https:\/\/gruposae.online\/index.php\/2018\/01\/02\/grupo-sae-ha-sido-autorizada-como-centro-docente-privado-de-formacion-profesional\/\" \/>\n<meta property=\"og:site_name\" content=\"Grupo SAE\" \/>\n<meta property=\"article:published_time\" content=\"2018-01-02T15:41:32+00:00\" \/>\n<meta property=\"article:modified_time\" content=\"2021-09-17T15:42:38+00:00\" \/>\n<meta property=\"og:image\" content=\"https:\/\/gruposae.online\/wp-content\/uploads\/2021\/09\/d3b3799d6611d677944f5f86a500beb3_XL.jpg\" \/>\n\t<meta property=\"og:image:width\" content=\"1200\" \/>\n\t<meta property=\"og:image:height\" content=\"748\" \/>\n<meta name=\"twitter:card\" content=\"summary_large_image\" \/>\n<meta name=\"twitter:label1\" content=\"Escrito por\" \/>\n\t<meta name=\"twitter:data1\" content=\"admin\" \/>\n\t<meta name=\"twitter:label2\" content=\"Tiempo de lectura\" \/>\n\t<meta name=\"twitter:data2\" content=\"1 minuto\" \/>\n<script type=\"application\/ld+json\" class=\"yoast-schema-graph\">{\"@context\":\"https:\/\/schema.org\",\"@graph\":[{\"@type\":\"Organization\",\"@id\":\"https:\/\/gruposae.online\/#organization\",\"name\":\"Grupo SAE\",\"url\":\"https:\/\/gruposae.online\/\",\"sameAs\":[],\"logo\":{\"@type\":\"ImageObject\",\"@id\":\"https:\/\/gruposae.online\/#logo\",\"inLanguage\":\"es\",\"url\":\"https:\/\/gruposae.online\/wp-content\/uploads\/2021\/08\/logo-gruposae-header.png\",\"contentUrl\":\"https:\/\/gruposae.online\/wp-content\/uploads\/2021\/08\/logo-gruposae-header.png\",\"width\":335,\"height\":70,\"caption\":\"Grupo SAE\"},\"image\":{\"@id\":\"https:\/\/gruposae.online\/#logo\"}},{\"@type\":\"WebSite\",\"@id\":\"https:\/\/gruposae.online\/#website\",\"url\":\"https:\/\/gruposae.online\/\",\"name\":\"Grupo SAE\",\"description\":\"\",\"publisher\":{\"@id\":\"https:\/\/gruposae.online\/#organization\"},\"potentialAction\":[{\"@type\":\"SearchAction\",\"target\":{\"@type\":\"EntryPoint\",\"urlTemplate\":\"https:\/\/gruposae.online\/?s={search_term_string}\"},\"query-input\":\"required name=search_term_string\"}],\"inLanguage\":\"es\"},{\"@type\":\"ImageObject\",\"@id\":\"https:\/\/gruposae.online\/index.php\/2018\/01\/02\/grupo-sae-ha-sido-autorizada-como-centro-docente-privado-de-formacion-profesional\/#primaryimage\",\"inLanguage\":\"es\",\"url\":\"https:\/\/gruposae.online\/wp-content\/uploads\/2021\/09\/d3b3799d6611d677944f5f86a500beb3_XL.jpg\",\"contentUrl\":\"https:\/\/gruposae.online\/wp-content\/uploads\/2021\/09\/d3b3799d6611d677944f5f86a500beb3_XL.jpg\",\"width\":1200,\"height\":748},{\"@type\":\"WebPage\",\"@id\":\"https:\/\/gruposae.online\/index.php\/2018\/01\/02\/grupo-sae-ha-sido-autorizada-como-centro-docente-privado-de-formacion-profesional\/#webpage\",\"url\":\"https:\/\/gruposae.online\/index.php\/2018\/01\/02\/grupo-sae-ha-sido-autorizada-como-centro-docente-privado-de-formacion-profesional\/\",\"name\":\"GRUPO SAE HA SIDO AUTORIZADA COMO CENTRO DOCENTE PRIVADO DE FORMACION PROFESIONAL - Grupo SAE\",\"isPartOf\":{\"@id\":\"https:\/\/gruposae.online\/#website\"},\"primaryImageOfPage\":{\"@id\":\"https:\/\/gruposae.online\/index.php\/2018\/01\/02\/grupo-sae-ha-sido-autorizada-como-centro-docente-privado-de-formacion-profesional\/#primaryimage\"},\"datePublished\":\"2018-01-02T15:41:32+00:00\",\"dateModified\":\"2021-09-17T15:42:38+00:00\",\"breadcrumb\":{\"@id\":\"https:\/\/gruposae.online\/index.php\/2018\/01\/02\/grupo-sae-ha-sido-autorizada-como-centro-docente-privado-de-formacion-profesional\/#breadcrumb\"},\"inLanguage\":\"es\",\"potentialAction\":[{\"@type\":\"ReadAction\",\"target\":[\"https:\/\/gruposae.online\/index.php\/2018\/01\/02\/grupo-sae-ha-sido-autorizada-como-centro-docente-privado-de-formacion-profesional\/\"]}]},{\"@type\":\"BreadcrumbList\",\"@id\":\"https:\/\/gruposae.online\/index.php\/2018\/01\/02\/grupo-sae-ha-sido-autorizada-como-centro-docente-privado-de-formacion-profesional\/#breadcrumb\",\"itemListElement\":[{\"@type\":\"ListItem\",\"position\":1,\"name\":\"Portada\",\"item\":\"https:\/\/gruposae.online\/\"},{\"@type\":\"ListItem\",\"position\":2,\"name\":\"GRUPO SAE HA SIDO AUTORIZADA COMO CENTRO DOCENTE PRIVADO DE FORMACION PROFESIONAL\"}]},{\"@type\":\"Article\",\"@id\":\"https:\/\/gruposae.online\/index.php\/2018\/01\/02\/grupo-sae-ha-sido-autorizada-como-centro-docente-privado-de-formacion-profesional\/#article\",\"isPartOf\":{\"@id\":\"https:\/\/gruposae.online\/index.php\/2018\/01\/02\/grupo-sae-ha-sido-autorizada-como-centro-docente-privado-de-formacion-profesional\/#webpage\"},\"author\":{\"@id\":\"https:\/\/gruposae.online\/#\/schema\/person\/d6fb6dc442a37fce8d62ef76e3d5066e\"},\"headline\":\"GRUPO SAE HA SIDO AUTORIZADA COMO CENTRO DOCENTE PRIVADO DE FORMACION PROFESIONAL\",\"datePublished\":\"2018-01-02T15:41:32+00:00\",\"dateModified\":\"2021-09-17T15:42:38+00:00\",\"mainEntityOfPage\":{\"@id\":\"https:\/\/gruposae.online\/index.php\/2018\/01\/02\/grupo-sae-ha-sido-autorizada-como-centro-docente-privado-de-formacion-profesional\/#webpage\"},\"wordCount\":122,\"commentCount\":0,\"publisher\":{\"@id\":\"https:\/\/gruposae.online\/#organization\"},\"image\":{\"@id\":\"https:\/\/gruposae.online\/index.php\/2018\/01\/02\/grupo-sae-ha-sido-autorizada-como-centro-docente-privado-de-formacion-profesional\/#primaryimage\"},\"thumbnailUrl\":\"https:\/\/gruposae.online\/wp-content\/uploads\/2021\/09\/d3b3799d6611d677944f5f86a500beb3_XL.jpg\",\"articleSection\":[\"Grupo SAE\"],\"inLanguage\":\"es\",\"potentialAction\":[{\"@type\":\"CommentAction\",\"name\":\"Comment\",\"target\":[\"https:\/\/gruposae.online\/index.php\/2018\/01\/02\/grupo-sae-ha-sido-autorizada-como-centro-docente-privado-de-formacion-profesional\/#respond\"]}]},{\"@type\":\"Person\",\"@id\":\"https:\/\/gruposae.online\/#\/schema\/person\/d6fb6dc442a37fce8d62ef76e3d5066e\",\"name\":\"admin\",\"image\":{\"@type\":\"ImageObject\",\"@id\":\"https:\/\/gruposae.online\/#personlogo\",\"inLanguage\":\"es\",\"url\":\"https:\/\/secure.gravatar.com\/avatar\/c46f05e54262093a8296c238813957ed?s=96&d=mm&r=g\",\"contentUrl\":\"https:\/\/secure.gravatar.com\/avatar\/c46f05e54262093a8296c238813957ed?s=96&d=mm&r=g\",\"caption\":\"admin\"},\"sameAs\":[\"https:\/\/gruposae.online\"]}]}<\/script>\n<!-- \/ Yoast SEO plugin. -->","yoast_head_json":{"title":"GRUPO SAE HA SIDO AUTORIZADA COMO CENTRO DOCENTE PRIVADO DE FORMACION PROFESIONAL - Grupo SAE","robots":{"index":"index","follow":"follow","max-snippet":"max-snippet:-1","max-image-preview":"max-image-preview:large","max-video-preview":"max-video-preview:-1"},"canonical":"https:\/\/gruposae.online\/index.php\/2018\/01\/02\/grupo-sae-ha-sido-autorizada-como-centro-docente-privado-de-formacion-profesional\/","og_locale":"es_ES","og_type":"article","og_title":"GRUPO SAE HA SIDO AUTORIZADA COMO CENTRO DOCENTE PRIVADO DE FORMACION PROFESIONAL - Grupo SAE","og_description":"GRUPO SAE a trav\u00e9s de una de sus empresas Instituto de Orientaci\u00f3n Profesional Elearning(IOPE), ha sido autorizada con fecha 15 de Septiembre por la Consejeria de [\u2026]","og_url":"https:\/\/gruposae.online\/index.php\/2018\/01\/02\/grupo-sae-ha-sido-autorizada-como-centro-docente-privado-de-formacion-profesional\/","og_site_name":"Grupo SAE","article_published_time":"2018-01-02T15:41:32+00:00","article_modified_time":"2021-09-17T15:42:38+00:00","og_image":[{"width":1200,"height":748,"url":"https:\/\/gruposae.online\/wp-content\/uploads\/2021\/09\/d3b3799d6611d677944f5f86a500beb3_XL.jpg","type":"image\/jpeg"}],"twitter_card":"summary_large_image","twitter_misc":{"Escrito por":"admin","Tiempo de lectura":"1 minuto"},"schema":{"@context":"https:\/\/schema.org","@graph":[{"@type":"Organization","@id":"https:\/\/gruposae.online\/#organization","name":"Grupo SAE","url":"https:\/\/gruposae.online\/","sameAs":[],"logo":{"@type":"ImageObject","@id":"https:\/\/gruposae.online\/#logo","inLanguage":"es","url":"https:\/\/gruposae.online\/wp-content\/uploads\/2021\/08\/logo-gruposae-header.png","contentUrl":"https:\/\/gruposae.online\/wp-content\/uploads\/2021\/08\/logo-gruposae-header.png","width":335,"height":70,"caption":"Grupo SAE"},"image":{"@id":"https:\/\/gruposae.online\/#logo"}},{"@type":"WebSite","@id":"https:\/\/gruposae.online\/#website","url":"https:\/\/gruposae.online\/","name":"Grupo SAE","description":"","publisher":{"@id":"https:\/\/gruposae.online\/#organization"},"potentialAction":[{"@type":"SearchAction","target":{"@type":"EntryPoint","urlTemplate":"https:\/\/gruposae.online\/?s={search_term_string}"},"query-input":"required name=search_term_string"}],"inLanguage":"es"},{"@type":"ImageObject","@id":"https:\/\/gruposae.online\/index.php\/2018\/01\/02\/grupo-sae-ha-sido-autorizada-como-centro-docente-privado-de-formacion-profesional\/#primaryimage","inLanguage":"es","url":"https:\/\/gruposae.online\/wp-content\/uploads\/2021\/09\/d3b3799d6611d677944f5f86a500beb3_XL.jpg","contentUrl":"https:\/\/gruposae.online\/wp-content\/uploads\/2021\/09\/d3b3799d6611d677944f5f86a500beb3_XL.jpg","width":1200,"height":748},{"@type":"WebPage","@id":"https:\/\/gruposae.online\/index.php\/2018\/01\/02\/grupo-sae-ha-sido-autorizada-como-centro-docente-privado-de-formacion-profesional\/#webpage","url":"https:\/\/gruposae.online\/index.php\/2018\/01\/02\/grupo-sae-ha-sido-autorizada-como-centro-docente-privado-de-formacion-profesional\/","name":"GRUPO SAE HA SIDO AUTORIZADA COMO CENTRO DOCENTE PRIVADO DE FORMACION PROFESIONAL - Grupo SAE","isPartOf":{"@id":"https:\/\/gruposae.online\/#website"},"primaryImageOfPage":{"@id":"https:\/\/gruposae.online\/index.php\/2018\/01\/02\/grupo-sae-ha-sido-autorizada-como-centro-docente-privado-de-formacion-profesional\/#primaryimage"},"datePublished":"2018-01-02T15:41:32+00:00","dateModified":"2021-09-17T15:42:38+00:00","breadcrumb":{"@id":"https:\/\/gruposae.online\/index.php\/2018\/01\/02\/grupo-sae-ha-sido-autorizada-como-centro-docente-privado-de-formacion-profesional\/#breadcrumb"},"inLanguage":"es","potentialAction":[{"@type":"ReadAction","target":["https:\/\/gruposae.online\/index.php\/2018\/01\/02\/grupo-sae-ha-sido-autorizada-como-centro-docente-privado-de-formacion-profesional\/"]}]},{"@type":"BreadcrumbList","@id":"https:\/\/gruposae.online\/index.php\/2018\/01\/02\/grupo-sae-ha-sido-autorizada-como-centro-docente-privado-de-formacion-profesional\/#breadcrumb","itemListElement":[{"@type":"ListItem","position":1,"name":"Portada","item":"https:\/\/gruposae.online\/"},{"@type":"ListItem","position":2,"name":"GRUPO SAE HA SIDO AUTORIZADA COMO CENTRO DOCENTE PRIVADO DE FORMACION PROFESIONAL"}]},{"@type":"Article","@id":"https:\/\/gruposae.online\/index.php\/2018\/01\/02\/grupo-sae-ha-sido-autorizada-como-centro-docente-privado-de-formacion-profesional\/#article","isPartOf":{"@id":"https:\/\/gruposae.online\/index.php\/2018\/01\/02\/grupo-sae-ha-sido-autorizada-como-centro-docente-privado-de-formacion-profesional\/#webpage"},"author":{"@id":"https:\/\/gruposae.online\/#\/schema\/person\/d6fb6dc442a37fce8d62ef76e3d5066e"},"headline":"GRUPO SAE HA SIDO AUTORIZADA COMO CENTRO DOCENTE PRIVADO DE FORMACION PROFESIONAL","datePublished":"2018-01-02T15:41:32+00:00","dateModified":"2021-09-17T15:42:38+00:00","mainEntityOfPage":{"@id":"https:\/\/gruposae.online\/index.php\/2018\/01\/02\/grupo-sae-ha-sido-autorizada-como-centro-docente-privado-de-formacion-profesional\/#webpage"},"wordCount":122,"commentCount":0,"publisher":{"@id":"https:\/\/gruposae.online\/#organization"},"image":{"@id":"https:\/\/gruposae.online\/index.php\/2018\/01\/02\/grupo-sae-ha-sido-autorizada-como-centro-docente-privado-de-formacion-profesional\/#primaryimage"},"thumbnailUrl":"https:\/\/gruposae.online\/wp-content\/uploads\/2021\/09\/d3b3799d6611d677944f5f86a500beb3_XL.jpg","articleSection":["Grupo SAE"],"inLanguage":"es","potentialAction":[{"@type":"CommentAction","name":"Comment","target":["https:\/\/gruposae.online\/index.php\/2018\/01\/02\/grupo-sae-ha-sido-autorizada-como-centro-docente-privado-de-formacion-profesional\/#respond"]}]},{"@type":"Person","@id":"https:\/\/gruposae.online\/#\/schema\/person\/d6fb6dc442a37fce8d62ef76e3d5066e","name":"admin","image":{"@type":"ImageObject","@id":"https:\/\/gruposae.online\/#personlogo","inLanguage":"es","url":"https:\/\/secure.gravatar.com\/avatar\/c46f05e54262093a8296c238813957ed?s=96&d=mm&r=g","contentUrl":"https:\/\/secure.gravatar.com\/avatar\/c46f05e54262093a8296c238813957ed?s=96&d=mm&r=g","caption":"admin"},"sameAs":["https:\/\/gruposae.online"]}]}},"_links":{"self":[{"href":"https:\/\/gruposae.online\/index.php\/wp-json\/wp\/v2\/posts\/426"}],"collection":[{"href":"https:\/\/gruposae.online\/index.php\/wp-json\/wp\/v2\/posts"}],"about":[{"href":"https:\/\/gruposae.online\/index.php\/wp-json\/wp\/v2\/types\/post"}],"author":[{"embeddable":true,"href":"https:\/\/gruposae.online\/index.php\/wp-json\/wp\/v2\/users\/1"}],"replies":[{"embeddable":true,"href":"https:\/\/gruposae.online\/index.php\/wp-json\/wp\/v2\/comments?post=426"}],"version-history":[{"count":1,"href":"https:\/\/gruposae.online\/index.php\/wp-json\/wp\/v2\/posts\/426\/revisions"}],"predecessor-version":[{"id":428,"href":"https:\/\/gruposae.online\/index.php\/wp-json\/wp\/v2\/posts\/426\/revisions\/428"}],"wp:featuredmedia":[{"embeddable":true,"href":"https:\/\/gruposae.online\/index.php\/wp-json\/wp\/v2\/media\/427"}],"wp:attachment":[{"href":"https:\/\/gruposae.online\/index.php\/wp-json\/wp\/v2\/media?parent=426"}],"wp:term":[{"taxonomy":"category","embeddable":true,"href":"https:\/\/gruposae.online\/index.php\/wp-json\/wp\/v2\/categories?post=426"},{"taxonomy":"post_tag","embeddable":true,"href":"https:\/\/gruposae.online\/index.php\/wp-json\/wp\/v2\/tags?post=426"}],"curies":[{"name":"wp","href":"https:\/\/api.w.org\/{rel}","templated":true}]}}