{"id":435,"date":"2017-09-04T15:46:34","date_gmt":"2017-09-04T15:46:34","guid":{"rendered":"https:\/\/gruposae.online\/?p=435"},"modified":"2021-09-17T15:47:55","modified_gmt":"2021-09-17T15:47:55","slug":"grupo-sae-y-anac-apuestan-por-el-fomento-de-los-contratos-de-formacion-en-empresas","status":"publish","type":"post","link":"https:\/\/gruposae.online\/index.php\/2017\/09\/04\/grupo-sae-y-anac-apuestan-por-el-fomento-de-los-contratos-de-formacion-en-empresas\/","title":{"rendered":"GRUPO SAE Y ANAC APUESTAN POR EL FOMENTO DE LOS CONTRATOS DE FORMACI\u00d3N EN EMPRESAS"},"content":{"rendered":"<div>\n<p>Ambas entidades han firmado un acuerdo de colaboraci\u00f3n para mejorar el acceso a la informaci\u00f3n de empresas y candidatos sobre esta posibilidad de acceso al empleo.<\/p>\n<\/div>\n<div>\n<p>Nuestro centro Ibercenter Gran V\u00eda se encuentra en Gran V\u00eda 6, una de las m\u00e1s importantes arterias de la ciudad, en el coraz\u00f3n mismo de la urbe, en el entorno del Banco de Espa\u00f1a, las Cortes, la Bolsa y muy pr\u00f3ximo a las sedes de los principales bancos y a los hoteles de mayor prestigio de Madrid.<\/p>\n<p>La Asociaci\u00f3n Nacional de Agencias de Colocaci\u00f3n ANAC y Grupo SAE, uno de los grupos m\u00e1s consolidados en Andaluc\u00eda en materia de FP Dual, han firmado un convenio de colaboraci\u00f3n para fomentar un mayor acceso al empleo gracias a la difusi\u00f3n de los beneficios del contrato de formaci\u00f3n, la FP Dual y la validaci\u00f3n de la experiencia profesional.<\/p>\n<p>Este acuerdo permitir\u00e1 que las agencias de colocaci\u00f3n sean un veh\u00edculo m\u00e1s con el que trabajar con las empresas, que pasan a ser un brazo m\u00e1s de asesoramiento y transmisi\u00f3n de informaci\u00f3n tanto a candidatos como a las empresas y, de esta forma, promocionar un uso correcto de esta modalidad de contrataci\u00f3n.<\/p>\n<p>Para Yojana Pav\u00f3n, presidenta estatal de ANAC, el trabajo conjunto con Grupo SAE va a \u201cfavorecer la inclusi\u00f3n en las empresas de los j\u00f3venes que a\u00fan est\u00e1n en etapa formativa, permitiendo un mayor crecimiento en experiencia y con las garant\u00edas que deben primar en este tipo de contrataciones\u201d.<\/p>\n<p>Para Antonio Toro, Director General de Grupo Sae, \u201cel convenio marco alcanzado con ANAC pondr\u00e1 al servicio de los asociados de ANAC, la experiencia consolidada de nuestro grupo en toda Espa\u00f1a bajo esta modalidad de Formacion Dual, que se configura como la m\u00e1s prometedora, dentro de la tipolog\u00eda de Contrataci\u00f3n de nuestro \u00e1mbito laboral, para un colectivo tan castigado por el desempleo, como son los j\u00f3venes menores de 30 a\u00f1os, facilitando as\u00ed su entrada en el mercado laboral con titulaci\u00f3n profesional oficial, y un considerable ahorro de costes para las empresas\u201d.<\/p>\n<p><strong>Contratos de formaci\u00f3n<\/strong><\/p>\n<p>Seg\u00fan la definici\u00f3n del SEPE, el contrato para la formaci\u00f3n y el aprendizaje es un instrumento destinado a favorecer la inserci\u00f3n laboral de los j\u00f3venes y tiene por objeto la cualificaci\u00f3n profesional de los trabajadores, en un r\u00e9gimen de alternancia de actividad laboral retribuida en una empresa, con actividad formativa recibida en el marco del sistema de formaci\u00f3n profesional para el empleo (certificados de profesionalidad) o del sistema educativo (t\u00edtulo de formaci\u00f3n profesional).<\/p>\n<\/div>\n","protected":false},"excerpt":{"rendered":"<p>Ambas entidades han firmado un acuerdo de colaboraci\u00f3n para mejorar el acceso a la informaci\u00f3n de empresas y candidatos sobre esta posibilidad de acceso al empleo.<span class=\"excerpt-hellip\"> [\u2026]<\/span><\/p>\n","protected":false},"author":1,"featured_media":436,"comment_status":"open","ping_status":"open","sticky":false,"template":"","format":"standard","meta":[],"categories":[1],"tags":[],"yoast_head":"<!-- This site is optimized with the Yoast SEO plugin v17.3 - https:\/\/yoast.com\/wordpress\/plugins\/seo\/ -->\n<title>GRUPO SAE Y ANAC APUESTAN POR EL FOMENTO DE LOS CONTRATOS DE FORMACI\u00d3N EN EMPRESAS - Grupo SAE<\/title>\n<meta name=\"robots\" content=\"index, follow, max-snippet:-1, max-image-preview:large, max-video-preview:-1\" \/>\n<link rel=\"canonical\" href=\"https:\/\/gruposae.online\/index.php\/2017\/09\/04\/grupo-sae-y-anac-apuestan-por-el-fomento-de-los-contratos-de-formacion-en-empresas\/\" \/>\n<meta property=\"og:locale\" content=\"es_ES\" \/>\n<meta property=\"og:type\" content=\"article\" \/>\n<meta property=\"og:title\" content=\"GRUPO SAE Y ANAC APUESTAN POR EL FOMENTO DE LOS CONTRATOS DE FORMACI\u00d3N EN EMPRESAS - Grupo SAE\" \/>\n<meta property=\"og:description\" content=\"Ambas entidades han firmado un acuerdo de colaboraci\u00f3n para mejorar el acceso a la informaci\u00f3n de empresas y candidatos sobre esta posibilidad de acceso al empleo. [\u2026]\" \/>\n<meta property=\"og:url\" content=\"https:\/\/gruposae.online\/index.php\/2017\/09\/04\/grupo-sae-y-anac-apuestan-por-el-fomento-de-los-contratos-de-formacion-en-empresas\/\" \/>\n<meta property=\"og:site_name\" content=\"Grupo SAE\" \/>\n<meta property=\"article:published_time\" content=\"2017-09-04T15:46:34+00:00\" \/>\n<meta property=\"article:modified_time\" content=\"2021-09-17T15:47:55+00:00\" \/>\n<meta property=\"og:image\" content=\"https:\/\/gruposae.online\/wp-content\/uploads\/2021\/09\/a522a6005d1cb428ea34ef1769cd7452_XL.jpg\" \/>\n\t<meta property=\"og:image:width\" content=\"1200\" \/>\n\t<meta property=\"og:image:height\" content=\"748\" \/>\n<meta name=\"twitter:card\" content=\"summary_large_image\" \/>\n<meta name=\"twitter:label1\" content=\"Escrito por\" \/>\n\t<meta name=\"twitter:data1\" content=\"admin\" \/>\n\t<meta name=\"twitter:label2\" content=\"Tiempo de lectura\" \/>\n\t<meta name=\"twitter:data2\" content=\"2 minutos\" \/>\n<script type=\"application\/ld+json\" class=\"yoast-schema-graph\">{\"@context\":\"https:\/\/schema.org\",\"@graph\":[{\"@type\":\"Organization\",\"@id\":\"https:\/\/gruposae.online\/#organization\",\"name\":\"Grupo SAE\",\"url\":\"https:\/\/gruposae.online\/\",\"sameAs\":[],\"logo\":{\"@type\":\"ImageObject\",\"@id\":\"https:\/\/gruposae.online\/#logo\",\"inLanguage\":\"es\",\"url\":\"https:\/\/gruposae.online\/wp-content\/uploads\/2021\/08\/logo-gruposae-header.png\",\"contentUrl\":\"https:\/\/gruposae.online\/wp-content\/uploads\/2021\/08\/logo-gruposae-header.png\",\"width\":335,\"height\":70,\"caption\":\"Grupo SAE\"},\"image\":{\"@id\":\"https:\/\/gruposae.online\/#logo\"}},{\"@type\":\"WebSite\",\"@id\":\"https:\/\/gruposae.online\/#website\",\"url\":\"https:\/\/gruposae.online\/\",\"name\":\"Grupo SAE\",\"description\":\"\",\"publisher\":{\"@id\":\"https:\/\/gruposae.online\/#organization\"},\"potentialAction\":[{\"@type\":\"SearchAction\",\"target\":{\"@type\":\"EntryPoint\",\"urlTemplate\":\"https:\/\/gruposae.online\/?s={search_term_string}\"},\"query-input\":\"required name=search_term_string\"}],\"inLanguage\":\"es\"},{\"@type\":\"ImageObject\",\"@id\":\"https:\/\/gruposae.online\/index.php\/2017\/09\/04\/grupo-sae-y-anac-apuestan-por-el-fomento-de-los-contratos-de-formacion-en-empresas\/#primaryimage\",\"inLanguage\":\"es\",\"url\":\"https:\/\/gruposae.online\/wp-content\/uploads\/2021\/09\/a522a6005d1cb428ea34ef1769cd7452_XL.jpg\",\"contentUrl\":\"https:\/\/gruposae.online\/wp-content\/uploads\/2021\/09\/a522a6005d1cb428ea34ef1769cd7452_XL.jpg\",\"width\":1200,\"height\":748},{\"@type\":\"WebPage\",\"@id\":\"https:\/\/gruposae.online\/index.php\/2017\/09\/04\/grupo-sae-y-anac-apuestan-por-el-fomento-de-los-contratos-de-formacion-en-empresas\/#webpage\",\"url\":\"https:\/\/gruposae.online\/index.php\/2017\/09\/04\/grupo-sae-y-anac-apuestan-por-el-fomento-de-los-contratos-de-formacion-en-empresas\/\",\"name\":\"GRUPO SAE Y ANAC APUESTAN POR EL FOMENTO DE LOS CONTRATOS DE FORMACI\\u00d3N EN EMPRESAS - Grupo SAE\",\"isPartOf\":{\"@id\":\"https:\/\/gruposae.online\/#website\"},\"primaryImageOfPage\":{\"@id\":\"https:\/\/gruposae.online\/index.php\/2017\/09\/04\/grupo-sae-y-anac-apuestan-por-el-fomento-de-los-contratos-de-formacion-en-empresas\/#primaryimage\"},\"datePublished\":\"2017-09-04T15:46:34+00:00\",\"dateModified\":\"2021-09-17T15:47:55+00:00\",\"breadcrumb\":{\"@id\":\"https:\/\/gruposae.online\/index.php\/2017\/09\/04\/grupo-sae-y-anac-apuestan-por-el-fomento-de-los-contratos-de-formacion-en-empresas\/#breadcrumb\"},\"inLanguage\":\"es\",\"potentialAction\":[{\"@type\":\"ReadAction\",\"target\":[\"https:\/\/gruposae.online\/index.php\/2017\/09\/04\/grupo-sae-y-anac-apuestan-por-el-fomento-de-los-contratos-de-formacion-en-empresas\/\"]}]},{\"@type\":\"BreadcrumbList\",\"@id\":\"https:\/\/gruposae.online\/index.php\/2017\/09\/04\/grupo-sae-y-anac-apuestan-por-el-fomento-de-los-contratos-de-formacion-en-empresas\/#breadcrumb\",\"itemListElement\":[{\"@type\":\"ListItem\",\"position\":1,\"name\":\"Portada\",\"item\":\"https:\/\/gruposae.online\/\"},{\"@type\":\"ListItem\",\"position\":2,\"name\":\"GRUPO SAE Y ANAC APUESTAN POR EL FOMENTO DE LOS CONTRATOS DE FORMACI\\u00d3N EN EMPRESAS\"}]},{\"@type\":\"Article\",\"@id\":\"https:\/\/gruposae.online\/index.php\/2017\/09\/04\/grupo-sae-y-anac-apuestan-por-el-fomento-de-los-contratos-de-formacion-en-empresas\/#article\",\"isPartOf\":{\"@id\":\"https:\/\/gruposae.online\/index.php\/2017\/09\/04\/grupo-sae-y-anac-apuestan-por-el-fomento-de-los-contratos-de-formacion-en-empresas\/#webpage\"},\"author\":{\"@id\":\"https:\/\/gruposae.online\/#\/schema\/person\/d6fb6dc442a37fce8d62ef76e3d5066e\"},\"headline\":\"GRUPO SAE Y ANAC APUESTAN POR EL FOMENTO DE LOS CONTRATOS DE FORMACI\\u00d3N EN EMPRESAS\",\"datePublished\":\"2017-09-04T15:46:34+00:00\",\"dateModified\":\"2021-09-17T15:47:55+00:00\",\"mainEntityOfPage\":{\"@id\":\"https:\/\/gruposae.online\/index.php\/2017\/09\/04\/grupo-sae-y-anac-apuestan-por-el-fomento-de-los-contratos-de-formacion-en-empresas\/#webpage\"},\"wordCount\":469,\"commentCount\":0,\"publisher\":{\"@id\":\"https:\/\/gruposae.online\/#organization\"},\"image\":{\"@id\":\"https:\/\/gruposae.online\/index.php\/2017\/09\/04\/grupo-sae-y-anac-apuestan-por-el-fomento-de-los-contratos-de-formacion-en-empresas\/#primaryimage\"},\"thumbnailUrl\":\"https:\/\/gruposae.online\/wp-content\/uploads\/2021\/09\/a522a6005d1cb428ea34ef1769cd7452_XL.jpg\",\"articleSection\":[\"Grupo SAE\"],\"inLanguage\":\"es\",\"potentialAction\":[{\"@type\":\"CommentAction\",\"name\":\"Comment\",\"target\":[\"https:\/\/gruposae.online\/index.php\/2017\/09\/04\/grupo-sae-y-anac-apuestan-por-el-fomento-de-los-contratos-de-formacion-en-empresas\/#respond\"]}]},{\"@type\":\"Person\",\"@id\":\"https:\/\/gruposae.online\/#\/schema\/person\/d6fb6dc442a37fce8d62ef76e3d5066e\",\"name\":\"admin\",\"image\":{\"@type\":\"ImageObject\",\"@id\":\"https:\/\/gruposae.online\/#personlogo\",\"inLanguage\":\"es\",\"url\":\"https:\/\/secure.gravatar.com\/avatar\/c46f05e54262093a8296c238813957ed?s=96&d=mm&r=g\",\"contentUrl\":\"https:\/\/secure.gravatar.com\/avatar\/c46f05e54262093a8296c238813957ed?s=96&d=mm&r=g\",\"caption\":\"admin\"},\"sameAs\":[\"https:\/\/gruposae.online\"]}]}<\/script>\n<!-- \/ Yoast SEO plugin. -->","yoast_head_json":{"title":"GRUPO SAE Y ANAC APUESTAN POR EL FOMENTO DE LOS CONTRATOS DE FORMACI\u00d3N EN EMPRESAS - Grupo SAE","robots":{"index":"index","follow":"follow","max-snippet":"max-snippet:-1","max-image-preview":"max-image-preview:large","max-video-preview":"max-video-preview:-1"},"canonical":"https:\/\/gruposae.online\/index.php\/2017\/09\/04\/grupo-sae-y-anac-apuestan-por-el-fomento-de-los-contratos-de-formacion-en-empresas\/","og_locale":"es_ES","og_type":"article","og_title":"GRUPO SAE Y ANAC APUESTAN POR EL FOMENTO DE LOS CONTRATOS DE FORMACI\u00d3N EN EMPRESAS - Grupo SAE","og_description":"Ambas entidades han firmado un acuerdo de colaboraci\u00f3n para mejorar el acceso a la informaci\u00f3n de empresas y candidatos sobre esta posibilidad de acceso al empleo. [\u2026]","og_url":"https:\/\/gruposae.online\/index.php\/2017\/09\/04\/grupo-sae-y-anac-apuestan-por-el-fomento-de-los-contratos-de-formacion-en-empresas\/","og_site_name":"Grupo SAE","article_published_time":"2017-09-04T15:46:34+00:00","article_modified_time":"2021-09-17T15:47:55+00:00","og_image":[{"width":1200,"height":748,"url":"https:\/\/gruposae.online\/wp-content\/uploads\/2021\/09\/a522a6005d1cb428ea34ef1769cd7452_XL.jpg","type":"image\/jpeg"}],"twitter_card":"summary_large_image","twitter_misc":{"Escrito por":"admin","Tiempo de lectura":"2 minutos"},"schema":{"@context":"https:\/\/schema.org","@graph":[{"@type":"Organization","@id":"https:\/\/gruposae.online\/#organization","name":"Grupo SAE","url":"https:\/\/gruposae.online\/","sameAs":[],"logo":{"@type":"ImageObject","@id":"https:\/\/gruposae.online\/#logo","inLanguage":"es","url":"https:\/\/gruposae.online\/wp-content\/uploads\/2021\/08\/logo-gruposae-header.png","contentUrl":"https:\/\/gruposae.online\/wp-content\/uploads\/2021\/08\/logo-gruposae-header.png","width":335,"height":70,"caption":"Grupo SAE"},"image":{"@id":"https:\/\/gruposae.online\/#logo"}},{"@type":"WebSite","@id":"https:\/\/gruposae.online\/#website","url":"https:\/\/gruposae.online\/","name":"Grupo SAE","description":"","publisher":{"@id":"https:\/\/gruposae.online\/#organization"},"potentialAction":[{"@type":"SearchAction","target":{"@type":"EntryPoint","urlTemplate":"https:\/\/gruposae.online\/?s={search_term_string}"},"query-input":"required name=search_term_string"}],"inLanguage":"es"},{"@type":"ImageObject","@id":"https:\/\/gruposae.online\/index.php\/2017\/09\/04\/grupo-sae-y-anac-apuestan-por-el-fomento-de-los-contratos-de-formacion-en-empresas\/#primaryimage","inLanguage":"es","url":"https:\/\/gruposae.online\/wp-content\/uploads\/2021\/09\/a522a6005d1cb428ea34ef1769cd7452_XL.jpg","contentUrl":"https:\/\/gruposae.online\/wp-content\/uploads\/2021\/09\/a522a6005d1cb428ea34ef1769cd7452_XL.jpg","width":1200,"height":748},{"@type":"WebPage","@id":"https:\/\/gruposae.online\/index.php\/2017\/09\/04\/grupo-sae-y-anac-apuestan-por-el-fomento-de-los-contratos-de-formacion-en-empresas\/#webpage","url":"https:\/\/gruposae.online\/index.php\/2017\/09\/04\/grupo-sae-y-anac-apuestan-por-el-fomento-de-los-contratos-de-formacion-en-empresas\/","name":"GRUPO SAE Y ANAC APUESTAN POR EL FOMENTO DE LOS CONTRATOS DE FORMACI\u00d3N EN EMPRESAS - Grupo SAE","isPartOf":{"@id":"https:\/\/gruposae.online\/#website"},"primaryImageOfPage":{"@id":"https:\/\/gruposae.online\/index.php\/2017\/09\/04\/grupo-sae-y-anac-apuestan-por-el-fomento-de-los-contratos-de-formacion-en-empresas\/#primaryimage"},"datePublished":"2017-09-04T15:46:34+00:00","dateModified":"2021-09-17T15:47:55+00:00","breadcrumb":{"@id":"https:\/\/gruposae.online\/index.php\/2017\/09\/04\/grupo-sae-y-anac-apuestan-por-el-fomento-de-los-contratos-de-formacion-en-empresas\/#breadcrumb"},"inLanguage":"es","potentialAction":[{"@type":"ReadAction","target":["https:\/\/gruposae.online\/index.php\/2017\/09\/04\/grupo-sae-y-anac-apuestan-por-el-fomento-de-los-contratos-de-formacion-en-empresas\/"]}]},{"@type":"BreadcrumbList","@id":"https:\/\/gruposae.online\/index.php\/2017\/09\/04\/grupo-sae-y-anac-apuestan-por-el-fomento-de-los-contratos-de-formacion-en-empresas\/#breadcrumb","itemListElement":[{"@type":"ListItem","position":1,"name":"Portada","item":"https:\/\/gruposae.online\/"},{"@type":"ListItem","position":2,"name":"GRUPO SAE Y ANAC APUESTAN POR EL FOMENTO DE LOS CONTRATOS DE FORMACI\u00d3N EN EMPRESAS"}]},{"@type":"Article","@id":"https:\/\/gruposae.online\/index.php\/2017\/09\/04\/grupo-sae-y-anac-apuestan-por-el-fomento-de-los-contratos-de-formacion-en-empresas\/#article","isPartOf":{"@id":"https:\/\/gruposae.online\/index.php\/2017\/09\/04\/grupo-sae-y-anac-apuestan-por-el-fomento-de-los-contratos-de-formacion-en-empresas\/#webpage"},"author":{"@id":"https:\/\/gruposae.online\/#\/schema\/person\/d6fb6dc442a37fce8d62ef76e3d5066e"},"headline":"GRUPO SAE Y ANAC APUESTAN POR EL FOMENTO DE LOS CONTRATOS DE FORMACI\u00d3N EN EMPRESAS","datePublished":"2017-09-04T15:46:34+00:00","dateModified":"2021-09-17T15:47:55+00:00","mainEntityOfPage":{"@id":"https:\/\/gruposae.online\/index.php\/2017\/09\/04\/grupo-sae-y-anac-apuestan-por-el-fomento-de-los-contratos-de-formacion-en-empresas\/#webpage"},"wordCount":469,"commentCount":0,"publisher":{"@id":"https:\/\/gruposae.online\/#organization"},"image":{"@id":"https:\/\/gruposae.online\/index.php\/2017\/09\/04\/grupo-sae-y-anac-apuestan-por-el-fomento-de-los-contratos-de-formacion-en-empresas\/#primaryimage"},"thumbnailUrl":"https:\/\/gruposae.online\/wp-content\/uploads\/2021\/09\/a522a6005d1cb428ea34ef1769cd7452_XL.jpg","articleSection":["Grupo SAE"],"inLanguage":"es","potentialAction":[{"@type":"CommentAction","name":"Comment","target":["https:\/\/gruposae.online\/index.php\/2017\/09\/04\/grupo-sae-y-anac-apuestan-por-el-fomento-de-los-contratos-de-formacion-en-empresas\/#respond"]}]},{"@type":"Person","@id":"https:\/\/gruposae.online\/#\/schema\/person\/d6fb6dc442a37fce8d62ef76e3d5066e","name":"admin","image":{"@type":"ImageObject","@id":"https:\/\/gruposae.online\/#personlogo","inLanguage":"es","url":"https:\/\/secure.gravatar.com\/avatar\/c46f05e54262093a8296c238813957ed?s=96&d=mm&r=g","contentUrl":"https:\/\/secure.gravatar.com\/avatar\/c46f05e54262093a8296c238813957ed?s=96&d=mm&r=g","caption":"admin"},"sameAs":["https:\/\/gruposae.online"]}]}},"_links":{"self":[{"href":"https:\/\/gruposae.online\/index.php\/wp-json\/wp\/v2\/posts\/435"}],"collection":[{"href":"https:\/\/gruposae.online\/index.php\/wp-json\/wp\/v2\/posts"}],"about":[{"href":"https:\/\/gruposae.online\/index.php\/wp-json\/wp\/v2\/types\/post"}],"author":[{"embeddable":true,"href":"https:\/\/gruposae.online\/index.php\/wp-json\/wp\/v2\/users\/1"}],"replies":[{"embeddable":true,"href":"https:\/\/gruposae.online\/index.php\/wp-json\/wp\/v2\/comments?post=435"}],"version-history":[{"count":1,"href":"https:\/\/gruposae.online\/index.php\/wp-json\/wp\/v2\/posts\/435\/revisions"}],"predecessor-version":[{"id":437,"href":"https:\/\/gruposae.online\/index.php\/wp-json\/wp\/v2\/posts\/435\/revisions\/437"}],"wp:featuredmedia":[{"embeddable":true,"href":"https:\/\/gruposae.online\/index.php\/wp-json\/wp\/v2\/media\/436"}],"wp:attachment":[{"href":"https:\/\/gruposae.online\/index.php\/wp-json\/wp\/v2\/media?parent=435"}],"wp:term":[{"taxonomy":"category","embeddable":true,"href":"https:\/\/gruposae.online\/index.php\/wp-json\/wp\/v2\/categories?post=435"},{"taxonomy":"post_tag","embeddable":true,"href":"https:\/\/gruposae.online\/index.php\/wp-json\/wp\/v2\/tags?post=435"}],"curies":[{"name":"wp","href":"https:\/\/api.w.org\/{rel}","templated":true}]}}