{"id":438,"date":"2017-09-04T15:48:10","date_gmt":"2017-09-04T15:48:10","guid":{"rendered":"https:\/\/gruposae.online\/?p=438"},"modified":"2021-09-17T15:48:58","modified_gmt":"2021-09-17T15:48:58","slug":"grupo-sae-abre-delegacion-en-madrid","status":"publish","type":"post","link":"https:\/\/gruposae.online\/index.php\/2017\/09\/04\/grupo-sae-abre-delegacion-en-madrid\/","title":{"rendered":"GRUPO SAE ABRE DELEGACI\u00d3N EN MADRID"},"content":{"rendered":"<div>\n<p>Grupo Sae, abre Delegaci\u00f3n en Madrid el d\u00eda 1 de septiembre, en las oficinas situadas en Gran V\u00eda 6, planta 4\u00aa, prestando as\u00ed un servicio m\u00e1s personal y pr\u00f3ximo a los clientes y partners de la capital de Espa\u00f1a.<\/p>\n<\/div>\n<div>\n<p>Nuestro centro Ibercenter Gran V\u00eda se encuentra en Gran V\u00eda 6, una de las m\u00e1s importantes arterias de la ciudad, en el coraz\u00f3n mismo de la urbe, en el entorno del Banco de Espa\u00f1a, las Cortes, la Bolsa y muy pr\u00f3ximo a las sedes de los principales bancos y a los hoteles de mayor prestigio de Madrid.<\/p>\n<p>En sus proximidades se encuentra la zona comercial de Callao, Preciados, Sol, as\u00ed como la calle Fuencarral, que atrae a un p\u00fablico m\u00e1s alternativo. La oferta de restauraci\u00f3n es amplia y muy diversa.<\/p>\n<p>El acceso es posible mediante diferentes estaciones de metro (Gran V\u00eda, l\u00ednea 5, o Banco de Espa\u00f1a, l\u00ednea 2, entre ellas), el tren de cercan\u00edas (estaciones de Recoletos y Puerta del Sol) y las numerosas l\u00edneas de autob\u00fas que recorren la Gran V\u00eda. Tambi\u00e9n es una zona frecuentada a todas horas por los taxis.<\/p>\n<\/div>\n","protected":false},"excerpt":{"rendered":"<p>Grupo Sae, abre Delegaci\u00f3n en Madrid el d\u00eda 1 de septiembre, en las oficinas situadas en Gran V\u00eda 6, planta 4\u00aa, prestando as\u00ed un servicio m\u00e1s<span class=\"excerpt-hellip\"> [\u2026]<\/span><\/p>\n","protected":false},"author":1,"featured_media":439,"comment_status":"open","ping_status":"open","sticky":false,"template":"","format":"standard","meta":[],"categories":[1],"tags":[],"yoast_head":"<!-- This site is optimized with the Yoast SEO plugin v17.3 - https:\/\/yoast.com\/wordpress\/plugins\/seo\/ -->\n<title>GRUPO SAE ABRE DELEGACI\u00d3N EN MADRID - Grupo SAE<\/title>\n<meta name=\"robots\" content=\"index, follow, max-snippet:-1, max-image-preview:large, max-video-preview:-1\" \/>\n<link rel=\"canonical\" href=\"https:\/\/gruposae.online\/index.php\/2017\/09\/04\/grupo-sae-abre-delegacion-en-madrid\/\" \/>\n<meta property=\"og:locale\" content=\"es_ES\" \/>\n<meta property=\"og:type\" content=\"article\" \/>\n<meta property=\"og:title\" content=\"GRUPO SAE ABRE DELEGACI\u00d3N EN MADRID - Grupo SAE\" \/>\n<meta property=\"og:description\" content=\"Grupo Sae, abre Delegaci\u00f3n en Madrid el d\u00eda 1 de septiembre, en las oficinas situadas en Gran V\u00eda 6, planta 4\u00aa, prestando as\u00ed un servicio m\u00e1s [\u2026]\" \/>\n<meta property=\"og:url\" content=\"https:\/\/gruposae.online\/index.php\/2017\/09\/04\/grupo-sae-abre-delegacion-en-madrid\/\" \/>\n<meta property=\"og:site_name\" content=\"Grupo SAE\" \/>\n<meta property=\"article:published_time\" content=\"2017-09-04T15:48:10+00:00\" \/>\n<meta property=\"article:modified_time\" content=\"2021-09-17T15:48:58+00:00\" \/>\n<meta property=\"og:image\" content=\"https:\/\/gruposae.online\/wp-content\/uploads\/2021\/09\/620466077c427f141effa294382f5fba_XL.jpg\" \/>\n\t<meta property=\"og:image:width\" content=\"1200\" \/>\n\t<meta property=\"og:image:height\" content=\"748\" \/>\n<meta name=\"twitter:card\" content=\"summary_large_image\" \/>\n<meta name=\"twitter:label1\" content=\"Escrito por\" \/>\n\t<meta name=\"twitter:data1\" content=\"admin\" \/>\n\t<meta name=\"twitter:label2\" content=\"Tiempo de lectura\" \/>\n\t<meta name=\"twitter:data2\" content=\"1 minuto\" \/>\n<script type=\"application\/ld+json\" class=\"yoast-schema-graph\">{\"@context\":\"https:\/\/schema.org\",\"@graph\":[{\"@type\":\"Organization\",\"@id\":\"https:\/\/gruposae.online\/#organization\",\"name\":\"Grupo SAE\",\"url\":\"https:\/\/gruposae.online\/\",\"sameAs\":[],\"logo\":{\"@type\":\"ImageObject\",\"@id\":\"https:\/\/gruposae.online\/#logo\",\"inLanguage\":\"es\",\"url\":\"https:\/\/gruposae.online\/wp-content\/uploads\/2021\/08\/logo-gruposae-header.png\",\"contentUrl\":\"https:\/\/gruposae.online\/wp-content\/uploads\/2021\/08\/logo-gruposae-header.png\",\"width\":335,\"height\":70,\"caption\":\"Grupo SAE\"},\"image\":{\"@id\":\"https:\/\/gruposae.online\/#logo\"}},{\"@type\":\"WebSite\",\"@id\":\"https:\/\/gruposae.online\/#website\",\"url\":\"https:\/\/gruposae.online\/\",\"name\":\"Grupo SAE\",\"description\":\"\",\"publisher\":{\"@id\":\"https:\/\/gruposae.online\/#organization\"},\"potentialAction\":[{\"@type\":\"SearchAction\",\"target\":{\"@type\":\"EntryPoint\",\"urlTemplate\":\"https:\/\/gruposae.online\/?s={search_term_string}\"},\"query-input\":\"required name=search_term_string\"}],\"inLanguage\":\"es\"},{\"@type\":\"ImageObject\",\"@id\":\"https:\/\/gruposae.online\/index.php\/2017\/09\/04\/grupo-sae-abre-delegacion-en-madrid\/#primaryimage\",\"inLanguage\":\"es\",\"url\":\"https:\/\/gruposae.online\/wp-content\/uploads\/2021\/09\/620466077c427f141effa294382f5fba_XL.jpg\",\"contentUrl\":\"https:\/\/gruposae.online\/wp-content\/uploads\/2021\/09\/620466077c427f141effa294382f5fba_XL.jpg\",\"width\":1200,\"height\":748},{\"@type\":\"WebPage\",\"@id\":\"https:\/\/gruposae.online\/index.php\/2017\/09\/04\/grupo-sae-abre-delegacion-en-madrid\/#webpage\",\"url\":\"https:\/\/gruposae.online\/index.php\/2017\/09\/04\/grupo-sae-abre-delegacion-en-madrid\/\",\"name\":\"GRUPO SAE ABRE DELEGACI\\u00d3N EN MADRID - Grupo SAE\",\"isPartOf\":{\"@id\":\"https:\/\/gruposae.online\/#website\"},\"primaryImageOfPage\":{\"@id\":\"https:\/\/gruposae.online\/index.php\/2017\/09\/04\/grupo-sae-abre-delegacion-en-madrid\/#primaryimage\"},\"datePublished\":\"2017-09-04T15:48:10+00:00\",\"dateModified\":\"2021-09-17T15:48:58+00:00\",\"breadcrumb\":{\"@id\":\"https:\/\/gruposae.online\/index.php\/2017\/09\/04\/grupo-sae-abre-delegacion-en-madrid\/#breadcrumb\"},\"inLanguage\":\"es\",\"potentialAction\":[{\"@type\":\"ReadAction\",\"target\":[\"https:\/\/gruposae.online\/index.php\/2017\/09\/04\/grupo-sae-abre-delegacion-en-madrid\/\"]}]},{\"@type\":\"BreadcrumbList\",\"@id\":\"https:\/\/gruposae.online\/index.php\/2017\/09\/04\/grupo-sae-abre-delegacion-en-madrid\/#breadcrumb\",\"itemListElement\":[{\"@type\":\"ListItem\",\"position\":1,\"name\":\"Portada\",\"item\":\"https:\/\/gruposae.online\/\"},{\"@type\":\"ListItem\",\"position\":2,\"name\":\"GRUPO SAE ABRE DELEGACI\\u00d3N EN MADRID\"}]},{\"@type\":\"Article\",\"@id\":\"https:\/\/gruposae.online\/index.php\/2017\/09\/04\/grupo-sae-abre-delegacion-en-madrid\/#article\",\"isPartOf\":{\"@id\":\"https:\/\/gruposae.online\/index.php\/2017\/09\/04\/grupo-sae-abre-delegacion-en-madrid\/#webpage\"},\"author\":{\"@id\":\"https:\/\/gruposae.online\/#\/schema\/person\/d6fb6dc442a37fce8d62ef76e3d5066e\"},\"headline\":\"GRUPO SAE ABRE DELEGACI\\u00d3N EN MADRID\",\"datePublished\":\"2017-09-04T15:48:10+00:00\",\"dateModified\":\"2021-09-17T15:48:58+00:00\",\"mainEntityOfPage\":{\"@id\":\"https:\/\/gruposae.online\/index.php\/2017\/09\/04\/grupo-sae-abre-delegacion-en-madrid\/#webpage\"},\"wordCount\":208,\"commentCount\":0,\"publisher\":{\"@id\":\"https:\/\/gruposae.online\/#organization\"},\"image\":{\"@id\":\"https:\/\/gruposae.online\/index.php\/2017\/09\/04\/grupo-sae-abre-delegacion-en-madrid\/#primaryimage\"},\"thumbnailUrl\":\"https:\/\/gruposae.online\/wp-content\/uploads\/2021\/09\/620466077c427f141effa294382f5fba_XL.jpg\",\"articleSection\":[\"Grupo SAE\"],\"inLanguage\":\"es\",\"potentialAction\":[{\"@type\":\"CommentAction\",\"name\":\"Comment\",\"target\":[\"https:\/\/gruposae.online\/index.php\/2017\/09\/04\/grupo-sae-abre-delegacion-en-madrid\/#respond\"]}]},{\"@type\":\"Person\",\"@id\":\"https:\/\/gruposae.online\/#\/schema\/person\/d6fb6dc442a37fce8d62ef76e3d5066e\",\"name\":\"admin\",\"image\":{\"@type\":\"ImageObject\",\"@id\":\"https:\/\/gruposae.online\/#personlogo\",\"inLanguage\":\"es\",\"url\":\"https:\/\/secure.gravatar.com\/avatar\/c46f05e54262093a8296c238813957ed?s=96&d=mm&r=g\",\"contentUrl\":\"https:\/\/secure.gravatar.com\/avatar\/c46f05e54262093a8296c238813957ed?s=96&d=mm&r=g\",\"caption\":\"admin\"},\"sameAs\":[\"https:\/\/gruposae.online\"]}]}<\/script>\n<!-- \/ Yoast SEO plugin. -->","yoast_head_json":{"title":"GRUPO SAE ABRE DELEGACI\u00d3N EN MADRID - Grupo SAE","robots":{"index":"index","follow":"follow","max-snippet":"max-snippet:-1","max-image-preview":"max-image-preview:large","max-video-preview":"max-video-preview:-1"},"canonical":"https:\/\/gruposae.online\/index.php\/2017\/09\/04\/grupo-sae-abre-delegacion-en-madrid\/","og_locale":"es_ES","og_type":"article","og_title":"GRUPO SAE ABRE DELEGACI\u00d3N EN MADRID - Grupo SAE","og_description":"Grupo Sae, abre Delegaci\u00f3n en Madrid el d\u00eda 1 de septiembre, en las oficinas situadas en Gran V\u00eda 6, planta 4\u00aa, prestando as\u00ed un servicio m\u00e1s [\u2026]","og_url":"https:\/\/gruposae.online\/index.php\/2017\/09\/04\/grupo-sae-abre-delegacion-en-madrid\/","og_site_name":"Grupo SAE","article_published_time":"2017-09-04T15:48:10+00:00","article_modified_time":"2021-09-17T15:48:58+00:00","og_image":[{"width":1200,"height":748,"url":"https:\/\/gruposae.online\/wp-content\/uploads\/2021\/09\/620466077c427f141effa294382f5fba_XL.jpg","type":"image\/jpeg"}],"twitter_card":"summary_large_image","twitter_misc":{"Escrito por":"admin","Tiempo de lectura":"1 minuto"},"schema":{"@context":"https:\/\/schema.org","@graph":[{"@type":"Organization","@id":"https:\/\/gruposae.online\/#organization","name":"Grupo SAE","url":"https:\/\/gruposae.online\/","sameAs":[],"logo":{"@type":"ImageObject","@id":"https:\/\/gruposae.online\/#logo","inLanguage":"es","url":"https:\/\/gruposae.online\/wp-content\/uploads\/2021\/08\/logo-gruposae-header.png","contentUrl":"https:\/\/gruposae.online\/wp-content\/uploads\/2021\/08\/logo-gruposae-header.png","width":335,"height":70,"caption":"Grupo SAE"},"image":{"@id":"https:\/\/gruposae.online\/#logo"}},{"@type":"WebSite","@id":"https:\/\/gruposae.online\/#website","url":"https:\/\/gruposae.online\/","name":"Grupo SAE","description":"","publisher":{"@id":"https:\/\/gruposae.online\/#organization"},"potentialAction":[{"@type":"SearchAction","target":{"@type":"EntryPoint","urlTemplate":"https:\/\/gruposae.online\/?s={search_term_string}"},"query-input":"required name=search_term_string"}],"inLanguage":"es"},{"@type":"ImageObject","@id":"https:\/\/gruposae.online\/index.php\/2017\/09\/04\/grupo-sae-abre-delegacion-en-madrid\/#primaryimage","inLanguage":"es","url":"https:\/\/gruposae.online\/wp-content\/uploads\/2021\/09\/620466077c427f141effa294382f5fba_XL.jpg","contentUrl":"https:\/\/gruposae.online\/wp-content\/uploads\/2021\/09\/620466077c427f141effa294382f5fba_XL.jpg","width":1200,"height":748},{"@type":"WebPage","@id":"https:\/\/gruposae.online\/index.php\/2017\/09\/04\/grupo-sae-abre-delegacion-en-madrid\/#webpage","url":"https:\/\/gruposae.online\/index.php\/2017\/09\/04\/grupo-sae-abre-delegacion-en-madrid\/","name":"GRUPO SAE ABRE DELEGACI\u00d3N EN MADRID - Grupo SAE","isPartOf":{"@id":"https:\/\/gruposae.online\/#website"},"primaryImageOfPage":{"@id":"https:\/\/gruposae.online\/index.php\/2017\/09\/04\/grupo-sae-abre-delegacion-en-madrid\/#primaryimage"},"datePublished":"2017-09-04T15:48:10+00:00","dateModified":"2021-09-17T15:48:58+00:00","breadcrumb":{"@id":"https:\/\/gruposae.online\/index.php\/2017\/09\/04\/grupo-sae-abre-delegacion-en-madrid\/#breadcrumb"},"inLanguage":"es","potentialAction":[{"@type":"ReadAction","target":["https:\/\/gruposae.online\/index.php\/2017\/09\/04\/grupo-sae-abre-delegacion-en-madrid\/"]}]},{"@type":"BreadcrumbList","@id":"https:\/\/gruposae.online\/index.php\/2017\/09\/04\/grupo-sae-abre-delegacion-en-madrid\/#breadcrumb","itemListElement":[{"@type":"ListItem","position":1,"name":"Portada","item":"https:\/\/gruposae.online\/"},{"@type":"ListItem","position":2,"name":"GRUPO SAE ABRE DELEGACI\u00d3N EN MADRID"}]},{"@type":"Article","@id":"https:\/\/gruposae.online\/index.php\/2017\/09\/04\/grupo-sae-abre-delegacion-en-madrid\/#article","isPartOf":{"@id":"https:\/\/gruposae.online\/index.php\/2017\/09\/04\/grupo-sae-abre-delegacion-en-madrid\/#webpage"},"author":{"@id":"https:\/\/gruposae.online\/#\/schema\/person\/d6fb6dc442a37fce8d62ef76e3d5066e"},"headline":"GRUPO SAE ABRE DELEGACI\u00d3N EN MADRID","datePublished":"2017-09-04T15:48:10+00:00","dateModified":"2021-09-17T15:48:58+00:00","mainEntityOfPage":{"@id":"https:\/\/gruposae.online\/index.php\/2017\/09\/04\/grupo-sae-abre-delegacion-en-madrid\/#webpage"},"wordCount":208,"commentCount":0,"publisher":{"@id":"https:\/\/gruposae.online\/#organization"},"image":{"@id":"https:\/\/gruposae.online\/index.php\/2017\/09\/04\/grupo-sae-abre-delegacion-en-madrid\/#primaryimage"},"thumbnailUrl":"https:\/\/gruposae.online\/wp-content\/uploads\/2021\/09\/620466077c427f141effa294382f5fba_XL.jpg","articleSection":["Grupo SAE"],"inLanguage":"es","potentialAction":[{"@type":"CommentAction","name":"Comment","target":["https:\/\/gruposae.online\/index.php\/2017\/09\/04\/grupo-sae-abre-delegacion-en-madrid\/#respond"]}]},{"@type":"Person","@id":"https:\/\/gruposae.online\/#\/schema\/person\/d6fb6dc442a37fce8d62ef76e3d5066e","name":"admin","image":{"@type":"ImageObject","@id":"https:\/\/gruposae.online\/#personlogo","inLanguage":"es","url":"https:\/\/secure.gravatar.com\/avatar\/c46f05e54262093a8296c238813957ed?s=96&d=mm&r=g","contentUrl":"https:\/\/secure.gravatar.com\/avatar\/c46f05e54262093a8296c238813957ed?s=96&d=mm&r=g","caption":"admin"},"sameAs":["https:\/\/gruposae.online"]}]}},"_links":{"self":[{"href":"https:\/\/gruposae.online\/index.php\/wp-json\/wp\/v2\/posts\/438"}],"collection":[{"href":"https:\/\/gruposae.online\/index.php\/wp-json\/wp\/v2\/posts"}],"about":[{"href":"https:\/\/gruposae.online\/index.php\/wp-json\/wp\/v2\/types\/post"}],"author":[{"embeddable":true,"href":"https:\/\/gruposae.online\/index.php\/wp-json\/wp\/v2\/users\/1"}],"replies":[{"embeddable":true,"href":"https:\/\/gruposae.online\/index.php\/wp-json\/wp\/v2\/comments?post=438"}],"version-history":[{"count":1,"href":"https:\/\/gruposae.online\/index.php\/wp-json\/wp\/v2\/posts\/438\/revisions"}],"predecessor-version":[{"id":440,"href":"https:\/\/gruposae.online\/index.php\/wp-json\/wp\/v2\/posts\/438\/revisions\/440"}],"wp:featuredmedia":[{"embeddable":true,"href":"https:\/\/gruposae.online\/index.php\/wp-json\/wp\/v2\/media\/439"}],"wp:attachment":[{"href":"https:\/\/gruposae.online\/index.php\/wp-json\/wp\/v2\/media?parent=438"}],"wp:term":[{"taxonomy":"category","embeddable":true,"href":"https:\/\/gruposae.online\/index.php\/wp-json\/wp\/v2\/categories?post=438"},{"taxonomy":"post_tag","embeddable":true,"href":"https:\/\/gruposae.online\/index.php\/wp-json\/wp\/v2\/tags?post=438"}],"curies":[{"name":"wp","href":"https:\/\/api.w.org\/{rel}","templated":true}]}}