{"id":441,"date":"2017-07-11T15:49:12","date_gmt":"2017-07-11T15:49:12","guid":{"rendered":"https:\/\/gruposae.online\/?p=441"},"modified":"2021-09-17T15:50:00","modified_gmt":"2021-09-17T15:50:00","slug":"grupo-sae-participa-en-el-i-foro-empleo-2020","status":"publish","type":"post","link":"https:\/\/gruposae.online\/index.php\/2017\/07\/11\/grupo-sae-participa-en-el-i-foro-empleo-2020\/","title":{"rendered":"GRUPO SAE PARTICIPA EN EL I FORO EMPLEO 2020"},"content":{"rendered":"<div>\n<p>El I Foro Empleo 2020 organizado por JobsHunters.es e Intereconom\u00eda abord\u00f3 los retos del empleo en el futuro en el horizonte europeo haciendo especial hincapi\u00e9 en la transformaci\u00f3n digital de las empresas.<\/p>\n<\/div>\n<div>\n<p>El evento tuvo lugar en la sede de FUNDACI\u00d3N PONS de Madrid, un espacio de encuentro acogedor que permiti\u00f3 con posterioridad un espacio de networking para los asistentes. El Director General de Grupo Sae Antonio Toro, moder\u00f3 una de las mesas redondas con el t\u00edtulo: LOS RETOS EN EL EMPLEO PARA LOS TOP 3 SECTORES MAS EMPLEABLES.<\/p>\n<\/div>\n","protected":false},"excerpt":{"rendered":"<p>El I Foro Empleo 2020 organizado por JobsHunters.es e Intereconom\u00eda abord\u00f3 los retos del empleo en el futuro en el horizonte europeo haciendo especial hincapi\u00e9 en<span class=\"excerpt-hellip\"> [\u2026]<\/span><\/p>\n","protected":false},"author":1,"featured_media":442,"comment_status":"open","ping_status":"open","sticky":false,"template":"","format":"standard","meta":[],"categories":[1],"tags":[],"yoast_head":"<!-- This site is optimized with the Yoast SEO plugin v17.3 - https:\/\/yoast.com\/wordpress\/plugins\/seo\/ -->\n<title>GRUPO SAE PARTICIPA EN EL I FORO EMPLEO 2020 - Grupo SAE<\/title>\n<meta name=\"robots\" content=\"index, follow, max-snippet:-1, max-image-preview:large, max-video-preview:-1\" \/>\n<link rel=\"canonical\" href=\"https:\/\/gruposae.online\/index.php\/2017\/07\/11\/grupo-sae-participa-en-el-i-foro-empleo-2020\/\" \/>\n<meta property=\"og:locale\" content=\"es_ES\" \/>\n<meta property=\"og:type\" content=\"article\" \/>\n<meta property=\"og:title\" content=\"GRUPO SAE PARTICIPA EN EL I FORO EMPLEO 2020 - Grupo SAE\" \/>\n<meta property=\"og:description\" content=\"El I Foro Empleo 2020 organizado por JobsHunters.es e Intereconom\u00eda abord\u00f3 los retos del empleo en el futuro en el horizonte europeo haciendo especial hincapi\u00e9 en [\u2026]\" \/>\n<meta property=\"og:url\" content=\"https:\/\/gruposae.online\/index.php\/2017\/07\/11\/grupo-sae-participa-en-el-i-foro-empleo-2020\/\" \/>\n<meta property=\"og:site_name\" content=\"Grupo SAE\" \/>\n<meta property=\"article:published_time\" content=\"2017-07-11T15:49:12+00:00\" \/>\n<meta property=\"article:modified_time\" content=\"2021-09-17T15:50:00+00:00\" \/>\n<meta property=\"og:image\" content=\"https:\/\/gruposae.online\/wp-content\/uploads\/2021\/09\/c1572c59821062c96d0fc33ad32a2983_XL.jpg\" \/>\n\t<meta property=\"og:image:width\" content=\"1200\" \/>\n\t<meta property=\"og:image:height\" content=\"748\" \/>\n<meta name=\"twitter:card\" content=\"summary_large_image\" \/>\n<meta name=\"twitter:label1\" content=\"Escrito por\" \/>\n\t<meta name=\"twitter:data1\" content=\"admin\" \/>\n<script type=\"application\/ld+json\" class=\"yoast-schema-graph\">{\"@context\":\"https:\/\/schema.org\",\"@graph\":[{\"@type\":\"Organization\",\"@id\":\"https:\/\/gruposae.online\/#organization\",\"name\":\"Grupo SAE\",\"url\":\"https:\/\/gruposae.online\/\",\"sameAs\":[],\"logo\":{\"@type\":\"ImageObject\",\"@id\":\"https:\/\/gruposae.online\/#logo\",\"inLanguage\":\"es\",\"url\":\"https:\/\/gruposae.online\/wp-content\/uploads\/2021\/08\/logo-gruposae-header.png\",\"contentUrl\":\"https:\/\/gruposae.online\/wp-content\/uploads\/2021\/08\/logo-gruposae-header.png\",\"width\":335,\"height\":70,\"caption\":\"Grupo SAE\"},\"image\":{\"@id\":\"https:\/\/gruposae.online\/#logo\"}},{\"@type\":\"WebSite\",\"@id\":\"https:\/\/gruposae.online\/#website\",\"url\":\"https:\/\/gruposae.online\/\",\"name\":\"Grupo SAE\",\"description\":\"\",\"publisher\":{\"@id\":\"https:\/\/gruposae.online\/#organization\"},\"potentialAction\":[{\"@type\":\"SearchAction\",\"target\":{\"@type\":\"EntryPoint\",\"urlTemplate\":\"https:\/\/gruposae.online\/?s={search_term_string}\"},\"query-input\":\"required name=search_term_string\"}],\"inLanguage\":\"es\"},{\"@type\":\"ImageObject\",\"@id\":\"https:\/\/gruposae.online\/index.php\/2017\/07\/11\/grupo-sae-participa-en-el-i-foro-empleo-2020\/#primaryimage\",\"inLanguage\":\"es\",\"url\":\"https:\/\/gruposae.online\/wp-content\/uploads\/2021\/09\/c1572c59821062c96d0fc33ad32a2983_XL.jpg\",\"contentUrl\":\"https:\/\/gruposae.online\/wp-content\/uploads\/2021\/09\/c1572c59821062c96d0fc33ad32a2983_XL.jpg\",\"width\":1200,\"height\":748},{\"@type\":\"WebPage\",\"@id\":\"https:\/\/gruposae.online\/index.php\/2017\/07\/11\/grupo-sae-participa-en-el-i-foro-empleo-2020\/#webpage\",\"url\":\"https:\/\/gruposae.online\/index.php\/2017\/07\/11\/grupo-sae-participa-en-el-i-foro-empleo-2020\/\",\"name\":\"GRUPO SAE PARTICIPA EN EL I FORO EMPLEO 2020 - Grupo SAE\",\"isPartOf\":{\"@id\":\"https:\/\/gruposae.online\/#website\"},\"primaryImageOfPage\":{\"@id\":\"https:\/\/gruposae.online\/index.php\/2017\/07\/11\/grupo-sae-participa-en-el-i-foro-empleo-2020\/#primaryimage\"},\"datePublished\":\"2017-07-11T15:49:12+00:00\",\"dateModified\":\"2021-09-17T15:50:00+00:00\",\"breadcrumb\":{\"@id\":\"https:\/\/gruposae.online\/index.php\/2017\/07\/11\/grupo-sae-participa-en-el-i-foro-empleo-2020\/#breadcrumb\"},\"inLanguage\":\"es\",\"potentialAction\":[{\"@type\":\"ReadAction\",\"target\":[\"https:\/\/gruposae.online\/index.php\/2017\/07\/11\/grupo-sae-participa-en-el-i-foro-empleo-2020\/\"]}]},{\"@type\":\"BreadcrumbList\",\"@id\":\"https:\/\/gruposae.online\/index.php\/2017\/07\/11\/grupo-sae-participa-en-el-i-foro-empleo-2020\/#breadcrumb\",\"itemListElement\":[{\"@type\":\"ListItem\",\"position\":1,\"name\":\"Portada\",\"item\":\"https:\/\/gruposae.online\/\"},{\"@type\":\"ListItem\",\"position\":2,\"name\":\"GRUPO SAE PARTICIPA EN EL I FORO EMPLEO 2020\"}]},{\"@type\":\"Article\",\"@id\":\"https:\/\/gruposae.online\/index.php\/2017\/07\/11\/grupo-sae-participa-en-el-i-foro-empleo-2020\/#article\",\"isPartOf\":{\"@id\":\"https:\/\/gruposae.online\/index.php\/2017\/07\/11\/grupo-sae-participa-en-el-i-foro-empleo-2020\/#webpage\"},\"author\":{\"@id\":\"https:\/\/gruposae.online\/#\/schema\/person\/d6fb6dc442a37fce8d62ef76e3d5066e\"},\"headline\":\"GRUPO SAE PARTICIPA EN EL I FORO EMPLEO 2020\",\"datePublished\":\"2017-07-11T15:49:12+00:00\",\"dateModified\":\"2021-09-17T15:50:00+00:00\",\"mainEntityOfPage\":{\"@id\":\"https:\/\/gruposae.online\/index.php\/2017\/07\/11\/grupo-sae-participa-en-el-i-foro-empleo-2020\/#webpage\"},\"wordCount\":100,\"commentCount\":0,\"publisher\":{\"@id\":\"https:\/\/gruposae.online\/#organization\"},\"image\":{\"@id\":\"https:\/\/gruposae.online\/index.php\/2017\/07\/11\/grupo-sae-participa-en-el-i-foro-empleo-2020\/#primaryimage\"},\"thumbnailUrl\":\"https:\/\/gruposae.online\/wp-content\/uploads\/2021\/09\/c1572c59821062c96d0fc33ad32a2983_XL.jpg\",\"articleSection\":[\"Grupo SAE\"],\"inLanguage\":\"es\",\"potentialAction\":[{\"@type\":\"CommentAction\",\"name\":\"Comment\",\"target\":[\"https:\/\/gruposae.online\/index.php\/2017\/07\/11\/grupo-sae-participa-en-el-i-foro-empleo-2020\/#respond\"]}]},{\"@type\":\"Person\",\"@id\":\"https:\/\/gruposae.online\/#\/schema\/person\/d6fb6dc442a37fce8d62ef76e3d5066e\",\"name\":\"admin\",\"image\":{\"@type\":\"ImageObject\",\"@id\":\"https:\/\/gruposae.online\/#personlogo\",\"inLanguage\":\"es\",\"url\":\"https:\/\/secure.gravatar.com\/avatar\/c46f05e54262093a8296c238813957ed?s=96&d=mm&r=g\",\"contentUrl\":\"https:\/\/secure.gravatar.com\/avatar\/c46f05e54262093a8296c238813957ed?s=96&d=mm&r=g\",\"caption\":\"admin\"},\"sameAs\":[\"https:\/\/gruposae.online\"]}]}<\/script>\n<!-- \/ Yoast SEO plugin. -->","yoast_head_json":{"title":"GRUPO SAE PARTICIPA EN EL I FORO EMPLEO 2020 - Grupo SAE","robots":{"index":"index","follow":"follow","max-snippet":"max-snippet:-1","max-image-preview":"max-image-preview:large","max-video-preview":"max-video-preview:-1"},"canonical":"https:\/\/gruposae.online\/index.php\/2017\/07\/11\/grupo-sae-participa-en-el-i-foro-empleo-2020\/","og_locale":"es_ES","og_type":"article","og_title":"GRUPO SAE PARTICIPA EN EL I FORO EMPLEO 2020 - Grupo SAE","og_description":"El I Foro Empleo 2020 organizado por JobsHunters.es e Intereconom\u00eda abord\u00f3 los retos del empleo en el futuro en el horizonte europeo haciendo especial hincapi\u00e9 en [\u2026]","og_url":"https:\/\/gruposae.online\/index.php\/2017\/07\/11\/grupo-sae-participa-en-el-i-foro-empleo-2020\/","og_site_name":"Grupo SAE","article_published_time":"2017-07-11T15:49:12+00:00","article_modified_time":"2021-09-17T15:50:00+00:00","og_image":[{"width":1200,"height":748,"url":"https:\/\/gruposae.online\/wp-content\/uploads\/2021\/09\/c1572c59821062c96d0fc33ad32a2983_XL.jpg","type":"image\/jpeg"}],"twitter_card":"summary_large_image","twitter_misc":{"Escrito por":"admin"},"schema":{"@context":"https:\/\/schema.org","@graph":[{"@type":"Organization","@id":"https:\/\/gruposae.online\/#organization","name":"Grupo SAE","url":"https:\/\/gruposae.online\/","sameAs":[],"logo":{"@type":"ImageObject","@id":"https:\/\/gruposae.online\/#logo","inLanguage":"es","url":"https:\/\/gruposae.online\/wp-content\/uploads\/2021\/08\/logo-gruposae-header.png","contentUrl":"https:\/\/gruposae.online\/wp-content\/uploads\/2021\/08\/logo-gruposae-header.png","width":335,"height":70,"caption":"Grupo SAE"},"image":{"@id":"https:\/\/gruposae.online\/#logo"}},{"@type":"WebSite","@id":"https:\/\/gruposae.online\/#website","url":"https:\/\/gruposae.online\/","name":"Grupo SAE","description":"","publisher":{"@id":"https:\/\/gruposae.online\/#organization"},"potentialAction":[{"@type":"SearchAction","target":{"@type":"EntryPoint","urlTemplate":"https:\/\/gruposae.online\/?s={search_term_string}"},"query-input":"required name=search_term_string"}],"inLanguage":"es"},{"@type":"ImageObject","@id":"https:\/\/gruposae.online\/index.php\/2017\/07\/11\/grupo-sae-participa-en-el-i-foro-empleo-2020\/#primaryimage","inLanguage":"es","url":"https:\/\/gruposae.online\/wp-content\/uploads\/2021\/09\/c1572c59821062c96d0fc33ad32a2983_XL.jpg","contentUrl":"https:\/\/gruposae.online\/wp-content\/uploads\/2021\/09\/c1572c59821062c96d0fc33ad32a2983_XL.jpg","width":1200,"height":748},{"@type":"WebPage","@id":"https:\/\/gruposae.online\/index.php\/2017\/07\/11\/grupo-sae-participa-en-el-i-foro-empleo-2020\/#webpage","url":"https:\/\/gruposae.online\/index.php\/2017\/07\/11\/grupo-sae-participa-en-el-i-foro-empleo-2020\/","name":"GRUPO SAE PARTICIPA EN EL I FORO EMPLEO 2020 - Grupo SAE","isPartOf":{"@id":"https:\/\/gruposae.online\/#website"},"primaryImageOfPage":{"@id":"https:\/\/gruposae.online\/index.php\/2017\/07\/11\/grupo-sae-participa-en-el-i-foro-empleo-2020\/#primaryimage"},"datePublished":"2017-07-11T15:49:12+00:00","dateModified":"2021-09-17T15:50:00+00:00","breadcrumb":{"@id":"https:\/\/gruposae.online\/index.php\/2017\/07\/11\/grupo-sae-participa-en-el-i-foro-empleo-2020\/#breadcrumb"},"inLanguage":"es","potentialAction":[{"@type":"ReadAction","target":["https:\/\/gruposae.online\/index.php\/2017\/07\/11\/grupo-sae-participa-en-el-i-foro-empleo-2020\/"]}]},{"@type":"BreadcrumbList","@id":"https:\/\/gruposae.online\/index.php\/2017\/07\/11\/grupo-sae-participa-en-el-i-foro-empleo-2020\/#breadcrumb","itemListElement":[{"@type":"ListItem","position":1,"name":"Portada","item":"https:\/\/gruposae.online\/"},{"@type":"ListItem","position":2,"name":"GRUPO SAE PARTICIPA EN EL I FORO EMPLEO 2020"}]},{"@type":"Article","@id":"https:\/\/gruposae.online\/index.php\/2017\/07\/11\/grupo-sae-participa-en-el-i-foro-empleo-2020\/#article","isPartOf":{"@id":"https:\/\/gruposae.online\/index.php\/2017\/07\/11\/grupo-sae-participa-en-el-i-foro-empleo-2020\/#webpage"},"author":{"@id":"https:\/\/gruposae.online\/#\/schema\/person\/d6fb6dc442a37fce8d62ef76e3d5066e"},"headline":"GRUPO SAE PARTICIPA EN EL I FORO EMPLEO 2020","datePublished":"2017-07-11T15:49:12+00:00","dateModified":"2021-09-17T15:50:00+00:00","mainEntityOfPage":{"@id":"https:\/\/gruposae.online\/index.php\/2017\/07\/11\/grupo-sae-participa-en-el-i-foro-empleo-2020\/#webpage"},"wordCount":100,"commentCount":0,"publisher":{"@id":"https:\/\/gruposae.online\/#organization"},"image":{"@id":"https:\/\/gruposae.online\/index.php\/2017\/07\/11\/grupo-sae-participa-en-el-i-foro-empleo-2020\/#primaryimage"},"thumbnailUrl":"https:\/\/gruposae.online\/wp-content\/uploads\/2021\/09\/c1572c59821062c96d0fc33ad32a2983_XL.jpg","articleSection":["Grupo SAE"],"inLanguage":"es","potentialAction":[{"@type":"CommentAction","name":"Comment","target":["https:\/\/gruposae.online\/index.php\/2017\/07\/11\/grupo-sae-participa-en-el-i-foro-empleo-2020\/#respond"]}]},{"@type":"Person","@id":"https:\/\/gruposae.online\/#\/schema\/person\/d6fb6dc442a37fce8d62ef76e3d5066e","name":"admin","image":{"@type":"ImageObject","@id":"https:\/\/gruposae.online\/#personlogo","inLanguage":"es","url":"https:\/\/secure.gravatar.com\/avatar\/c46f05e54262093a8296c238813957ed?s=96&d=mm&r=g","contentUrl":"https:\/\/secure.gravatar.com\/avatar\/c46f05e54262093a8296c238813957ed?s=96&d=mm&r=g","caption":"admin"},"sameAs":["https:\/\/gruposae.online"]}]}},"_links":{"self":[{"href":"https:\/\/gruposae.online\/index.php\/wp-json\/wp\/v2\/posts\/441"}],"collection":[{"href":"https:\/\/gruposae.online\/index.php\/wp-json\/wp\/v2\/posts"}],"about":[{"href":"https:\/\/gruposae.online\/index.php\/wp-json\/wp\/v2\/types\/post"}],"author":[{"embeddable":true,"href":"https:\/\/gruposae.online\/index.php\/wp-json\/wp\/v2\/users\/1"}],"replies":[{"embeddable":true,"href":"https:\/\/gruposae.online\/index.php\/wp-json\/wp\/v2\/comments?post=441"}],"version-history":[{"count":1,"href":"https:\/\/gruposae.online\/index.php\/wp-json\/wp\/v2\/posts\/441\/revisions"}],"predecessor-version":[{"id":443,"href":"https:\/\/gruposae.online\/index.php\/wp-json\/wp\/v2\/posts\/441\/revisions\/443"}],"wp:featuredmedia":[{"embeddable":true,"href":"https:\/\/gruposae.online\/index.php\/wp-json\/wp\/v2\/media\/442"}],"wp:attachment":[{"href":"https:\/\/gruposae.online\/index.php\/wp-json\/wp\/v2\/media?parent=441"}],"wp:term":[{"taxonomy":"category","embeddable":true,"href":"https:\/\/gruposae.online\/index.php\/wp-json\/wp\/v2\/categories?post=441"},{"taxonomy":"post_tag","embeddable":true,"href":"https:\/\/gruposae.online\/index.php\/wp-json\/wp\/v2\/tags?post=441"}],"curies":[{"name":"wp","href":"https:\/\/api.w.org\/{rel}","templated":true}]}}