{"id":444,"date":"2017-05-23T15:50:14","date_gmt":"2017-05-23T15:50:14","guid":{"rendered":"https:\/\/gruposae.online\/?p=444"},"modified":"2021-09-17T15:51:04","modified_gmt":"2021-09-17T15:51:04","slug":"grupo-sae-a-traves-de-una-de-sus-empresas-inadi-estuvo-presente-en-las-jornadas-las-soluciones-globales-en-las-empresas-y-la-proteccion-patrimonial","status":"publish","type":"post","link":"https:\/\/gruposae.online\/index.php\/2017\/05\/23\/grupo-sae-a-traves-de-una-de-sus-empresas-inadi-estuvo-presente-en-las-jornadas-las-soluciones-globales-en-las-empresas-y-la-proteccion-patrimonial\/","title":{"rendered":"GRUPO SAE, A TRAV\u00c9S DE UNA DE SUS EMPRESAS INADI, ESTUVO PRESENTE EN LAS JORNADAS \u00abLAS SOLUCIONES GLOBALES EN LAS EMPRESAS Y LA PROTECCI\u00d3N PATRIMONIAL\u00bb"},"content":{"rendered":"<div>\n<p>Grupo Sae, a trav\u00e9s de una de sus empresas INNOVACION ANDALUZA DE DISE\u00d1O INDUSTRIAL(INADI), estuvo presente en las jornadas que Gestor\u00edas Aras, organiz\u00f3 sobre LAS SOLUCIONES GLOBALES EN LAS EMPRESAS Y LA PROTECCI\u00d3N PATRIMONIAL<\/p>\n<\/div>\n<div>\n<p>En este caso el Director General del Grupo Sae, tuvo a su cargo la ponencia sobre los contratos de formaci\u00f3n y aprendizaje.<\/p>\n<\/div>\n","protected":false},"excerpt":{"rendered":"<p>Grupo Sae, a trav\u00e9s de una de sus empresas INNOVACION ANDALUZA DE DISE\u00d1O INDUSTRIAL(INADI), estuvo presente en las jornadas que Gestor\u00edas Aras, organiz\u00f3 sobre LAS SOLUCIONES<span class=\"excerpt-hellip\"> [\u2026]<\/span><\/p>\n","protected":false},"author":1,"featured_media":445,"comment_status":"open","ping_status":"open","sticky":false,"template":"","format":"standard","meta":[],"categories":[1],"tags":[],"yoast_head":"<!-- This site is optimized with the Yoast SEO plugin v17.3 - https:\/\/yoast.com\/wordpress\/plugins\/seo\/ -->\n<title>GRUPO SAE, A TRAV\u00c9S DE UNA DE SUS EMPRESAS INADI, ESTUVO PRESENTE EN LAS JORNADAS &quot;LAS SOLUCIONES GLOBALES EN LAS EMPRESAS Y LA PROTECCI\u00d3N PATRIMONIAL&quot; - Grupo SAE<\/title>\n<meta name=\"robots\" content=\"index, follow, max-snippet:-1, max-image-preview:large, max-video-preview:-1\" \/>\n<link rel=\"canonical\" href=\"https:\/\/gruposae.online\/index.php\/2017\/05\/23\/grupo-sae-a-traves-de-una-de-sus-empresas-inadi-estuvo-presente-en-las-jornadas-las-soluciones-globales-en-las-empresas-y-la-proteccion-patrimonial\/\" \/>\n<meta property=\"og:locale\" content=\"es_ES\" \/>\n<meta property=\"og:type\" content=\"article\" \/>\n<meta property=\"og:title\" content=\"GRUPO SAE, A TRAV\u00c9S DE UNA DE SUS EMPRESAS INADI, ESTUVO PRESENTE EN LAS JORNADAS &quot;LAS SOLUCIONES GLOBALES EN LAS EMPRESAS Y LA PROTECCI\u00d3N PATRIMONIAL&quot; - Grupo SAE\" \/>\n<meta property=\"og:description\" content=\"Grupo Sae, a trav\u00e9s de una de sus empresas INNOVACION ANDALUZA DE DISE\u00d1O INDUSTRIAL(INADI), estuvo presente en las jornadas que Gestor\u00edas Aras, organiz\u00f3 sobre LAS SOLUCIONES [\u2026]\" \/>\n<meta property=\"og:url\" content=\"https:\/\/gruposae.online\/index.php\/2017\/05\/23\/grupo-sae-a-traves-de-una-de-sus-empresas-inadi-estuvo-presente-en-las-jornadas-las-soluciones-globales-en-las-empresas-y-la-proteccion-patrimonial\/\" \/>\n<meta property=\"og:site_name\" content=\"Grupo SAE\" \/>\n<meta property=\"article:published_time\" content=\"2017-05-23T15:50:14+00:00\" \/>\n<meta property=\"article:modified_time\" content=\"2021-09-17T15:51:04+00:00\" \/>\n<meta property=\"og:image\" content=\"https:\/\/gruposae.online\/wp-content\/uploads\/2021\/09\/542390225756f78888142d54f3d17e01_XL.jpg\" \/>\n\t<meta property=\"og:image:width\" content=\"1200\" \/>\n\t<meta property=\"og:image:height\" content=\"748\" \/>\n<meta name=\"twitter:card\" content=\"summary_large_image\" \/>\n<meta name=\"twitter:label1\" content=\"Escrito por\" \/>\n\t<meta name=\"twitter:data1\" content=\"admin\" \/>\n<script type=\"application\/ld+json\" class=\"yoast-schema-graph\">{\"@context\":\"https:\/\/schema.org\",\"@graph\":[{\"@type\":\"Organization\",\"@id\":\"https:\/\/gruposae.online\/#organization\",\"name\":\"Grupo SAE\",\"url\":\"https:\/\/gruposae.online\/\",\"sameAs\":[],\"logo\":{\"@type\":\"ImageObject\",\"@id\":\"https:\/\/gruposae.online\/#logo\",\"inLanguage\":\"es\",\"url\":\"https:\/\/gruposae.online\/wp-content\/uploads\/2021\/08\/logo-gruposae-header.png\",\"contentUrl\":\"https:\/\/gruposae.online\/wp-content\/uploads\/2021\/08\/logo-gruposae-header.png\",\"width\":335,\"height\":70,\"caption\":\"Grupo SAE\"},\"image\":{\"@id\":\"https:\/\/gruposae.online\/#logo\"}},{\"@type\":\"WebSite\",\"@id\":\"https:\/\/gruposae.online\/#website\",\"url\":\"https:\/\/gruposae.online\/\",\"name\":\"Grupo SAE\",\"description\":\"\",\"publisher\":{\"@id\":\"https:\/\/gruposae.online\/#organization\"},\"potentialAction\":[{\"@type\":\"SearchAction\",\"target\":{\"@type\":\"EntryPoint\",\"urlTemplate\":\"https:\/\/gruposae.online\/?s={search_term_string}\"},\"query-input\":\"required name=search_term_string\"}],\"inLanguage\":\"es\"},{\"@type\":\"ImageObject\",\"@id\":\"https:\/\/gruposae.online\/index.php\/2017\/05\/23\/grupo-sae-a-traves-de-una-de-sus-empresas-inadi-estuvo-presente-en-las-jornadas-las-soluciones-globales-en-las-empresas-y-la-proteccion-patrimonial\/#primaryimage\",\"inLanguage\":\"es\",\"url\":\"https:\/\/gruposae.online\/wp-content\/uploads\/2021\/09\/542390225756f78888142d54f3d17e01_XL.jpg\",\"contentUrl\":\"https:\/\/gruposae.online\/wp-content\/uploads\/2021\/09\/542390225756f78888142d54f3d17e01_XL.jpg\",\"width\":1200,\"height\":748},{\"@type\":\"WebPage\",\"@id\":\"https:\/\/gruposae.online\/index.php\/2017\/05\/23\/grupo-sae-a-traves-de-una-de-sus-empresas-inadi-estuvo-presente-en-las-jornadas-las-soluciones-globales-en-las-empresas-y-la-proteccion-patrimonial\/#webpage\",\"url\":\"https:\/\/gruposae.online\/index.php\/2017\/05\/23\/grupo-sae-a-traves-de-una-de-sus-empresas-inadi-estuvo-presente-en-las-jornadas-las-soluciones-globales-en-las-empresas-y-la-proteccion-patrimonial\/\",\"name\":\"GRUPO SAE, A TRAV\\u00c9S DE UNA DE SUS EMPRESAS INADI, ESTUVO PRESENTE EN LAS JORNADAS \\\"LAS SOLUCIONES GLOBALES EN LAS EMPRESAS Y LA PROTECCI\\u00d3N PATRIMONIAL\\\" - Grupo SAE\",\"isPartOf\":{\"@id\":\"https:\/\/gruposae.online\/#website\"},\"primaryImageOfPage\":{\"@id\":\"https:\/\/gruposae.online\/index.php\/2017\/05\/23\/grupo-sae-a-traves-de-una-de-sus-empresas-inadi-estuvo-presente-en-las-jornadas-las-soluciones-globales-en-las-empresas-y-la-proteccion-patrimonial\/#primaryimage\"},\"datePublished\":\"2017-05-23T15:50:14+00:00\",\"dateModified\":\"2021-09-17T15:51:04+00:00\",\"breadcrumb\":{\"@id\":\"https:\/\/gruposae.online\/index.php\/2017\/05\/23\/grupo-sae-a-traves-de-una-de-sus-empresas-inadi-estuvo-presente-en-las-jornadas-las-soluciones-globales-en-las-empresas-y-la-proteccion-patrimonial\/#breadcrumb\"},\"inLanguage\":\"es\",\"potentialAction\":[{\"@type\":\"ReadAction\",\"target\":[\"https:\/\/gruposae.online\/index.php\/2017\/05\/23\/grupo-sae-a-traves-de-una-de-sus-empresas-inadi-estuvo-presente-en-las-jornadas-las-soluciones-globales-en-las-empresas-y-la-proteccion-patrimonial\/\"]}]},{\"@type\":\"BreadcrumbList\",\"@id\":\"https:\/\/gruposae.online\/index.php\/2017\/05\/23\/grupo-sae-a-traves-de-una-de-sus-empresas-inadi-estuvo-presente-en-las-jornadas-las-soluciones-globales-en-las-empresas-y-la-proteccion-patrimonial\/#breadcrumb\",\"itemListElement\":[{\"@type\":\"ListItem\",\"position\":1,\"name\":\"Portada\",\"item\":\"https:\/\/gruposae.online\/\"},{\"@type\":\"ListItem\",\"position\":2,\"name\":\"GRUPO SAE, A TRAV\\u00c9S DE UNA DE SUS EMPRESAS INADI, ESTUVO PRESENTE EN LAS JORNADAS \\u00abLAS SOLUCIONES GLOBALES EN LAS EMPRESAS Y LA PROTECCI\\u00d3N PATRIMONIAL\\u00bb\"}]},{\"@type\":\"Article\",\"@id\":\"https:\/\/gruposae.online\/index.php\/2017\/05\/23\/grupo-sae-a-traves-de-una-de-sus-empresas-inadi-estuvo-presente-en-las-jornadas-las-soluciones-globales-en-las-empresas-y-la-proteccion-patrimonial\/#article\",\"isPartOf\":{\"@id\":\"https:\/\/gruposae.online\/index.php\/2017\/05\/23\/grupo-sae-a-traves-de-una-de-sus-empresas-inadi-estuvo-presente-en-las-jornadas-las-soluciones-globales-en-las-empresas-y-la-proteccion-patrimonial\/#webpage\"},\"author\":{\"@id\":\"https:\/\/gruposae.online\/#\/schema\/person\/d6fb6dc442a37fce8d62ef76e3d5066e\"},\"headline\":\"GRUPO SAE, A TRAV\\u00c9S DE UNA DE SUS EMPRESAS INADI, ESTUVO PRESENTE EN LAS JORNADAS \\u00abLAS SOLUCIONES GLOBALES EN LAS EMPRESAS Y LA PROTECCI\\u00d3N PATRIMONIAL\\u00bb\",\"datePublished\":\"2017-05-23T15:50:14+00:00\",\"dateModified\":\"2021-09-17T15:51:04+00:00\",\"mainEntityOfPage\":{\"@id\":\"https:\/\/gruposae.online\/index.php\/2017\/05\/23\/grupo-sae-a-traves-de-una-de-sus-empresas-inadi-estuvo-presente-en-las-jornadas-las-soluciones-globales-en-las-empresas-y-la-proteccion-patrimonial\/#webpage\"},\"wordCount\":89,\"commentCount\":0,\"publisher\":{\"@id\":\"https:\/\/gruposae.online\/#organization\"},\"image\":{\"@id\":\"https:\/\/gruposae.online\/index.php\/2017\/05\/23\/grupo-sae-a-traves-de-una-de-sus-empresas-inadi-estuvo-presente-en-las-jornadas-las-soluciones-globales-en-las-empresas-y-la-proteccion-patrimonial\/#primaryimage\"},\"thumbnailUrl\":\"https:\/\/gruposae.online\/wp-content\/uploads\/2021\/09\/542390225756f78888142d54f3d17e01_XL.jpg\",\"articleSection\":[\"Grupo SAE\"],\"inLanguage\":\"es\",\"potentialAction\":[{\"@type\":\"CommentAction\",\"name\":\"Comment\",\"target\":[\"https:\/\/gruposae.online\/index.php\/2017\/05\/23\/grupo-sae-a-traves-de-una-de-sus-empresas-inadi-estuvo-presente-en-las-jornadas-las-soluciones-globales-en-las-empresas-y-la-proteccion-patrimonial\/#respond\"]}]},{\"@type\":\"Person\",\"@id\":\"https:\/\/gruposae.online\/#\/schema\/person\/d6fb6dc442a37fce8d62ef76e3d5066e\",\"name\":\"admin\",\"image\":{\"@type\":\"ImageObject\",\"@id\":\"https:\/\/gruposae.online\/#personlogo\",\"inLanguage\":\"es\",\"url\":\"https:\/\/secure.gravatar.com\/avatar\/c46f05e54262093a8296c238813957ed?s=96&d=mm&r=g\",\"contentUrl\":\"https:\/\/secure.gravatar.com\/avatar\/c46f05e54262093a8296c238813957ed?s=96&d=mm&r=g\",\"caption\":\"admin\"},\"sameAs\":[\"https:\/\/gruposae.online\"]}]}<\/script>\n<!-- \/ Yoast SEO plugin. -->","yoast_head_json":{"title":"GRUPO SAE, A TRAV\u00c9S DE UNA DE SUS EMPRESAS INADI, ESTUVO PRESENTE EN LAS JORNADAS \"LAS SOLUCIONES GLOBALES EN LAS EMPRESAS Y LA PROTECCI\u00d3N PATRIMONIAL\" - Grupo SAE","robots":{"index":"index","follow":"follow","max-snippet":"max-snippet:-1","max-image-preview":"max-image-preview:large","max-video-preview":"max-video-preview:-1"},"canonical":"https:\/\/gruposae.online\/index.php\/2017\/05\/23\/grupo-sae-a-traves-de-una-de-sus-empresas-inadi-estuvo-presente-en-las-jornadas-las-soluciones-globales-en-las-empresas-y-la-proteccion-patrimonial\/","og_locale":"es_ES","og_type":"article","og_title":"GRUPO SAE, A TRAV\u00c9S DE UNA DE SUS EMPRESAS INADI, ESTUVO PRESENTE EN LAS JORNADAS \"LAS SOLUCIONES GLOBALES EN LAS EMPRESAS Y LA PROTECCI\u00d3N PATRIMONIAL\" - Grupo SAE","og_description":"Grupo Sae, a trav\u00e9s de una de sus empresas INNOVACION ANDALUZA DE DISE\u00d1O INDUSTRIAL(INADI), estuvo presente en las jornadas que Gestor\u00edas Aras, organiz\u00f3 sobre LAS SOLUCIONES [\u2026]","og_url":"https:\/\/gruposae.online\/index.php\/2017\/05\/23\/grupo-sae-a-traves-de-una-de-sus-empresas-inadi-estuvo-presente-en-las-jornadas-las-soluciones-globales-en-las-empresas-y-la-proteccion-patrimonial\/","og_site_name":"Grupo SAE","article_published_time":"2017-05-23T15:50:14+00:00","article_modified_time":"2021-09-17T15:51:04+00:00","og_image":[{"width":1200,"height":748,"url":"https:\/\/gruposae.online\/wp-content\/uploads\/2021\/09\/542390225756f78888142d54f3d17e01_XL.jpg","type":"image\/jpeg"}],"twitter_card":"summary_large_image","twitter_misc":{"Escrito por":"admin"},"schema":{"@context":"https:\/\/schema.org","@graph":[{"@type":"Organization","@id":"https:\/\/gruposae.online\/#organization","name":"Grupo SAE","url":"https:\/\/gruposae.online\/","sameAs":[],"logo":{"@type":"ImageObject","@id":"https:\/\/gruposae.online\/#logo","inLanguage":"es","url":"https:\/\/gruposae.online\/wp-content\/uploads\/2021\/08\/logo-gruposae-header.png","contentUrl":"https:\/\/gruposae.online\/wp-content\/uploads\/2021\/08\/logo-gruposae-header.png","width":335,"height":70,"caption":"Grupo SAE"},"image":{"@id":"https:\/\/gruposae.online\/#logo"}},{"@type":"WebSite","@id":"https:\/\/gruposae.online\/#website","url":"https:\/\/gruposae.online\/","name":"Grupo SAE","description":"","publisher":{"@id":"https:\/\/gruposae.online\/#organization"},"potentialAction":[{"@type":"SearchAction","target":{"@type":"EntryPoint","urlTemplate":"https:\/\/gruposae.online\/?s={search_term_string}"},"query-input":"required name=search_term_string"}],"inLanguage":"es"},{"@type":"ImageObject","@id":"https:\/\/gruposae.online\/index.php\/2017\/05\/23\/grupo-sae-a-traves-de-una-de-sus-empresas-inadi-estuvo-presente-en-las-jornadas-las-soluciones-globales-en-las-empresas-y-la-proteccion-patrimonial\/#primaryimage","inLanguage":"es","url":"https:\/\/gruposae.online\/wp-content\/uploads\/2021\/09\/542390225756f78888142d54f3d17e01_XL.jpg","contentUrl":"https:\/\/gruposae.online\/wp-content\/uploads\/2021\/09\/542390225756f78888142d54f3d17e01_XL.jpg","width":1200,"height":748},{"@type":"WebPage","@id":"https:\/\/gruposae.online\/index.php\/2017\/05\/23\/grupo-sae-a-traves-de-una-de-sus-empresas-inadi-estuvo-presente-en-las-jornadas-las-soluciones-globales-en-las-empresas-y-la-proteccion-patrimonial\/#webpage","url":"https:\/\/gruposae.online\/index.php\/2017\/05\/23\/grupo-sae-a-traves-de-una-de-sus-empresas-inadi-estuvo-presente-en-las-jornadas-las-soluciones-globales-en-las-empresas-y-la-proteccion-patrimonial\/","name":"GRUPO SAE, A TRAV\u00c9S DE UNA DE SUS EMPRESAS INADI, ESTUVO PRESENTE EN LAS JORNADAS \"LAS SOLUCIONES GLOBALES EN LAS EMPRESAS Y LA PROTECCI\u00d3N PATRIMONIAL\" - Grupo SAE","isPartOf":{"@id":"https:\/\/gruposae.online\/#website"},"primaryImageOfPage":{"@id":"https:\/\/gruposae.online\/index.php\/2017\/05\/23\/grupo-sae-a-traves-de-una-de-sus-empresas-inadi-estuvo-presente-en-las-jornadas-las-soluciones-globales-en-las-empresas-y-la-proteccion-patrimonial\/#primaryimage"},"datePublished":"2017-05-23T15:50:14+00:00","dateModified":"2021-09-17T15:51:04+00:00","breadcrumb":{"@id":"https:\/\/gruposae.online\/index.php\/2017\/05\/23\/grupo-sae-a-traves-de-una-de-sus-empresas-inadi-estuvo-presente-en-las-jornadas-las-soluciones-globales-en-las-empresas-y-la-proteccion-patrimonial\/#breadcrumb"},"inLanguage":"es","potentialAction":[{"@type":"ReadAction","target":["https:\/\/gruposae.online\/index.php\/2017\/05\/23\/grupo-sae-a-traves-de-una-de-sus-empresas-inadi-estuvo-presente-en-las-jornadas-las-soluciones-globales-en-las-empresas-y-la-proteccion-patrimonial\/"]}]},{"@type":"BreadcrumbList","@id":"https:\/\/gruposae.online\/index.php\/2017\/05\/23\/grupo-sae-a-traves-de-una-de-sus-empresas-inadi-estuvo-presente-en-las-jornadas-las-soluciones-globales-en-las-empresas-y-la-proteccion-patrimonial\/#breadcrumb","itemListElement":[{"@type":"ListItem","position":1,"name":"Portada","item":"https:\/\/gruposae.online\/"},{"@type":"ListItem","position":2,"name":"GRUPO SAE, A TRAV\u00c9S DE UNA DE SUS EMPRESAS INADI, ESTUVO PRESENTE EN LAS JORNADAS \u00abLAS SOLUCIONES GLOBALES EN LAS EMPRESAS Y LA PROTECCI\u00d3N PATRIMONIAL\u00bb"}]},{"@type":"Article","@id":"https:\/\/gruposae.online\/index.php\/2017\/05\/23\/grupo-sae-a-traves-de-una-de-sus-empresas-inadi-estuvo-presente-en-las-jornadas-las-soluciones-globales-en-las-empresas-y-la-proteccion-patrimonial\/#article","isPartOf":{"@id":"https:\/\/gruposae.online\/index.php\/2017\/05\/23\/grupo-sae-a-traves-de-una-de-sus-empresas-inadi-estuvo-presente-en-las-jornadas-las-soluciones-globales-en-las-empresas-y-la-proteccion-patrimonial\/#webpage"},"author":{"@id":"https:\/\/gruposae.online\/#\/schema\/person\/d6fb6dc442a37fce8d62ef76e3d5066e"},"headline":"GRUPO SAE, A TRAV\u00c9S DE UNA DE SUS EMPRESAS INADI, ESTUVO PRESENTE EN LAS JORNADAS \u00abLAS SOLUCIONES GLOBALES EN LAS EMPRESAS Y LA PROTECCI\u00d3N PATRIMONIAL\u00bb","datePublished":"2017-05-23T15:50:14+00:00","dateModified":"2021-09-17T15:51:04+00:00","mainEntityOfPage":{"@id":"https:\/\/gruposae.online\/index.php\/2017\/05\/23\/grupo-sae-a-traves-de-una-de-sus-empresas-inadi-estuvo-presente-en-las-jornadas-las-soluciones-globales-en-las-empresas-y-la-proteccion-patrimonial\/#webpage"},"wordCount":89,"commentCount":0,"publisher":{"@id":"https:\/\/gruposae.online\/#organization"},"image":{"@id":"https:\/\/gruposae.online\/index.php\/2017\/05\/23\/grupo-sae-a-traves-de-una-de-sus-empresas-inadi-estuvo-presente-en-las-jornadas-las-soluciones-globales-en-las-empresas-y-la-proteccion-patrimonial\/#primaryimage"},"thumbnailUrl":"https:\/\/gruposae.online\/wp-content\/uploads\/2021\/09\/542390225756f78888142d54f3d17e01_XL.jpg","articleSection":["Grupo SAE"],"inLanguage":"es","potentialAction":[{"@type":"CommentAction","name":"Comment","target":["https:\/\/gruposae.online\/index.php\/2017\/05\/23\/grupo-sae-a-traves-de-una-de-sus-empresas-inadi-estuvo-presente-en-las-jornadas-las-soluciones-globales-en-las-empresas-y-la-proteccion-patrimonial\/#respond"]}]},{"@type":"Person","@id":"https:\/\/gruposae.online\/#\/schema\/person\/d6fb6dc442a37fce8d62ef76e3d5066e","name":"admin","image":{"@type":"ImageObject","@id":"https:\/\/gruposae.online\/#personlogo","inLanguage":"es","url":"https:\/\/secure.gravatar.com\/avatar\/c46f05e54262093a8296c238813957ed?s=96&d=mm&r=g","contentUrl":"https:\/\/secure.gravatar.com\/avatar\/c46f05e54262093a8296c238813957ed?s=96&d=mm&r=g","caption":"admin"},"sameAs":["https:\/\/gruposae.online"]}]}},"_links":{"self":[{"href":"https:\/\/gruposae.online\/index.php\/wp-json\/wp\/v2\/posts\/444"}],"collection":[{"href":"https:\/\/gruposae.online\/index.php\/wp-json\/wp\/v2\/posts"}],"about":[{"href":"https:\/\/gruposae.online\/index.php\/wp-json\/wp\/v2\/types\/post"}],"author":[{"embeddable":true,"href":"https:\/\/gruposae.online\/index.php\/wp-json\/wp\/v2\/users\/1"}],"replies":[{"embeddable":true,"href":"https:\/\/gruposae.online\/index.php\/wp-json\/wp\/v2\/comments?post=444"}],"version-history":[{"count":1,"href":"https:\/\/gruposae.online\/index.php\/wp-json\/wp\/v2\/posts\/444\/revisions"}],"predecessor-version":[{"id":446,"href":"https:\/\/gruposae.online\/index.php\/wp-json\/wp\/v2\/posts\/444\/revisions\/446"}],"wp:featuredmedia":[{"embeddable":true,"href":"https:\/\/gruposae.online\/index.php\/wp-json\/wp\/v2\/media\/445"}],"wp:attachment":[{"href":"https:\/\/gruposae.online\/index.php\/wp-json\/wp\/v2\/media?parent=444"}],"wp:term":[{"taxonomy":"category","embeddable":true,"href":"https:\/\/gruposae.online\/index.php\/wp-json\/wp\/v2\/categories?post=444"},{"taxonomy":"post_tag","embeddable":true,"href":"https:\/\/gruposae.online\/index.php\/wp-json\/wp\/v2\/tags?post=444"}],"curies":[{"name":"wp","href":"https:\/\/api.w.org\/{rel}","templated":true}]}}